{"id":39476,"date":"2025-02-09T10:27:40","date_gmt":"2025-02-09T07:27:40","guid":{"rendered":"https:\/\/mersinkadingazetesi.com\/?p=39476"},"modified":"2025-02-09T10:27:41","modified_gmt":"2025-02-09T07:27:41","slug":"siyasi-ikbalimizi-degil-memleketimizin-ikbalini-on-plana-koyarak-gorev-yapiyoruz","status":"publish","type":"post","link":"https:\/\/mersinkadingazetesi.com\/?p=39476","title":{"rendered":"&#8220;S\u0130YAS\u0130 \u0130KBAL\u0130M\u0130Z\u0130 DE\u011e\u0130L, MEMLEKET\u0130M\u0130Z\u0130N \u0130KBAL\u0130N\u0130 \u00d6N PLANA KOYARAK G\u00d6REV YAPIYORUZ&#8221;"},"content":{"rendered":"\n<p>Mersin B\u00fcy\u00fck\u015fehir Belediye Ba\u015fkan\u0131 Vahap Se\u00e7er ve Meral Se\u00e7er; Cumhurba\u015fkanl\u0131\u011f\u0131 Kararnamesi ile Afet ve Acil Durum Y\u00f6netimi (AFAD) Ba\u015fkan\u0131 olarak atanan Mersin Valisi Ali Hamza Pehlivan i\u00e7in Mersin Ticaret ve Sanayi Odas\u0131 (MTSO), Mersin Ticaret Borsas\u0131 (MTB), Mersin Tarsus Organize Sanayi B\u00f6lgesi (MTOSB) ile Mersin Yat\u0131r\u0131mc\u0131 \u0130\u015f \u0130nsanlar\u0131 Derne\u011fi (MERYAD) taraf\u0131ndan d\u00fczenlenen&nbsp;<strong><em>&#8216;Veda Yeme\u011fi Program\u0131&#8217;<\/em><\/strong>na kat\u0131ld\u0131.<\/p>\n\n\n\n<p>Veda Yeme\u011fi Program\u0131&#8217;na; Mersin Valisi Ali Hamza Pehlivan ve e\u015fi Y\u0131ld\u0131z Pehlivan, Akdeniz B\u00f6lge ve Garnizon Komutan\u0131 Tu\u011famiral Ali Tuna Baysal, Mersin B\u00fcy\u00fck\u015fehir Belediye Ba\u015fkan\u0131 Vahap Se\u00e7er ve e\u015fi Meral Se\u00e7er, Osmaniye Belediye Ba\u015fkan\u0131 \u0130brahim \u00c7enet, milletvekilleri, siyasi parti temsilcileri, sivil toplum kurulu\u015flar\u0131, dernek ve odalar\u0131n temsilcileri ile kent protokol\u00fc kat\u0131l\u0131m sa\u011flad\u0131. Veda Yeme\u011fi Program\u0131; sayg\u0131 duru\u015fu ve \u0130stiklal Mar\u015f\u0131&#8217;n\u0131n okunmas\u0131yla ba\u015flad\u0131.<\/p>\n\n\n\n<p><strong>Ba\u015fkan Se\u00e7er: &#8220;Burada g\u00f6rev yapan b\u00fcrokratlar\u0131m\u0131z Mersin&#8217;in \u00f6zg\u00fcl a\u011f\u0131rl\u0131\u011f\u0131na uygun b\u00fcrokratlard\u0131r&#8221;<\/strong><\/p>\n\n\n\n<p>Vali Ali Hamza Pehlivan&#8217;a yeni g\u00f6revinde ba\u015far\u0131lar dileyen Ba\u015fkan Se\u00e7er; se\u00e7ilmi\u015fler, b\u00fcrokratlar ve siyasiler olarak herkesin ortak derdinin Mersin&#8217;e hizmet oldu\u011funu s\u00f6yledi. Se\u00e7er, Mersin&#8217;in ekonomisinden sosyal ya\u015fant\u0131s\u0131na kadar T\u00fcrkiye i\u00e7in olduk\u00e7a \u00f6nemli bir kent oldu\u011funa vurgu yaparak,&nbsp;<strong>&#8220;Burada g\u00f6rev alacak olan, buraya g\u00f6revlendirilecek b\u00fcrokratlar\u0131n, bu \u00f6zg\u00fcl a\u011f\u0131rl\u0131ktaki kenti kendi g\u00f6rev alan\u0131 i\u00e7erisinde y\u00f6netebilecek birikimde ve kabiliyette olmas\u0131na dikkat ederler. Her b\u00fcrokrat de\u011ferlidir ama her b\u00fcrokrat\u0131n kabiliyet ve yeterlik alan\u0131, liyakati farkl\u0131d\u0131r. Mersin liyakatsiz bir siyaset\u00e7iyi, liyakatsiz bir b\u00fcrokrat\u0131 kald\u0131racak bir \u015fehir de\u011fildir. Bu nedenle burada g\u00f6rev yapan t\u00fcm b\u00fcrokratlar\u0131m\u0131z, Mersin&#8217;in bu \u00f6zg\u00fcl a\u011f\u0131rl\u0131\u011f\u0131na uygun b\u00fcrokratlard\u0131r. E\u011fer bu s\u00f6yledi\u011fim \u015fartlara haiz siyasiler g\u00f6reve geliyorsa ve se\u00e7iliyorsa, bu durum \u015fehir a\u00e7\u0131s\u0131ndan son derece b\u00fcy\u00fck bir \u015fanst\u0131r. Ama bunun tam tersi oluyorsa kaybedilmi\u015f y\u0131llar\u0131 konu\u015furuz&#8221;&nbsp;<\/strong>dedi.<\/p>\n\n\n\n<p><strong>&#8220;Etkin g\u00f6rev yapan siyasilerin, b\u00fcrokratlar\u0131n ve vatanda\u015flar\u0131m\u0131z\u0131n Mersin i\u00e7in de\u011ferlendirmeleri benim i\u00e7in \u00f6nemlidir&#8221;<\/strong><\/p>\n\n\n\n<p>Se\u00e7er, konu\u015fmas\u0131n\u0131;&nbsp;<strong>&#8220;Yakla\u015f\u0131k bir ay \u00f6nce Mersin \u0130l Kongresi&#8217;ni televizyon ekranlar\u0131ndan izlerken; ana muhalefet partisinin belediye ba\u015fkan\u0131 olarak konu\u015fuyorum; tabi ki se\u00e7im sath\u0131 mailinde sand\u0131kta rakibiz ama ben Mersin B\u00fcy\u00fck\u015fehir Belediye Ba\u015fkan\u0131y\u0131m. Say\u0131n Cumhurba\u015fkan\u0131&#8217;n\u0131n Mersin ile ilgili de\u011ferlendirmelerini \u00f6nemli buluyorum. Etkin g\u00f6rev yapan siyasilerin, b\u00fcrokratlar\u0131n ve vatanda\u015flar\u0131m\u0131z\u0131n Mersin i\u00e7in de\u011ferlendirmeleri \u00f6nemlidir, E\u011fer Mersin i\u00e7in herkes ortakla\u015fm\u0131\u015f gibi;&nbsp;<em>&#8216;Mersin huzur kenti, bar\u0131\u015f kenti, d\u00fcnyaya beraber ya\u015fama ve hukuk dersi veriyor. Bir arada ya\u015faman\u0131n, T\u00fcrkiye&#8217;nin birli\u011finin ve beraberli\u011finin teminat\u0131, T\u00fcrkiye&#8217;nin ve milletimizin huzurunun g\u00fcvencesi&#8217;<\/em>&nbsp;diye bir c\u00fcmle kurabiliyorsa bunu s\u00f6yleten i\u015fte burada bir arada olan haz\u0131run, ekonomi ve i\u015f d\u00fcnyas\u0131 ve kentin di\u011fer kurum ve kurulu\u015flard\u0131r&#8221;<\/strong>&nbsp;c\u00fcmleleriyle s\u00fcrd\u00fcrd\u00fc.<\/p>\n\n\n\n<p><strong>&#8220;Siyasi ikbalimizi de\u011fil, memleketimizin ikbalini \u00f6n plana koyarak g\u00f6rev yap\u0131yoruz&#8221;<\/strong><\/p>\n\n\n\n<p>Mersin ile ilgili vatanda\u015flar nezdinde olu\u015fan bu huzur ve g\u00fcven alg\u0131s\u0131nda siyasiler ve b\u00fcrokratlar\u0131n \u00f6neminin b\u00fcy\u00fck oldu\u011funa de\u011finen Se\u00e7er,&nbsp;<strong>&#8220;Bu hepimizin ortak \u00fcr\u00fcn\u00fcd\u00fcr. Burada g\u00fczel bir \u015fey varsa tabi ki b\u00fct\u00fcn bu kurumlar\u0131 bir harmoni i\u00e7erisinde y\u00f6neten Say\u0131n Valimizdir. Onun nezdinde ba\u015fta kendisine ve di\u011fer b\u00fcrokrat arkada\u015flar\u0131m\u0131za, bir se\u00e7ilmi\u015f olarak \u00e7ok te\u015fekk\u00fcr ediyorum. Bizler de bu g\u00fczel ahenkli \u00e7al\u0131\u015fmaya bir siyasi olarak her \u015feyden \u00f6te siyasi ikbalimizi \u00f6ne koyarak de\u011fil, memleketimizin ikbalini ve istikbalini \u00f6n plana koyarak g\u00f6rev yapt\u0131\u011f\u0131m\u0131za inan\u0131yorum. Zaten \u00f6yle olmasayd\u0131 Mersin halk\u0131 bir y\u0131l \u00f6nce farkl\u0131 bir tercih ortaya koyard\u0131. Bu a\u00e7\u0131dan Mersin&#8217;i \u015fansl\u0131 addediyorum&#8221;&nbsp;<\/strong>ifadelerini kulland\u0131.<\/p>\n\n\n\n<p><strong>Se\u00e7er&#8217;den Pehlivan&#8217;a: &#8220;Mersin&#8217;e emeklerinizden dolay\u0131 kentim ad\u0131na te\u015fekk\u00fcr ediyorum&#8221;<\/strong><\/p>\n\n\n\n<p>Se\u00e7er, Mersin&#8217;in; T\u00fcrkiye&#8217;nin her yerinden, farkl\u0131 renklerde insanlar\u0131n karde\u015f\u00e7e, el ele, birlik ve beraberlik i\u00e7erisinde ya\u015fad\u0131\u011f\u0131, T\u00fcrkiye&#8217;ye \u00f6rnek bir kent oldu\u011funu s\u00f6yleyerek konu\u015fmas\u0131n\u0131 s\u00fcrd\u00fcrd\u00fc. Se\u00e7er,&nbsp;<strong>&#8220;Bu bereketimiz, birli\u011fimiz ve beraberli\u011fimiz daim olsun. Say\u0131n Valimize AFAD&#8217;daki g\u00f6revinde ba\u015far\u0131lar diliyorum. B\u00f6yle bir kurumun ba\u015f\u0131nda art\u0131k Mersinli bir hem\u015fehrimiz var ve Ankara&#8217;da da bir kap\u0131m\u0131z olacak. Buna can\u0131 y\u00fcrekten inan\u0131yoruz. \u0130leti\u015fimi ve insanlara temas\u0131yla da bunu dedirtmeyi hak eden Say\u0131n Valimiz var. Ailenizle beraber huzurlu, mutlu, nice g\u00fczel, de\u011ferli g\u00f6revlerin nasip olmas\u0131n\u0131 diliyorum. Ba\u015far\u0131l\u0131 \u00e7al\u0131\u015fmalar\u0131n\u0131z\u0131n yeni g\u00f6rev alan\u0131nda da devam edece\u011fine can\u0131 y\u00fcrekten inan\u0131yorum. Mersin i\u00e7in bug\u00fcne kadar verdi\u011finiz emeklerden dolay\u0131 kentim ad\u0131na \u00e7ok te\u015fekk\u00fcr ediyorum&#8221;&nbsp;<\/strong>dedi.<\/p>\n\n\n\n<p><strong>Pehlivan: &#8220;\u0130yi ki Mersin&#8217;e gelmi\u015fiz&#8221;<\/strong><\/p>\n\n\n\n<p>AFAD Ba\u015fkanl\u0131\u011f\u0131na atanan Vali Ali Hamza Pehlivan da, yakla\u015f\u0131k 3 y\u0131l s\u00fcren g\u00f6rev s\u00fcreci boyunca Mersin&#8217;le ilgili edindi\u011fi izlenim ve de\u011ferlendirmelerini aktard\u0131. Pehlivan,&nbsp;<strong>&#8220;Mersin&#8217;in her bir k\u00f6\u015fesinde ayr\u0131 bir de\u011fer, ayr\u0131 bir \u00f6zellik ve g\u00fczellik var. Mersin, b\u00fct\u00fcn bu \u00f6zelliklerin ve g\u00fczelliklerin bir ahenk i\u00e7erisinde b\u00fct\u00fcnl\u00fck arz etti\u011fi bir tablo. Yani bir \u015fehirde;&nbsp;<em>&#8216;\u015eu da olsa iyi olur!&#8217;<\/em>&nbsp;diyece\u011finiz her \u015fey Mersin&#8217;de var. \u0130yi ki Mersin&#8217;e gelmi\u015fiz, iyi ki Mersinli olmu\u015fuz ve iyi ki Mersinli sizin gibi sayg\u0131de\u011fer hem\u015fehrilerimizi ve vatanda\u015flar\u0131m\u0131z\u0131 tan\u0131m\u0131\u015f\u0131z&#8221;&nbsp;<\/strong>dedi. Birlikte g\u00f6rev yapt\u0131klar\u0131 t\u00fcm b\u00fcrokratlara te\u015fekk\u00fcrlerini sunan Pehlivan,<strong>&nbsp;&#8220;Biz burada b\u00f6yle bir g\u00fczel tablo ortaya koyabildiysek bu hep birlikte, herkesin katk\u0131s\u0131yla ve g\u00f6n\u00fclden yakla\u015f\u0131m\u0131yla olu\u015fmu\u015ftur. Biz Mersinimizi ve hem\u015fehrilerimizi sevdik ve sevmeye de devam edece\u011fiz&#8221;&nbsp;<\/strong>diye belirtti.<\/p>\n\n\n\n<p>Yemekte ayr\u0131ca; AK Parti Mersin Milletvekili Ali K\u0131ratl\u0131, MTSO Y\u00f6netim Kurulu Ba\u015fkan\u0131 Hakan Sefa \u00c7ak\u0131r, MTB Ba\u015fkan\u0131 Abdullah \u00d6zdemir, MTSO Meclis Ba\u015fkan\u0131 Hamit \u0130zol ile MERYAD Ba\u015fkan\u0131 Co\u015fkun Do\u011fmu\u015f, birer konu\u015fma yapt\u0131. Konu\u015fmalar\u0131n ard\u0131ndan protokol \u00fcyeleri taraf\u0131ndan Mersin Valisi Ali Hamza Pehlivan&#8217;a hediye takdimi yap\u0131ld\u0131. Ba\u015fkan Se\u00e7er ve Meral Se\u00e7er de Vali Pehlivan ve e\u015fi Y\u0131ld\u0131z Pehlivan ile veda foto\u011fraf\u0131 \u00e7ektirdi.<\/p>\n","protected":false},"excerpt":{"rendered":"<p>Mersin B\u00fcy\u00fck\u015fehir Belediye Ba\u015fkan\u0131 Vahap Se\u00e7er ve Meral Se\u00e7er; Cumhurba\u015fkanl\u0131\u011f\u0131 Kararnamesi ile Afet ve Acil Durum Y\u00f6netimi (AFAD) Ba\u015fkan\u0131 olarak atanan Mersin Valisi Ali Hamza Pehlivan i\u00e7in Mersin Ticaret ve Sanayi Odas\u0131 (MTSO), Mersin Ticaret Borsas\u0131 (MTB), Mersin Tarsus Organize Sanayi B\u00f6lgesi (MTOSB) ile Mersin Yat\u0131r\u0131mc\u0131 \u0130\u015f \u0130nsanlar\u0131 Derne\u011fi (MERYAD) taraf\u0131ndan d\u00fczenlenen&nbsp;&#8216;Veda Yeme\u011fi Program\u0131&#8217;na kat\u0131ld\u0131. [&hellip;]<\/p>\n","protected":false},"author":2,"featured_media":39477,"comment_status":"closed","ping_status":"closed","sticky":false,"template":"","format":"standard","meta":{"footnotes":""},"categories":[34,3,5],"tags":[],"class_list":["post-39476","post","type-post","status-publish","format-standard","has-post-thumbnail","hentry","category-flas-haber","category-manset","category-mersin"],"views":1,"_links":{"self":[{"href":"https:\/\/mersinkadingazetesi.com\/index.php?rest_route=\/wp\/v2\/posts\/39476"}],"collection":[{"href":"https:\/\/mersinkadingazetesi.com\/index.php?rest_route=\/wp\/v2\/posts"}],"about":[{"href":"https:\/\/mersinkadingazetesi.com\/index.php?rest_route=\/wp\/v2\/types\/post"}],"author":[{"embeddable":true,"href":"https:\/\/mersinkadingazetesi.com\/index.php?rest_route=\/wp\/v2\/users\/2"}],"replies":[{"embeddable":true,"href":"https:\/\/mersinkadingazetesi.com\/index.php?rest_route=%2Fwp%2Fv2%2Fcomments&post=39476"}],"version-history":[{"count":1,"href":"https:\/\/mersinkadingazetesi.com\/index.php?rest_route=\/wp\/v2\/posts\/39476\/revisions"}],"predecessor-version":[{"id":39478,"href":"https:\/\/mersinkadingazetesi.com\/index.php?rest_route=\/wp\/v2\/posts\/39476\/revisions\/39478"}],"wp:featuredmedia":[{"embeddable":true,"href":"https:\/\/mersinkadingazetesi.com\/index.php?rest_route=\/wp\/v2\/media\/39477"}],"wp:attachment":[{"href":"https:\/\/mersinkadingazetesi.com\/index.php?rest_route=%2Fwp%2Fv2%2Fmedia&parent=39476"}],"wp:term":[{"taxonomy":"category","embeddable":true,"href":"https:\/\/mersinkadingazetesi.com\/index.php?rest_route=%2Fwp%2Fv2%2Fcategories&post=39476"},{"taxonomy":"post_tag","embeddable":true,"href":"https:\/\/mersinkadingazetesi.com\/index.php?rest_route=%2Fwp%2Fv2%2Ftags&post=39476"}],"curies":[{"name":"wp","href":"https:\/\/api.w.org\/{rel}","templated":true}]}}