{"id":39479,"date":"2025-02-09T10:29:47","date_gmt":"2025-02-09T07:29:47","guid":{"rendered":"https:\/\/mersinkadingazetesi.com\/?p=39479"},"modified":"2025-02-09T10:29:48","modified_gmt":"2025-02-09T07:29:48","slug":"il-milli-egitim-muduru-fazilet-durmus-1-mersin-kitap-ve-kultur-gunlerinin-acilis-programina-katildi","status":"publish","type":"post","link":"https:\/\/mersinkadingazetesi.com\/?p=39479","title":{"rendered":"\u0130L M\u0130LL\u00ce E\u011e\u0130T\u0130M M\u00dcD\u00dcR\u00dc FAZ\u0130LET DURMU\u015e, 1. MERS\u0130N K\u0130TAP VE K\u00dcLT\u00dcR G\u00dcNLER\u0130&#8217;N\u0130N A\u00c7ILI\u015e PROGRAMINA KATILDI\u00a0"},"content":{"rendered":"\n<p>\u0130l Mill\u00ee E\u011fitim M\u00fcd\u00fcr\u00fc Fazilet Durmu\u015f; Mersin Valili\u011fimizin himayelerinde \u0130l K\u00fclt\u00fcr ve Turizm M\u00fcd\u00fcrl\u00fc\u011f\u00fc ile M\u00fcd\u00fcrl\u00fc\u011f\u00fcm\u00fcz\u00fcn d\u00fczenledi\u011fi, \u00f6nemli yazarlar ve yay\u0131nevlerinin yer ald\u0131\u011f\u0131 1. Mersin Kitap ve K\u00fclt\u00fcr G\u00fcnleri&#8217;nin a\u00e7\u0131l\u0131\u015f program\u0131na kat\u0131ld\u0131.<\/p>\n\n\n\n<p>Anadolu Yazarlar Derne\u011fi Ba\u015fkan\u0131 G\u00fcl\u015fen Gazel&#8217;in a\u00e7\u0131l\u0131\u015f konu\u015fmas\u0131 ve \u00f6\u011frencilere y\u00f6nelik ilham verici s\u00f6zleriyle ba\u015flayan program, \u0130l K\u00fclt\u00fcr ve Turizm M\u00fcd\u00fcr\u00fc Hakan Do\u011fanay&#8217;\u0131n ev sahipli\u011finde ger\u00e7ekle\u015fti. Do\u011fanay, etkinli\u011fin \u00f6nemine de\u011finerek, &#8220;Bu t\u00fcr etkinlikler, k\u00fclt\u00fcr\u00fcm\u00fcz\u00fc ya\u015fatmak ve gelecek nesillere aktarmak i\u00e7in b\u00fcy\u00fck \u00f6nem ta\u015f\u0131yor,&#8221; dedi. Do\u011fanay, a\u00e7\u0131l\u0131\u015f program\u0131na kat\u0131lan ve destek olan herkese te\u015fekk\u00fcr ederek t\u00fcm halk\u0131m\u0131z\u0131 1. Mersin Kitap ve K\u00fclt\u00fcr G\u00fcnleri&#8217;ne davet etti.<\/p>\n\n\n\n<p>Programda Halk Sanat\u00e7\u0131s\u0131 Ali R\u0131za \u00d6zdemir, Halk t\u00fcrk\u00fclerimizi seslendirdi, t\u00fcrk\u00fclere kat\u0131l\u0131mc\u0131lar da e\u015flik etti.<\/p>\n\n\n\n<p>Program, a\u00e7\u0131l\u0131\u015f kurdelesinin kesilmesi ve kitap stantlar\u0131n\u0131n gezilmesiyle sona erdi.<\/p>\n\n\n\n<p>Etkinli\u011fe kat\u0131lan ve stantlar\u0131 tek tek gezerek t\u00fcm yazarlarla sohbet eden \u0130l Mill\u00ee E\u011fitim M\u00fcd\u00fcr\u00fc Fazilet Durmu\u015f, kitaplar\u0131n ve k\u00fclt\u00fcr\u00fcn \u00f6nemine vurgu yaparak, bu anlaml\u0131 organizasyondan ve orada yer almaktan duydu\u011fu memnuniyeti dile getirdi.<\/p>\n\n\n\n<p>A\u00e7\u0131l\u0131\u015f program\u0131na Mersin \u0130l Jandarma Komutan\u0131 Say\u0131n Tu\u011fgeneral Ercan Atasoy, B\u00fcy\u00fck\u015fehir Belediyesi K\u00fclt\u00fcr ve Sosyal \u0130\u015fler Daire Ba\u015fkan\u0131 Bengi \u0130spir \u00d6zd\u00fclger, \u0130l Mill\u00ee E\u011fitim M\u00fcd\u00fcr\u00fc Fazilet Durmu\u015f, \u0130l K\u00fclt\u00fcr ve Turizm M\u00fcd\u00fcr\u00fc Hakan Do\u011fanay, \u0130l G\u00f6\u00e7 \u0130daresi M\u00fcd\u00fcr\u00fc Zeki Af\u015fin Buzcu, \u0130l Sanayi ve Teknoloji M\u00fcd\u00fcr\u00fc Hasan G\u00fcl, Mersin Ticaret \u0130l M\u00fcd\u00fcr\u00fc Ferhat S\u00fcmer, Mersin Kent Tarihi M\u00fczesi Kurucusu Mustafa Erim, Mersin T\u00fcrkiye Dil ve Edebiyat Derne\u011fi Ba\u015fkan\u0131 Muharrem K\u00f6se, Anadolu Yazarlar Derne\u011fi Ba\u015fkan\u0131 G\u00fcl\u015fen Gazel, \u00f6\u011fretmenler ve \u00f6\u011frenciler kat\u0131ld\u0131.<\/p>\n\n\n\n<p><a href=\"https:\/\/mersin.meb.gov.tr\/meb_iys_dosyalar\/2025_02\/07145753_whatsappimage20250207at14.40.096.jpg\" target=\"_blank\" rel=\"noreferrer noopener\"><\/a><\/p>\n","protected":false},"excerpt":{"rendered":"<p>\u0130l Mill\u00ee E\u011fitim M\u00fcd\u00fcr\u00fc Fazilet Durmu\u015f; Mersin Valili\u011fimizin himayelerinde \u0130l K\u00fclt\u00fcr ve Turizm M\u00fcd\u00fcrl\u00fc\u011f\u00fc ile M\u00fcd\u00fcrl\u00fc\u011f\u00fcm\u00fcz\u00fcn d\u00fczenledi\u011fi, \u00f6nemli yazarlar ve yay\u0131nevlerinin yer ald\u0131\u011f\u0131 1. Mersin Kitap ve K\u00fclt\u00fcr G\u00fcnleri&#8217;nin a\u00e7\u0131l\u0131\u015f program\u0131na kat\u0131ld\u0131. Anadolu Yazarlar Derne\u011fi Ba\u015fkan\u0131 G\u00fcl\u015fen Gazel&#8217;in a\u00e7\u0131l\u0131\u015f konu\u015fmas\u0131 ve \u00f6\u011frencilere y\u00f6nelik ilham verici s\u00f6zleriyle ba\u015flayan program, \u0130l K\u00fclt\u00fcr ve Turizm M\u00fcd\u00fcr\u00fc Hakan Do\u011fanay&#8217;\u0131n [&hellip;]<\/p>\n","protected":false},"author":2,"featured_media":39480,"comment_status":"closed","ping_status":"closed","sticky":false,"template":"","format":"standard","meta":{"footnotes":""},"categories":[3],"tags":[],"class_list":["post-39479","post","type-post","status-publish","format-standard","has-post-thumbnail","hentry","category-manset"],"views":10,"_links":{"self":[{"href":"https:\/\/mersinkadingazetesi.com\/index.php?rest_route=\/wp\/v2\/posts\/39479"}],"collection":[{"href":"https:\/\/mersinkadingazetesi.com\/index.php?rest_route=\/wp\/v2\/posts"}],"about":[{"href":"https:\/\/mersinkadingazetesi.com\/index.php?rest_route=\/wp\/v2\/types\/post"}],"author":[{"embeddable":true,"href":"https:\/\/mersinkadingazetesi.com\/index.php?rest_route=\/wp\/v2\/users\/2"}],"replies":[{"embeddable":true,"href":"https:\/\/mersinkadingazetesi.com\/index.php?rest_route=%2Fwp%2Fv2%2Fcomments&post=39479"}],"version-history":[{"count":1,"href":"https:\/\/mersinkadingazetesi.com\/index.php?rest_route=\/wp\/v2\/posts\/39479\/revisions"}],"predecessor-version":[{"id":39481,"href":"https:\/\/mersinkadingazetesi.com\/index.php?rest_route=\/wp\/v2\/posts\/39479\/revisions\/39481"}],"wp:featuredmedia":[{"embeddable":true,"href":"https:\/\/mersinkadingazetesi.com\/index.php?rest_route=\/wp\/v2\/media\/39480"}],"wp:attachment":[{"href":"https:\/\/mersinkadingazetesi.com\/index.php?rest_route=%2Fwp%2Fv2%2Fmedia&parent=39479"}],"wp:term":[{"taxonomy":"category","embeddable":true,"href":"https:\/\/mersinkadingazetesi.com\/index.php?rest_route=%2Fwp%2Fv2%2Fcategories&post=39479"},{"taxonomy":"post_tag","embeddable":true,"href":"https:\/\/mersinkadingazetesi.com\/index.php?rest_route=%2Fwp%2Fv2%2Ftags&post=39479"}],"curies":[{"name":"wp","href":"https:\/\/api.w.org\/{rel}","templated":true}]}}