{"id":39488,"date":"2025-02-09T10:35:10","date_gmt":"2025-02-09T07:35:10","guid":{"rendered":"https:\/\/mersinkadingazetesi.com\/?p=39488"},"modified":"2025-02-09T10:35:10","modified_gmt":"2025-02-09T07:35:10","slug":"mersin-yenisehirde-depremde-kaybolan-cocuklar-anisina-anit-yapildi","status":"publish","type":"post","link":"https:\/\/mersinkadingazetesi.com\/?p=39488","title":{"rendered":"Mersin Yeni\u015fehir\u2019de depremde kaybolan \u00e7ocuklar an\u0131s\u0131na an\u0131t yap\u0131ld\u0131"},"content":{"rendered":"\n<p>Mersin Yeni\u015fehir Belediyesi taraf\u0131ndan 6 \u015eubat depremlerinde kaybolan \u00e7ocuklar\u0131n an\u0131s\u0131na yap\u0131lan an\u0131t a\u00e7\u0131ld\u0131. Yeni\u015fehir Belediye Ba\u015fkan\u0131 Abdullah \u00d6zyi\u011fit, <strong>\u201cBu an\u0131t\u0131n ya\u015fad\u0131\u011f\u0131m\u0131z b\u00fcy\u00fck felaketi unutmamak ve herkesin de ders alarak, sorumluluk i\u00e7inde davranmas\u0131na vesile olmas\u0131n\u0131 diliyorum.\u201d<\/strong> dedi.<\/p>\n\n\n\n<p><a><\/a> Mersin Yeni\u015fehir Belediyesi, 50. Y\u0131l Mahallesi\u2019ndeki bir parka 6 \u015eubat Kay\u0131p \u00c7ocuklar Park\u0131 ad\u0131n\u0131 verdi. Parka ayr\u0131ca 6 \u015eubat depremlerinde kaybolan \u00e7ocuklar\u0131n an\u0131s\u0131na yap\u0131lan an\u0131t da yerle\u015ftirildi. Parkta yap\u0131lan anma program\u0131na Yeni\u015fehir Belediye Ba\u015fkan\u0131 Abdullah \u00d6zyi\u011fit\u2019in yan\u0131 s\u0131ra CHP Mersin Milletvekili Hasan Ufuk \u00c7ak\u0131r, Toroslar Belediye Ba\u015fkan\u0131 Abdurrahman Y\u0131ld\u0131z, Mersin \u00c7ocuk Haklar\u0131 Derne\u011fi Ba\u015fkan\u0131 Sabahat Aslan, sivil toplum kurulu\u015flar\u0131 temsilcileri, belediye meclis \u00fcyeleri, muhtarlar ve vatanda\u015flar kat\u0131ld\u0131.<\/p>\n\n\n\n<p><strong>&#8220;Bu felaketi unutmamak ve ders \u00e7\u0131karmak zorunday\u0131z&#8221;<\/strong><\/p>\n\n\n\n<p>Programda konu\u015fan Yeni\u015fehir Belediye Ba\u015fkan\u0131 Abdullah \u00d6zyi\u011fit, deprem felaketinin unutulmamas\u0131 gerekti\u011fine vurgu yaparak \u015funlar\u0131 s\u00f6yledi: <strong>&#8220;Bug\u00fcn Say\u0131n Genel Ba\u015fkan\u0131m\u0131z \u00d6zg\u00fcr \u00d6zel ile Hatay\u2019dayd\u0131k. Orada ac\u0131lar oldu\u011fu gibi duruyor. Yaralar\u0131n sar\u0131lma h\u0131z\u0131 \u00e7ok yava\u015f, \u00e7ok \u00fcz\u00fcnt\u00fc verici. Bu kentlerin aya\u011fa kald\u0131r\u0131lmas\u0131 laz\u0131m. Deprem s\u00fcresince Yeni\u015fehirliler olarak, Mersinliler olarak gerek b\u00f6lgeye giderek, gerek b\u00f6lgeden gelen vatanda\u015flar\u0131m\u0131z\u0131 a\u011f\u0131rlayarak elimizden gelen gayreti g\u00f6sterdik. Deprem sonras\u0131 7 ay boyunca 1200 depremzedeyi misafir ettik.&#8221;<\/strong><\/p>\n\n\n\n<p>\u201c<strong>Maalesef b\u00f6lgede ac\u0131lar devam ediyor.&#8221;<\/strong><\/p>\n\n\n\n<p>Depremde hayat\u0131n\u0131 kaybedenlerin yan\u0131 s\u0131ra kay\u0131plar\u0131n da oldu\u011funu hat\u0131rlatan \u00d6zyi\u011fit, ya\u015fanan ac\u0131n\u0131n tarifsiz oldu\u011funu belirterek, <strong>&#8220;Vefat ya\u015fam\u0131n bir ger\u00e7e\u011fi ama cenazenize ula\u015fam\u0131yorsan\u0131z, mezarl\u0131\u011fa gidemiyorsan\u0131z, bu y\u00fcrekten hi\u00e7 silinmeyecek bir dert olarak kal\u0131yor. Bug\u00fcn Hatay Defne \u0130l\u00e7e Ba\u015fkan\u0131m\u0131z ile yapt\u0131\u011f\u0131m\u0131z g\u00f6r\u00fc\u015fmede 3270 kay\u0131p vatanda\u015f\u0131m\u0131z\u0131n oldu\u011fu bilgisini ald\u0131k. Maalesef b\u00f6lgede ac\u0131lar devam ediyor.&#8221; <\/strong>diye konu\u015ftu.<\/p>\n\n\n\n<p>\u201c<strong>D\u00fcnyan\u0131n her yerinde 7-8 \u015fiddetinde depremler oluyor ama bu \u015fekilde can kay\u0131plar\u0131 ya\u015fanm\u0131yor.\u201d<\/strong><\/p>\n\n\n\n<p>Deprem felaketlerinde ya\u015fanan can kay\u0131plar\u0131n\u0131n b\u00fcy\u00fck \u00f6l\u00e7\u00fcde \u00f6nlenebilir oldu\u011funa dikkat \u00e7eken \u00d6zyi\u011fit, afet y\u00f6netimi konusunda k\u00f6kl\u00fc bir zihniyet de\u011fi\u015fimine ihtiya\u00e7 duyuldu\u011funu vurgulad\u0131. Ba\u015fkan \u00d6zyi\u011fit, <strong>&#8220;Bu afetler sadece \u00fclkemizde mi olur? Bir otel yanar, y\u00fcze yak\u0131n insan \u00f6l\u00fcr. Bir deprem olur, binlerce, on binlerce can kaybederiz. D\u00fcnyan\u0131n her yerinde 7-8 \u015fiddetinde depremler oluyor ama bu \u015fekilde can kay\u0131plar\u0131 ya\u015fanm\u0131yor. Herkesin akl\u0131n\u0131 ba\u015f\u0131na almas\u0131 gerekiyor. B\u00f6yle felaketler olmas\u0131n, vatanda\u015flar\u0131m\u0131z\u0131n aya\u011f\u0131na ta\u015f de\u011fmesin diye yerel y\u00f6netimler olarak sorumlulu\u011fumuzu biliyoruz. Ama bu sadece bir il\u00e7ede, bir ilde olabilecek bir \u015fey de\u011fil. Mantalitenin de\u011fi\u015fmesi gerekiyor.&#8221; <\/strong>ifadelerini kulland\u0131. Ba\u015fkan \u00d6zyi\u011fit, 6 \u015eubat Kay\u0131p \u00c7ocuklar An\u0131t\u0131&#8217;n\u0131n, sadece ge\u00e7mi\u015fi hat\u0131rlatan bir simge de\u011fil, ayn\u0131 zamanda gelecekte benzer ac\u0131lar\u0131n ya\u015fanmamas\u0131 i\u00e7in al\u0131nmas\u0131 gereken \u00f6nlemleri hat\u0131rlatan bir uyar\u0131 niteli\u011finde oldu\u011funu belirterek, <strong>\u201cBu an\u0131t\u0131n ya\u015fad\u0131\u011f\u0131m\u0131z b\u00fcy\u00fck felaketi unutmamak ve herkesin de ders alarak, sorumluluk i\u00e7inde davranmas\u0131na vesile olmas\u0131n\u0131 diliyorum.\u201d <\/strong>dedi.<\/p>\n\n\n\n<p>Konu\u015fmalar\u0131n ard\u0131ndan 6 \u015eubat depremlerinden kaybolan \u00e7ocuklar an\u0131s\u0131na yap\u0131lan an\u0131ta karanfiller b\u0131rak\u0131ld\u0131.<\/p>\n\n\n\n<p><strong>Depremde kaybolan \u00e7ocuklar an\u0131t\u0131<\/strong><\/p>\n\n\n\n<p>Yeni\u015fehir Belediyesi taraf\u0131ndan 6 \u015eubat depremlerinde kaybolan \u00e7ocuklar\u0131n an\u0131s\u0131n\u0131 ya\u015fatmak amac\u0131yla yap\u0131lan an\u0131tta yer alan kalp ve soru i\u015fareti, depremi ya\u015fayan ve ya\u015famayan herkesin kalbinde a\u00e7t\u0131\u011f\u0131 derin yaray\u0131 simgelerken, ayn\u0131 zamanda kaybolan \u00e7ocuklar\u0131n ak\u0131betine dair s\u00fcregelen belirsizli\u011fi sorguluyor. \u00c7ocuk fig\u00fcr\u00fc, kaybolan \u00e7ocuklar\u0131n geride b\u0131rakt\u0131\u011f\u0131 bo\u015flu\u011fu ve toplumda yaratt\u0131\u011f\u0131 derin etkiyi temsil ediyor. Bina g\u00f6r\u00fcnt\u00fcleri, enkaz alt\u0131nda kalanlar\u0131n ya\u015fad\u0131\u011f\u0131 travmay\u0131 ve deprem psikolojisini g\u00f6zler \u00f6n\u00fcne seriyor. Tek kanatl\u0131 melek fig\u00fcr\u00fc ise safl\u0131\u011f\u0131, masumiyeti ve temizli\u011fi simgelerken, tek kanad\u0131n\u0131n eksik olmas\u0131 \u00e7ocuklar\u0131n yar\u0131m kalm\u0131\u015f hayatlar\u0131n\u0131 ve kopar\u0131lm\u0131\u015fl\u0131klar\u0131n\u0131 anlat\u0131yor.<\/p>\n","protected":false},"excerpt":{"rendered":"<p>Mersin Yeni\u015fehir Belediyesi taraf\u0131ndan 6 \u015eubat depremlerinde kaybolan \u00e7ocuklar\u0131n an\u0131s\u0131na yap\u0131lan an\u0131t a\u00e7\u0131ld\u0131. Yeni\u015fehir Belediye Ba\u015fkan\u0131 Abdullah \u00d6zyi\u011fit, \u201cBu an\u0131t\u0131n ya\u015fad\u0131\u011f\u0131m\u0131z b\u00fcy\u00fck felaketi unutmamak ve herkesin de ders alarak, sorumluluk i\u00e7inde davranmas\u0131na vesile olmas\u0131n\u0131 diliyorum.\u201d dedi. Mersin Yeni\u015fehir Belediyesi, 50. Y\u0131l Mahallesi\u2019ndeki bir parka 6 \u015eubat Kay\u0131p \u00c7ocuklar Park\u0131 ad\u0131n\u0131 verdi. Parka ayr\u0131ca 6 \u015eubat [&hellip;]<\/p>\n","protected":false},"author":2,"featured_media":39489,"comment_status":"closed","ping_status":"closed","sticky":false,"template":"","format":"standard","meta":{"footnotes":""},"categories":[34,3,5],"tags":[],"class_list":["post-39488","post","type-post","status-publish","format-standard","has-post-thumbnail","hentry","category-flas-haber","category-manset","category-mersin"],"views":3,"_links":{"self":[{"href":"https:\/\/mersinkadingazetesi.com\/index.php?rest_route=\/wp\/v2\/posts\/39488"}],"collection":[{"href":"https:\/\/mersinkadingazetesi.com\/index.php?rest_route=\/wp\/v2\/posts"}],"about":[{"href":"https:\/\/mersinkadingazetesi.com\/index.php?rest_route=\/wp\/v2\/types\/post"}],"author":[{"embeddable":true,"href":"https:\/\/mersinkadingazetesi.com\/index.php?rest_route=\/wp\/v2\/users\/2"}],"replies":[{"embeddable":true,"href":"https:\/\/mersinkadingazetesi.com\/index.php?rest_route=%2Fwp%2Fv2%2Fcomments&post=39488"}],"version-history":[{"count":1,"href":"https:\/\/mersinkadingazetesi.com\/index.php?rest_route=\/wp\/v2\/posts\/39488\/revisions"}],"predecessor-version":[{"id":39490,"href":"https:\/\/mersinkadingazetesi.com\/index.php?rest_route=\/wp\/v2\/posts\/39488\/revisions\/39490"}],"wp:featuredmedia":[{"embeddable":true,"href":"https:\/\/mersinkadingazetesi.com\/index.php?rest_route=\/wp\/v2\/media\/39489"}],"wp:attachment":[{"href":"https:\/\/mersinkadingazetesi.com\/index.php?rest_route=%2Fwp%2Fv2%2Fmedia&parent=39488"}],"wp:term":[{"taxonomy":"category","embeddable":true,"href":"https:\/\/mersinkadingazetesi.com\/index.php?rest_route=%2Fwp%2Fv2%2Fcategories&post=39488"},{"taxonomy":"post_tag","embeddable":true,"href":"https:\/\/mersinkadingazetesi.com\/index.php?rest_route=%2Fwp%2Fv2%2Ftags&post=39488"}],"curies":[{"name":"wp","href":"https:\/\/api.w.org\/{rel}","templated":true}]}}