{"id":39492,"date":"2025-02-09T10:36:38","date_gmt":"2025-02-09T07:36:38","guid":{"rendered":"https:\/\/mersinkadingazetesi.com\/?p=39492"},"modified":"2025-02-09T10:36:38","modified_gmt":"2025-02-09T07:36:38","slug":"39492","status":"publish","type":"post","link":"https:\/\/mersinkadingazetesi.com\/?p=39492","title":{"rendered":""},"content":{"rendered":"\n<p>Mersin B\u00fcy\u00fck\u015fehir Belediye Ba\u015fkan\u0131 Vahap Se\u00e7er; Mersin Devlet Opera ve Balesi&#8217;nin (MDOB) iki de\u011ferli sanat\u00e7\u0131s\u0131 \u00d6v\u00fcl ve Mahmut Akyol&#8217;un k\u0131zlar\u0131, \u00fclkemizin gelece\u011fi en parlak keman sanat\u00e7\u0131lar\u0131ndan olan La\u00e7in Akyol&#8217;un cenaze t\u00f6renine kat\u0131ld\u0131. Mersin&#8217;de trafik kazas\u0131nda yaralanan ve tedavi g\u00f6rd\u00fc\u011f\u00fc hastanede ya\u015fam\u0131n\u0131 yitiren 18 ya\u015f\u0131ndaki keman sanat\u00e7\u0131s\u0131 La\u00e7in Akyol, sevenleri taraf\u0131ndan son yolculu\u011funa u\u011furland\u0131.<\/p>\n\n\n\n<p>\u0130svi\u00e7re&#8217;de m\u00fczik e\u011fitimi alan Akyol, kayak yaparken aya\u011f\u0131n\u0131n k\u0131r\u0131lmas\u0131 nedeniyle ge\u00e7en ay Mersin&#8217;deki ailesinin yan\u0131na d\u00f6nd\u00fc. Adnan Menderes Bulvar\u0131&#8217;nda kar\u015f\u0131ya ge\u00e7erken otomobilin \u00e7arpmas\u0131 sonucu yaralanan gen\u00e7 sanat\u00e7\u0131, Mersin \u00dcniversitesi T\u0131p Fak\u00fcltesi Hastanesi&#8217;ne kald\u0131r\u0131ld\u0131. Akyol, yo\u011fun bak\u0131mdaki m\u00fcdahalelere ra\u011fmen hayat\u0131n\u0131 kaybetti. MDOB sanat\u00e7\u0131lar\u0131 \u00d6v\u00fcl ve Mahmut Akyol \u00e7iftinin k\u0131z\u0131 La\u00e7in Akyol&#8217;un cenazesi, Mersin K\u00fclt\u00fcr Merkezi&#8217;nde d\u00fczenlenen cenaze t\u00f6reninin ard\u0131ndan \u00c7iftlikk\u00f6y Mezarl\u0131\u011f\u0131&#8217;nda topra\u011fa verildi.<\/p>\n\n\n\n<p>Mersin K\u00fclt\u00fcr Merkezi&#8217;nde d\u00fczenlenen ve Mersin B\u00fcy\u00fck\u015fehir Belediye Ba\u015fkan\u0131 Vahap Se\u00e7er&#8217;in yan\u0131 s\u0131ra Cumhuriyet Halk Partisi (CHP) Mersin Milletvekili G\u00fclcan K\u0131\u015f, Devlet Opera ve Balesi Genel M\u00fcd\u00fcr\u00fc Tan Sa\u011ft\u00fcrk,&nbsp;La\u00e7in Akyol&#8217;un ailesi, sevenleri ve dostlar\u0131, sanat d\u00fcnyas\u0131ndan isimler, b\u00fcrokratlar, siyasi parti temsilcileri ve Mersinlilerin kat\u0131ld\u0131\u011f\u0131 cenaze t\u00f6reni, sayg\u0131 duru\u015fu ve \u0130stiklal Mar\u015f\u0131&#8217;n\u0131n okunmas\u0131yla ba\u015flad\u0131.<\/p>\n\n\n\n<p><strong>Ba\u015fkan Se\u00e7er: &#8220;Gelecek vadeden, sanat\u00e7\u0131 ruhlu bir evlad\u0131m\u0131z hayattan koptu&#8221;<\/strong><\/p>\n\n\n\n<p>La\u00e7in Akyol&#8217;un cenaze t\u00f6reninde konu\u015fan Ba\u015fkan Se\u00e7er, gen\u00e7 sanat\u00e7\u0131n\u0131n elim bir trafik kazas\u0131nda hayat\u0131n\u0131 kaybetmesinin kendilerinde derin bir \u00fcz\u00fcnt\u00fc yaratt\u0131\u011f\u0131n\u0131 s\u00f6yledi. Kazan\u0131n oldu\u011fu Adnan Menderes Bulvar\u0131 i\u00e7in ge\u00e7ti\u011fimiz y\u0131l 50 km h\u0131z limiti koyduklar\u0131n\u0131 belirten Se\u00e7er,&nbsp;<strong>&#8220;\u015eehrimizi derin bir \u00fcz\u00fcnt\u00fcye bo\u011fan bir olayla kar\u015f\u0131 kar\u015f\u0131ya kald\u0131k. Her birimizin bir anne, baba, bir ebeveyn olma \u00f6zelli\u011finden \u00f6te hepimiz insan\u0131z. Gencecik bir yavrumuz anlams\u0131z bir \u015fekilde hayattan kopar\u0131ld\u0131. Kazan\u0131n oldu\u011fu b\u00f6lge yaya trafi\u011finin en yo\u011fun oldu\u011fu caddemizdir. O cadde i\u00e7in biz ge\u00e7ti\u011fimiz d\u00f6nemde 50 km h\u0131z s\u0131n\u0131r\u0131 koyduk ve ilk kez o caddeden ge\u00e7en ara\u00e7lar\u0131n elektronik denetleme sistemiyle denetlenmesi i\u00e7in yine meclisten karar \u00e7\u0131kard\u0131k. B\u00fct\u00fcn bu tedbirlerimize ra\u011fmen insanlar\u0131n hoyrat\u00e7a, kurallara uymaks\u0131z\u0131n, her \u015feyi kendinin \u00f6zg\u00fcrl\u00fck alan\u0131 olarak g\u00f6ren anlay\u0131\u015f\u0131, tav\u0131rlar\u0131 ve davran\u0131\u015flar\u0131 sonucu i\u015fte b\u00f6yle elim olaylarla kar\u015f\u0131 kar\u015f\u0131ya kal\u0131yoruz&#8221;<\/strong>&nbsp;dedi.<\/p>\n\n\n\n<p>Toplumlar\u0131n yasalarla belirlenen kurallara uyan muas\u0131r medeniyetler seviyesine \u00e7\u0131kmas\u0131n\u0131n sanc\u0131l\u0131 bir s\u00fcre\u00e7 oldu\u011funu ifade eden Se\u00e7er,&nbsp;<strong>&#8220;Toplumumuzu belki de yasalar koyarak de\u011fil ama e\u011fiterek daha d\u00fczenli, daha tertipli, daha ya\u015fanabilir bir \u00fclkede ya\u015fatman\u0131n gayreti i\u00e7erisinde olmal\u0131y\u0131z. Ac\u0131m\u0131z b\u00fcy\u00fck, gencecik ya\u015fta ve gelecek vadeden; \u00fclkesi ad\u0131na, insanl\u0131k ad\u0131na sanat\u00e7\u0131 ruhlu bir evlad\u0131m\u0131z hayattan koptu. Hepimizin ba\u015f\u0131 sa\u011f olsun. Ba\u015fta sevgili ailesine sab\u0131rlar diliyorum. Umut ediyorum kentimizde bizi derinden \u00fczen b\u00f6yle ac\u0131larla bir daha kar\u015f\u0131la\u015fmay\u0131z. Hepimizin ba\u015f\u0131 sa\u011f olsun. I\u015f\u0131klar i\u00e7erisinde uyusun&#8221;<\/strong>&nbsp;diye konu\u015ftu.<\/p>\n\n\n\n<p><strong>Sa\u011ft\u00fcrk: &#8220;La\u00e7in, geride unutulmaz izler ve ilham veren azim b\u0131rakt\u0131&#8221;<\/strong><\/p>\n\n\n\n<p>Cenaze t\u00f6renine kat\u0131lan Devlet Opera ve Balesi Genel M\u00fcd\u00fcr\u00fc Tan Sa\u011ft\u00fcrk, La\u00e7in&#8217;in sanat\u0131yla d\u00fcnyaya renk katan \u00f6zel bir insan oldu\u011funu belirterek,&nbsp;<strong>&#8220;Onun yetene\u011fi, hayata katt\u0131\u011f\u0131 anlam ve yarat\u0131c\u0131 ruhu burada bulunan herkesin y\u00fcre\u011fine dokundu. Onun ba\u015far\u0131lar\u0131yla bizlere ya\u015fatt\u0131\u011f\u0131 gurur hepimizde derin izler b\u0131rakt\u0131. La\u00e7in&#8217;in idealleri ve azmi gen\u00e7 arkada\u015flar\u0131na \u0131\u015f\u0131k sa\u00e7t\u0131, umut oldu. Geride unutulmaz izler, ilham veren azim ve hi\u00e7 solmayacak bir hat\u0131ra b\u0131rakt\u0131. Onun g\u00fczel hat\u0131ralar\u0131n\u0131 ya\u015fatmak, hayallerini unutmamak bizim g\u00f6revimiz olacak&#8221;<\/strong>&nbsp;diye belirtti.<\/p>\n\n\n\n<p><strong>Bayram: &#8220;La\u00e7in, hayat\u0131m\u0131za mutlulu\u011funu ve m\u00fczi\u011fini katt\u0131&#8221;<\/strong><\/p>\n\n\n\n<p>Aile yak\u0131n\u0131 Altay Bayram, La\u00e7in Akyol&#8217;un disiplini, karakteri ve \u00e7al\u0131\u015fkanl\u0131\u011f\u0131yla herkesin hayranl\u0131\u011f\u0131n\u0131 ve takdirini kazanm\u0131\u015f gen\u00e7 bir k\u0131z oldu\u011funu s\u00f6yleyerek,&nbsp;<strong>&#8220;B\u00f6yle olmamal\u0131yd\u0131. Bu korkun\u00e7luk hi\u00e7 ya\u015fanmamal\u0131yd\u0131. Lakaytl\u0131k ve kurals\u0131zl\u0131\u011f\u0131n karanl\u0131\u011f\u0131nda bu \u015fekilde \u00f6l\u00fcyor olmamal\u0131yd\u0131k. Bunu hak etmiyoruz, kabul etmiyoruz. La\u00e7in; hayat\u0131m\u0131za mutlulu\u011funu, m\u00fczi\u011fini, g\u00fcl\u00fc\u015f\u00fcn\u00fc, ne\u015feni katt\u0131\u011f\u0131n i\u00e7in sana m\u00fcte\u015fekkiriz. Biz sana veda etmiyoruz, her zaman aram\u0131zda, i\u00e7imizde ve m\u00fczi\u011fimizde ya\u015famaya devam edeceksin&#8221;<\/strong>&nbsp;dedi.<\/p>\n\n\n\n<p>T\u00f6renin ard\u0131ndan, Akyol i\u00e7in sahnede sayg\u0131 ge\u00e7i\u015finde bulunuldu.<\/p>\n\n\n\n<p><strong>La\u00e7in Akyol kimdir?<\/strong><\/p>\n\n\n\n<p>Cumhurba\u015fkanl\u0131\u011f\u0131 Senfoni Orkestras\u0131 ve MDOB&#8217;un bir\u00e7ok konserinde sahne alan gen\u00e7 kemanc\u0131, 2015&#8217;te Uluslararas\u0131 Grumiaux Gen\u00e7 Kemanc\u0131lar Yar\u0131\u015fmas\u0131&#8217;nda \u00fc\u00e7\u00fcnc\u00fc olmu\u015ftu. Cumhurba\u015fkan\u0131 Recep Tayyip Erdo\u011fan, Akyol&#8217;a hediye keman g\u00f6ndermi\u015fti. Akyol, 2016&#8217;da Br\u00fcksel&#8217;de d\u00fczenlenen Uluslararas\u0131 Grumiaux Gen\u00e7 Kemanc\u0131lar Yar\u0131\u015fmas\u0131&#8217;nda ikincilik \u00f6d\u00fcl\u00fc alm\u0131\u015ft\u0131. \u0130svi\u00e7re&#8217;de m\u00fczik e\u011fitimi alan, kayarken aya\u011f\u0131 k\u0131r\u0131l\u0131nca ge\u00e7en ay Mersin&#8217;e d\u00f6nd\u00fc\u011f\u00fc belirtilen Akyol&#8217;un organlar\u0131, ailesi taraf\u0131ndan ba\u011f\u0131\u015fland\u0131.<\/p>\n","protected":false},"excerpt":{"rendered":"<p>Mersin B\u00fcy\u00fck\u015fehir Belediye Ba\u015fkan\u0131 Vahap Se\u00e7er; Mersin Devlet Opera ve Balesi&#8217;nin (MDOB) iki de\u011ferli sanat\u00e7\u0131s\u0131 \u00d6v\u00fcl ve Mahmut Akyol&#8217;un k\u0131zlar\u0131, \u00fclkemizin gelece\u011fi en parlak keman sanat\u00e7\u0131lar\u0131ndan olan La\u00e7in Akyol&#8217;un cenaze t\u00f6renine kat\u0131ld\u0131. Mersin&#8217;de trafik kazas\u0131nda yaralanan ve tedavi g\u00f6rd\u00fc\u011f\u00fc hastanede ya\u015fam\u0131n\u0131 yitiren 18 ya\u015f\u0131ndaki keman sanat\u00e7\u0131s\u0131 La\u00e7in Akyol, sevenleri taraf\u0131ndan son yolculu\u011funa u\u011furland\u0131. \u0130svi\u00e7re&#8217;de m\u00fczik [&hellip;]<\/p>\n","protected":false},"author":2,"featured_media":39493,"comment_status":"closed","ping_status":"closed","sticky":false,"template":"","format":"standard","meta":{"footnotes":""},"categories":[3],"tags":[],"class_list":["post-39492","post","type-post","status-publish","format-standard","has-post-thumbnail","hentry","category-manset"],"views":2,"_links":{"self":[{"href":"https:\/\/mersinkadingazetesi.com\/index.php?rest_route=\/wp\/v2\/posts\/39492"}],"collection":[{"href":"https:\/\/mersinkadingazetesi.com\/index.php?rest_route=\/wp\/v2\/posts"}],"about":[{"href":"https:\/\/mersinkadingazetesi.com\/index.php?rest_route=\/wp\/v2\/types\/post"}],"author":[{"embeddable":true,"href":"https:\/\/mersinkadingazetesi.com\/index.php?rest_route=\/wp\/v2\/users\/2"}],"replies":[{"embeddable":true,"href":"https:\/\/mersinkadingazetesi.com\/index.php?rest_route=%2Fwp%2Fv2%2Fcomments&post=39492"}],"version-history":[{"count":1,"href":"https:\/\/mersinkadingazetesi.com\/index.php?rest_route=\/wp\/v2\/posts\/39492\/revisions"}],"predecessor-version":[{"id":39494,"href":"https:\/\/mersinkadingazetesi.com\/index.php?rest_route=\/wp\/v2\/posts\/39492\/revisions\/39494"}],"wp:featuredmedia":[{"embeddable":true,"href":"https:\/\/mersinkadingazetesi.com\/index.php?rest_route=\/wp\/v2\/media\/39493"}],"wp:attachment":[{"href":"https:\/\/mersinkadingazetesi.com\/index.php?rest_route=%2Fwp%2Fv2%2Fmedia&parent=39492"}],"wp:term":[{"taxonomy":"category","embeddable":true,"href":"https:\/\/mersinkadingazetesi.com\/index.php?rest_route=%2Fwp%2Fv2%2Fcategories&post=39492"},{"taxonomy":"post_tag","embeddable":true,"href":"https:\/\/mersinkadingazetesi.com\/index.php?rest_route=%2Fwp%2Fv2%2Ftags&post=39492"}],"curies":[{"name":"wp","href":"https:\/\/api.w.org\/{rel}","templated":true}]}}