{"id":39495,"date":"2025-02-09T10:38:38","date_gmt":"2025-02-09T07:38:38","guid":{"rendered":"https:\/\/mersinkadingazetesi.com\/?p=39495"},"modified":"2025-02-09T10:38:39","modified_gmt":"2025-02-09T07:38:39","slug":"baskan-secer-toroslar-belediyesinin-selcuklar-mahallesi-okuma-salonunun-acilis-torenine-katildi","status":"publish","type":"post","link":"https:\/\/mersinkadingazetesi.com\/?p=39495","title":{"rendered":"BA\u015eKAN SE\u00c7ER, TOROSLAR BELED\u0130YES\u0130&#8217;N\u0130N\u00a0&#8216;SEL\u00c7UKLAR MAHALLES\u0130 OKUMA SALONU&#8217;NUN A\u00c7ILI\u015e T\u00d6REN\u0130NE KATILDI"},"content":{"rendered":"\n<p>Mersin B\u00fcy\u00fck\u015fehir Belediye Ba\u015fkan\u0131 Vahap Se\u00e7er, Toroslar Belediyesi&#8217;nin Toroslar&#8217;\u0131 daha ya\u015fanabilir hale getirmek, \u00e7ocuklar\u0131n ve gen\u00e7lerin sessiz, rahat bir ortamda ders \u00e7al\u0131\u015fabilmesi, kitaplara kolayca ula\u015fabilmesi i\u00e7in hayata ge\u00e7irdi\u011fi hizmetlerinden biri olan&nbsp;<strong><em>&#8216;Sel\u00e7uklar Mahallesi Okuma Salonu&#8217;<\/em><\/strong>nun a\u00e7\u0131l\u0131\u015f t\u00f6renine kat\u0131ld\u0131.<\/p>\n\n\n\n<p>Toroslar \u0130l\u00e7esi Sel\u00e7uklar Mahalle Muhtarl\u0131\u011f\u0131 yan\u0131nda ve Toroslar Belediye Ba\u015fkan\u0131 Abdurrahman Y\u0131ld\u0131z&#8217;\u0131n ev sahipli\u011finde ger\u00e7ekle\u015ftirilen a\u00e7\u0131l\u0131\u015fa; Mersin B\u00fcy\u00fck\u015fehir Belediye Ba\u015fkan\u0131 Vahap Se\u00e7er, Cumhuriyet Halk Partisi (CHP) Mersin Milletvekilleri G\u00fclcan K\u0131\u015f ile Hasan Ufuk \u00c7ak\u0131r, CHP Mersin \u0130l Ba\u015fkan\u0131 Koral \u00d6m\u00fcr,&nbsp;CHP parti y\u00f6neticileri, siyasi parti temsilcileri, ressam Ahmet Ye\u015fil, Meclis \u00fcyeleri, muhtarlar ve Toroslar halk\u0131 kat\u0131ld\u0131.<\/p>\n\n\n\n<p><strong>Ba\u015fkan Se\u00e7er: &#8220;<\/strong><strong>B\u00fcy\u00fck\u015fehir&#8217;in hizmete al\u0131nm\u0131\u015f 12 tane okuma salonu var&#8221;<\/strong><strong><\/strong><\/p>\n\n\n\n<p>Konu\u015fmas\u0131na; Toroslar halk\u0131na kazand\u0131rd\u0131\u011f\u0131 hizmetler dolay\u0131s\u0131yla Toroslar Belediye Ba\u015fkan\u0131 Abdurrahman Y\u0131ld\u0131z&#8217;a te\u015fekk\u00fcr ederek ba\u015flayan Mersin B\u00fcy\u00fck\u015fehir Belediye Ba\u015fkan\u0131 Vahap Se\u00e7er, okuma salonlar\u0131n\u0131n \u00f6zellikle dezavantajl\u0131 b\u00f6lgelerde ya\u015fayan \u00e7ocuklar ve gen\u00e7ler i\u00e7in \u00e7ok \u00f6nemli oldu\u011funu s\u00f6yledi. 2019 y\u0131l\u0131na kadar Mersin&#8217;de sadece 1 adet okuma salonu oldu\u011funu belirten Ba\u015fkan Se\u00e7er, bu say\u0131n\u0131n Mersin B\u00fcy\u00fck\u015fehir Belediyesi ile birlikte 12&#8217;ye \u00e7\u0131kt\u0131\u011f\u0131n\u0131 ve kentin farkl\u0131 noktalar\u0131nda gen\u00e7lere hizmet verdi\u011fini belirtti. Se\u00e7er,&nbsp;<strong>&#8220;2019&#8217;a kadar yerel y\u00f6netimler okuma salonu nedir, fark\u0131nda de\u011fildi. \u015eu anda sadece B\u00fcy\u00fck\u015fehir Belediyesi&#8217;nin hizmete al\u0131nm\u0131\u015f 12 tane okuma salonu var&#8221;<\/strong>&nbsp;dedi.<\/p>\n\n\n\n<p><strong>&#8220;Bizim halk\u00e7\u0131 belediyecili\u011fimiz s\u00f6zde de\u011fil, \u00f6zde&#8221;<\/strong><\/p>\n\n\n\n<p>S\u00f6z konusu 12 ayr\u0131 okuma salonundan Adres Okuma Salonu&#8217;nu \u00f6zellikle sahile a\u00e7t\u0131klar\u0131na dikkat \u00e7eken Se\u00e7er,&nbsp;<strong>&#8220;Biz halk\u00e7\u0131 ba\u015fkanlar\u0131z ve&nbsp;<em>&#8216;Halk\u00e7\u0131 Belediyecilik!&#8217;<\/em>&nbsp;diyoruz. Bizim halk\u00e7\u0131 belediyecili\u011fimiz s\u00f6zde de\u011fil, \u00f6zde. Sahilde oray\u0131 biz rant getirecek bir binaya da d\u00f6n\u00fc\u015ft\u00fcrebilirdik. Fakat&nbsp;<em>&#8216;Sembolik bir okuma salonu yapal\u0131m. Bizim akl\u0131m\u0131z\u0131n, fikrimizin halkta ve T\u00fcrkiye&#8217;nin geli\u015fmesinde oldu\u011funu simgeleyen, halk\u00e7\u0131 belediyecili\u011fi simgeleyen, bu sahilin en g\u00fczel noktas\u0131nda gen\u00e7lerimize bir hizmet yapal\u0131m&#8217;<\/em>&nbsp;dedik ve sahile T\u00fcrkiye&#8217;nin de\u011fil, d\u00fcnyan\u0131n en g\u00fczel manzaral\u0131 ve \u00e7ocuklar\u0131m\u0131z\u0131n huzurla ders \u00e7al\u0131\u015ft\u0131\u011f\u0131 bir okuma salonu yapt\u0131k&#8221;<\/strong>&nbsp;diye konu\u015ftu.<\/p>\n\n\n\n<p><strong>&#8220;T\u00fcrkiye&#8217;nin kaynaklar\u0131 birilerinin, bir z\u00fcmrenin, yanda\u015flar\u0131n cebine ak\u0131t\u0131lamaz&#8221;<\/strong><\/p>\n\n\n\n<p>Adres Okuma Salonu&#8217;nun 60 bin abonesi oldu\u011funu ve sahile halk\u0131n kullan\u0131m\u0131 i\u00e7in ikinci okuma salonunu da yapacaklar\u0131n\u0131 dile getiren Se\u00e7er,&nbsp;<strong>&#8220;Sahiller, ormanlar ve T\u00fcrkiye&#8217;nin kaynaklar\u0131 halk\u0131nd\u0131r. T\u00fcrkiye&#8217;nin kaynaklar\u0131 birilerinin, bir z\u00fcmrenin veya yanda\u015flar\u0131n cebine ak\u0131t\u0131lamaz. Biz kaynaklar\u0131 halk\u0131m\u0131z i\u00e7in harc\u0131yoruz, harcamaya da devam edece\u011fiz&#8221;<\/strong>&nbsp;ifadelerini kulland\u0131.&nbsp;&nbsp;<\/p>\n\n\n\n<p><strong>&#8220;L\u00fcks i\u00e7inde ya\u015fayanlar, \u00e7ocuklar\u0131n bu okuma salonlar\u0131na ne kadar ihtiyac\u0131 oldu\u011funu bilemez&#8221;<\/strong><\/p>\n\n\n\n<p>Okuma salonlar\u0131n\u0131n \u00f6zellikle kalabal\u0131k aileler i\u00e7in b\u00fcy\u00fck \u00f6nem arz etti\u011fini s\u00f6yleyen Se\u00e7er,&nbsp;<strong>&#8220;Tok ac\u0131n halinden anlamaz. Koca koca evlerde, l\u00fcks i\u00e7inde ya\u015fayanlar bu \u00e7ocuklar\u0131n bu okuma salonlar\u0131na ne kadar ihtiyac\u0131 oldu\u011funu bilemez. Ama Abdurrahman Ba\u015fkan biliyor, bizim ba\u015fkanlar\u0131m\u0131z biliyor&#8221;<\/strong>&nbsp;dedi.<\/p>\n\n\n\n<p><strong>&#8220;Ba\u011f\u0131rmakla, \u00e7a\u011f\u0131rmakla, insanlara meydan okumakla d\u00fcnyada sayg\u0131n \u00fclke olamazs\u0131n&#8221;<\/strong><\/p>\n\n\n\n<p>Ge\u00e7ti\u011fimiz g\u00fcnlerde CHP Genel Ba\u015fkan\u0131 \u00d6zg\u00fcr \u00d6zel&#8217;in de kat\u0131l\u0131m\u0131 ile Toroslar \u0130l\u00e7esi&#8217;nde a\u00e7\u0131l\u0131\u015f\u0131n\u0131 yapt\u0131klar\u0131&nbsp;<strong><em>&#8216;Toroslar Kurdali Sosyal Ya\u015fam ve \u00c7ocuk Geli\u015fim Merkezi&#8217;<\/em>&nbsp;<\/strong>ile&nbsp;<strong><em>&#8216;Toroslar Spor Park ve \u00c7ocuk Geli\u015fim Merkezi&#8217;<\/em><\/strong>&nbsp;hakk\u0131nda da bilgi veren Se\u00e7er,<strong>&nbsp;&#8220;Sa\u011fl\u0131k Mahallesi&#8217;nden Hal Mahallesi&#8217;ne, Karaduvar&#8217;a,&nbsp;&nbsp;Tarsus&#8217;un Mithatpa\u015fa&#8217;s\u0131na kadar her b\u00f6lgede e\u011fitim merkezleri hizmete a\u00e7\u0131yoruz. 32 merkezimiz ve toplam 9 bin \u00f6\u011frencimiz var. \u0130limin pe\u015finden gidelim. T\u00fcrkiye&#8217;yi d\u00fcnyada rekabet ettirecek olan, \u00e7a\u011fda\u015f bir \u00fclke olmam\u0131z, e\u011fitime \u00f6nem vermemiz, bilimin pe\u015finde gitmemiz ve bilim insanlar\u0131 yeti\u015ftirmemiz olacakt\u0131r. Ba\u011f\u0131rmakla, \u00e7a\u011f\u0131rmakla, insanlara meydan okumakla, \u015fatafatl\u0131 saraylarda ya\u015famakla d\u00fcnyada sayg\u0131n \u00fclke olamazs\u0131n. Bilim insan\u0131, d\u00fcnya \u00e7ap\u0131nda sporcu, sanat\u00e7\u0131 yeti\u015ftiriyor musun? \u0130\u015fte bunlar\u0131 yapt\u0131\u011f\u0131n zaman sayg\u0131n \u00fclke olursun. Biz de bu bilin\u00e7le \u00e7ocuklar\u0131m\u0131za ve gen\u00e7lerimize \u00f6nem veriyoruz&#8221;&nbsp;<\/strong>s\u00f6zlerine yer verdi.<\/p>\n\n\n\n<p><strong>&#8220;\u0130nad\u0131na karde\u015f\u00e7esine ya\u015famakla T\u00fcrkiye&#8217;ye \u00f6rnek oluyoruz&#8221;<\/strong><\/p>\n\n\n\n<p>Toroslar \u0130l\u00e7esi&#8217;ni \u00f6nemsediklerini aktaran ve Toroslar&#8217;\u0131n b\u00fct\u00fcn sosyal s\u0131n\u0131flar\u0131 bar\u0131nd\u0131rmas\u0131 dolay\u0131s\u0131yla Mersin&#8217;in ortalamas\u0131 bir il\u00e7e oldu\u011funu vurgulayan Se\u00e7er&nbsp;<strong>&#8220;Mersin, T\u00fcrkiye&#8217;nin her noktas\u0131ndan gelen insanlar taraf\u0131ndan olu\u015fturulmu\u015f bir kent. Herkesin Mersin&#8217;e gelme nedenleri birden farkl\u0131 ama bir ama\u00e7 var; huzurlu ya\u015famak. Onun i\u00e7in Toroslar&#8217;da bu gaye ile yurdun d\u00f6rt bir yan\u0131ndan gelen insanlar ya\u015f\u0131yor. Buray\u0131 \u00f6nemsiyoruz. \u00c7\u00fcnk\u00fc T\u00fcrkiye \u00e7ok kozmopolit bir \u00fclke. Buras\u0131 Anadolu. Burada farkl\u0131 k\u00fclt\u00fcrler, farkl\u0131 inan\u00e7 yap\u0131lar\u0131 ve farkl\u0131 etnik yap\u0131lar var. Mersin, Anadolu topraklar\u0131n\u0131n bir minyat\u00fcr\u00fc ve bir \u00f6zeti&#8221;&nbsp;<\/strong>dedi.<\/p>\n\n\n\n<p>Mersin&#8217;in T\u00fcrkiye&#8217;nin \u00f6zeti konumunda, son derece \u00f6nemli bir \u015fehir oldu\u011funu vurgulayan ve T\u00fcrkiye&#8217;nin birli\u011fini, beraberli\u011fini simgeledi\u011fini dile getiren Se\u00e7er,<strong>&nbsp;&#8220;<\/strong><strong>Mersin&#8217;de bir arada ve inad\u0131na karde\u015f\u00e7esine ya\u015fayarak T\u00fcrkiye&#8217;ye \u00f6rnek oluyoruz.<\/strong><strong>&nbsp;Biz belediye ba\u015fkanlar\u0131n\u0131z olarak bu bilin\u00e7le sizlere hizmet ediyoruz. Kafam\u0131z\u0131n arkas\u0131nda insanlar\u0131 ay\u0131rmak, insanlar\u0131n milliyet\u00e7i duygular\u0131n\u0131 ka\u015f\u0131yarak, inan\u00e7lar\u0131n\u0131, mezheplerini, me\u015freplerini kullanarak, istismar ederek oy dev\u015firme anlay\u0131\u015f\u0131m\u0131z asla yok. Bizim i\u00e7imizde insanl\u0131\u011f\u0131m\u0131z var, bizim insan olma yetimiz var. Biz insan\u0131z, insan\u0131 insan oldu\u011fu i\u00e7in seviyoruz. \u00dclkemizi muas\u0131r medeniyetler seviyesine getirelim. Bizim ortak gayemiz bu&#8221;&nbsp;<\/strong>diye konu\u015ftu.<\/p>\n\n\n\n<p><strong>&#8220;Mersinliler burada huzurla ya\u015f\u0131yor&#8221;<\/strong><\/p>\n\n\n\n<p>Siyaset u\u011fruna Mersin&#8217;in huzurunu ka\u00e7\u0131rmaya kimsenin hakk\u0131 olmad\u0131\u011f\u0131n\u0131 da s\u00f6zlerine ekleyen Se\u00e7er,&nbsp;<strong>&#8220;Mersin&#8217;in huzurunu ka\u00e7\u0131rmaya kimse yeltenmesin. Mersinliler burada huzurla ya\u015f\u0131yor. Siyaset ve kendi hesaplar\u0131 u\u011fruna Mersin&#8217;i heba etmesinler, Mersin&#8217;i ba\u015fka \u015fehirlerle kar\u0131\u015ft\u0131rmas\u0131nlar. Biz Mersin&#8217;de siyasetin g\u00f6lgesini istemiyoruz. Burada siyasi kavgalardan kaynakl\u0131 baz\u0131 emellerin hayata ge\u00e7irilmesini istemiyoruz. Karde\u015fli\u011fimizi, birli\u011fimizi ve beraberli\u011fimizi bozmay\u0131n. Belediyelerimizden elinizi, g\u00f6z\u00fcn\u00fcz\u00fc \u00e7ekin. Bak\u0131n hepimiz \u00e7al\u0131\u015f\u0131yoruz. Bize kimse vatanseverlik testi yapmas\u0131n, bizi bu \u00fclkeyi sevme testine tabi tutmas\u0131n. Onlar\u0131n \u00fclke sevgisi bizim \u00fclke sevgimizin zekat\u0131 bile olamaz. Hizmetlerimizi yapmaya devam ediyoruz, devam edece\u011fiz&#8221;<\/strong>&nbsp;ifadelerini kulland\u0131.<\/p>\n\n\n\n<p><strong>&#8220;Toroslar Belediyesi ile bundan sonra da i\u015f birli\u011fimizi devam ettirece\u011fiz&#8221;<\/strong><\/p>\n\n\n\n<p>Toroslar Belediye Ba\u015fkan\u0131 Abdurrahman Y\u0131ld\u0131z ile uyum ve i\u015f birli\u011fi i\u00e7erisinde \u00e7al\u0131\u015farak Toroslar halk\u0131na hizmet vermeye devam edeceklerinin alt\u0131n\u0131 \u00e7izen Se\u00e7er,&nbsp;<strong>&#8220;Abdurrahman Ba\u015fkan\u0131m\u0131 kutluyorum, \u00e7ok de\u011ferli hizmetlere imza at\u0131yor. Elbette g\u00fc\u00e7 \u015fartlarda belediyeyi ald\u0131. Kolay \u015fartlar de\u011fildi. Bunu g\u00f6rmemiz laz\u0131m. Biz de Mersin B\u00fcy\u00fck\u015fehir Belediyesi olarak her t\u00fcrl\u00fc deste\u011fi veriyoruz ve vermeye de devam edece\u011fiz. Bizim amac\u0131m\u0131z Toroslar halk\u0131na hizmet etmek. Bu Toroslar Belediyesi&#8217;dir, Mersin B\u00fcy\u00fck\u015fehir Belediyesi&#8217;dir; bizim i\u00e7in fark etmiyor. \u0130\u015f birli\u011fini \u00f6nemsiyoruz. Bug\u00fcne kadar oldu\u011fu gibi bundan sonra da i\u015f birli\u011fimizi devam ettirece\u011fiz. Bunu Toroslar halk\u0131n\u0131 daha g\u00fczel bir Toroslar&#8217;da ya\u015fatmak i\u00e7in yapaca\u011f\u0131z. B\u00fct\u00fcn gayretlerimiz, emeklerimiz bunun i\u00e7in&#8221;&nbsp;<\/strong>diyerek konu\u015fmas\u0131n\u0131 sonland\u0131rd\u0131.&nbsp;&nbsp;<\/p>\n\n\n\n<p><strong>Ba\u015fkan Y\u0131ld\u0131z: &#8220;Gen\u00e7lerin laik bir ortamda e\u011fitilmeleri i\u00e7in okuma salonu a\u00e7\u0131yoruz&#8221;<\/strong><\/p>\n\n\n\n<p>Okuma Salonu a\u00e7\u0131l\u0131\u015f\u0131nda konu\u015fan Toroslar Belediye Ba\u015fkan\u0131 Abdurrahman Y\u0131ld\u0131z da, gen\u00e7lerin g\u00fczel bir gelece\u011fe sahip olmas\u0131 i\u00e7in laik ve demokratik bir e\u011fitim sistemiyle yeti\u015ftirilmesi gerekti\u011fini belirterek,&nbsp;<strong>&#8220;Biz de gen\u00e7lerin demokratik ve laik bir ortamda e\u011fitimlerini devam ettirebilmeleri i\u00e7in bu okuma salonlar\u0131n\u0131 kentimizin b\u00fct\u00fcn mahallelerinde a\u00e7aca\u011f\u0131z&#8221;<\/strong>&nbsp;dedi. Toroslar&#8217;\u0131n hak etti\u011fi hizmete kavu\u015fmas\u0131 i\u00e7in \u00e7ok h\u0131zl\u0131 bir \u015fekilde \u00e7al\u0131\u015ft\u0131klar\u0131n\u0131 s\u00f6zlerine ekleyen Y\u0131ld\u0131z, B\u00fcy\u00fck\u015fehir Belediyesi ile de i\u015f birli\u011fi i\u00e7erisinde olduklar\u0131n\u0131 kaydetti. Y\u0131ld\u0131z,&nbsp;<strong>&#8220;Mersin B\u00fcy\u00fck\u015fehir Belediye Ba\u015fkan\u0131m\u0131z, Toroslar i\u00e7in en az bizim kadar kafa yoruyor&#8221;<\/strong>&nbsp;diye konu\u015ftu. Y\u0131ld\u0131z, Toroslar i\u00e7in hayata ge\u00e7irecekleri baz\u0131 hizmetleri payla\u015f\u0131rken, B\u00fcy\u00fck\u015fehir Belediyesi&#8217;ne ve Ba\u015fkan Se\u00e7er&#8217;e destekleri i\u00e7in de te\u015fekk\u00fcrlerini sundu.<\/p>\n\n\n\n<p>Programda ayr\u0131ca; CHP Mersin Milletvekilleri G\u00fclcan K\u0131\u015f ile Hasan Ufuk \u00c7ak\u0131r ve Toroslar \u0130l\u00e7esi Sel\u00e7uklar Mahalle Muhtar\u0131 Song\u00fcl \u00d6zdemirta\u015f da birer konu\u015fma yapt\u0131. Konu\u015fmalar\u0131n ard\u0131ndan Ba\u015fkan Se\u00e7er, protokol \u00fcyeleri ve \u00e7ocuklar taraf\u0131ndan a\u00e7\u0131l\u0131\u015f kurdelesi kesildi ve Okuma Salonu ile Okuma Salonu&#8217;nun bah\u00e7esinde yer alan Ressam Ahmet Ye\u015fil&#8217;in resim sergisi gezildi.<\/p>\n","protected":false},"excerpt":{"rendered":"<p>Mersin B\u00fcy\u00fck\u015fehir Belediye Ba\u015fkan\u0131 Vahap Se\u00e7er, Toroslar Belediyesi&#8217;nin Toroslar&#8217;\u0131 daha ya\u015fanabilir hale getirmek, \u00e7ocuklar\u0131n ve gen\u00e7lerin sessiz, rahat bir ortamda ders \u00e7al\u0131\u015fabilmesi, kitaplara kolayca ula\u015fabilmesi i\u00e7in hayata ge\u00e7irdi\u011fi hizmetlerinden biri olan&nbsp;&#8216;Sel\u00e7uklar Mahallesi Okuma Salonu&#8217;nun a\u00e7\u0131l\u0131\u015f t\u00f6renine kat\u0131ld\u0131. Toroslar \u0130l\u00e7esi Sel\u00e7uklar Mahalle Muhtarl\u0131\u011f\u0131 yan\u0131nda ve Toroslar Belediye Ba\u015fkan\u0131 Abdurrahman Y\u0131ld\u0131z&#8217;\u0131n ev sahipli\u011finde ger\u00e7ekle\u015ftirilen a\u00e7\u0131l\u0131\u015fa; Mersin B\u00fcy\u00fck\u015fehir [&hellip;]<\/p>\n","protected":false},"author":2,"featured_media":39496,"comment_status":"closed","ping_status":"closed","sticky":false,"template":"","format":"standard","meta":{"footnotes":""},"categories":[3],"tags":[],"class_list":["post-39495","post","type-post","status-publish","format-standard","has-post-thumbnail","hentry","category-manset"],"views":4,"_links":{"self":[{"href":"https:\/\/mersinkadingazetesi.com\/index.php?rest_route=\/wp\/v2\/posts\/39495"}],"collection":[{"href":"https:\/\/mersinkadingazetesi.com\/index.php?rest_route=\/wp\/v2\/posts"}],"about":[{"href":"https:\/\/mersinkadingazetesi.com\/index.php?rest_route=\/wp\/v2\/types\/post"}],"author":[{"embeddable":true,"href":"https:\/\/mersinkadingazetesi.com\/index.php?rest_route=\/wp\/v2\/users\/2"}],"replies":[{"embeddable":true,"href":"https:\/\/mersinkadingazetesi.com\/index.php?rest_route=%2Fwp%2Fv2%2Fcomments&post=39495"}],"version-history":[{"count":1,"href":"https:\/\/mersinkadingazetesi.com\/index.php?rest_route=\/wp\/v2\/posts\/39495\/revisions"}],"predecessor-version":[{"id":39497,"href":"https:\/\/mersinkadingazetesi.com\/index.php?rest_route=\/wp\/v2\/posts\/39495\/revisions\/39497"}],"wp:featuredmedia":[{"embeddable":true,"href":"https:\/\/mersinkadingazetesi.com\/index.php?rest_route=\/wp\/v2\/media\/39496"}],"wp:attachment":[{"href":"https:\/\/mersinkadingazetesi.com\/index.php?rest_route=%2Fwp%2Fv2%2Fmedia&parent=39495"}],"wp:term":[{"taxonomy":"category","embeddable":true,"href":"https:\/\/mersinkadingazetesi.com\/index.php?rest_route=%2Fwp%2Fv2%2Fcategories&post=39495"},{"taxonomy":"post_tag","embeddable":true,"href":"https:\/\/mersinkadingazetesi.com\/index.php?rest_route=%2Fwp%2Fv2%2Ftags&post=39495"}],"curies":[{"name":"wp","href":"https:\/\/api.w.org\/{rel}","templated":true}]}}