{"id":39507,"date":"2025-02-09T16:17:55","date_gmt":"2025-02-09T13:17:55","guid":{"rendered":"https:\/\/mersinkadingazetesi.com\/?p=39507"},"modified":"2025-02-09T16:17:56","modified_gmt":"2025-02-09T13:17:56","slug":"mezitli-belediyesinden-sevgililer-gunu-etkinlikleri-yogun-katilimla-basladi","status":"publish","type":"post","link":"https:\/\/mersinkadingazetesi.com\/?p=39507","title":{"rendered":"MEZ\u0130TL\u0130 BELED\u0130YES\u0130&#8217;NDEN SEVG\u0130L\u0130LER G\u00dcN\u00dc ETK\u0130NL\u0130KLER\u0130 YO\u011eUN KATILIMLA BA\u015eLADI"},"content":{"rendered":"\n<p>Mezitli Belediyesi taraf\u0131ndan 14 \u015eubat Sevgililer G\u00fcn\u00fc kapsam\u0131nda d\u00fczenlenen ve 8-15 \u015eubat tarihleri boyunca devam edecek etkinliklerin ilk g\u00fcn\u00fc b\u00fcy\u00fck bir co\u015fkuyla ge\u00e7ti. Demokrasi Meydan\u0131&#8217;nda ger\u00e7ekle\u015fen etkinliklere vatanda\u015flar yo\u011fun ilgi g\u00f6sterirken, g\u00fcn boyu s\u00fcren program renkli anlara sahne oldu.<\/p>\n\n\n\n<p><strong>E\u011eLENCE VE ALI\u015eVER\u0130\u015e B\u0130R ARADA<\/strong><\/p>\n\n\n\n<p>Etkinlik alan\u0131, vatanda\u015flar\u0131n keyifli vakit ge\u00e7irebilmesi i\u00e7in \u00f6zenle haz\u0131rland\u0131. Dans g\u00f6sterileri, DJ performanslar\u0131, \u00e7ocuk oyun alanlar\u0131 ve al\u0131\u015fveri\u015f stantlar\u0131yla doldurulan &nbsp;etkinlik program\u0131, her ya\u015ftan vatanda\u015fa &nbsp;hitap etti. Vatanda\u015flar g\u00fcn boyunca m\u00fczik ve dans e\u015fli\u011finde e\u011flenirken, al\u0131\u015fveri\u015f standlar\u0131n\u0131 ziyaret etti<\/p>\n\n\n\n<p><strong>BA\u015eKAN TUNCER&#8217;DEN STANDLARA &nbsp;Z\u0130YARET<\/strong><\/p>\n\n\n\n<p>Mezitli Belediye Ba\u015fkan\u0131 Ahmet Serkan Tuncer, etkinlik alan\u0131n\u0131 ziyaret ederek stant a\u00e7an esnafa hay\u0131rl\u0131 i\u015fler diledi. Etkinliklerin belediye kasas\u0131ndan bir kuru\u015f harcanmadan ger\u00e7ekle\u015ftirildi\u011fini vurgulayan Ba\u015fkan Tuncer, &#8220;Vatanda\u015flar\u0131m\u0131z\u0131n keyifli vakit ge\u00e7irebilece\u011fi, esnaf\u0131m\u0131z\u0131n da kazan\u00e7 sa\u011flayabilece\u011fi g\u00fczel bir organizasyon haz\u0131rlad\u0131k. T\u00fcm halk\u0131m\u0131z\u0131 8-15 \u015eubat tarihleri aras\u0131nda Demokrasi Meydan\u0131&#8217;nda bizlerle birlikte olmaya davet ediyorum&#8221; dedi.<\/p>\n\n\n\n<p>Sevgililer G\u00fcn\u00fc co\u015fkusunun hafta boyunca s\u00fcrece\u011fi etkinliklerde s\u00fcrpriz programlar da yer alacak. Mezitli Belediyesi, t\u00fcm vatanda\u015flar\u0131 kutlamalara kat\u0131lmaya davet etti. .<\/p>\n","protected":false},"excerpt":{"rendered":"<p>Mezitli Belediyesi taraf\u0131ndan 14 \u015eubat Sevgililer G\u00fcn\u00fc kapsam\u0131nda d\u00fczenlenen ve 8-15 \u015eubat tarihleri boyunca devam edecek etkinliklerin ilk g\u00fcn\u00fc b\u00fcy\u00fck bir co\u015fkuyla ge\u00e7ti. Demokrasi Meydan\u0131&#8217;nda ger\u00e7ekle\u015fen etkinliklere vatanda\u015flar yo\u011fun ilgi g\u00f6sterirken, g\u00fcn boyu s\u00fcren program renkli anlara sahne oldu. E\u011eLENCE VE ALI\u015eVER\u0130\u015e B\u0130R ARADA Etkinlik alan\u0131, vatanda\u015flar\u0131n keyifli vakit ge\u00e7irebilmesi i\u00e7in \u00f6zenle haz\u0131rland\u0131. Dans g\u00f6sterileri, [&hellip;]<\/p>\n","protected":false},"author":2,"featured_media":39508,"comment_status":"closed","ping_status":"closed","sticky":false,"template":"","format":"standard","meta":{"footnotes":""},"categories":[3],"tags":[],"class_list":["post-39507","post","type-post","status-publish","format-standard","has-post-thumbnail","hentry","category-manset"],"views":4,"_links":{"self":[{"href":"https:\/\/mersinkadingazetesi.com\/index.php?rest_route=\/wp\/v2\/posts\/39507"}],"collection":[{"href":"https:\/\/mersinkadingazetesi.com\/index.php?rest_route=\/wp\/v2\/posts"}],"about":[{"href":"https:\/\/mersinkadingazetesi.com\/index.php?rest_route=\/wp\/v2\/types\/post"}],"author":[{"embeddable":true,"href":"https:\/\/mersinkadingazetesi.com\/index.php?rest_route=\/wp\/v2\/users\/2"}],"replies":[{"embeddable":true,"href":"https:\/\/mersinkadingazetesi.com\/index.php?rest_route=%2Fwp%2Fv2%2Fcomments&post=39507"}],"version-history":[{"count":1,"href":"https:\/\/mersinkadingazetesi.com\/index.php?rest_route=\/wp\/v2\/posts\/39507\/revisions"}],"predecessor-version":[{"id":39509,"href":"https:\/\/mersinkadingazetesi.com\/index.php?rest_route=\/wp\/v2\/posts\/39507\/revisions\/39509"}],"wp:featuredmedia":[{"embeddable":true,"href":"https:\/\/mersinkadingazetesi.com\/index.php?rest_route=\/wp\/v2\/media\/39508"}],"wp:attachment":[{"href":"https:\/\/mersinkadingazetesi.com\/index.php?rest_route=%2Fwp%2Fv2%2Fmedia&parent=39507"}],"wp:term":[{"taxonomy":"category","embeddable":true,"href":"https:\/\/mersinkadingazetesi.com\/index.php?rest_route=%2Fwp%2Fv2%2Fcategories&post=39507"},{"taxonomy":"post_tag","embeddable":true,"href":"https:\/\/mersinkadingazetesi.com\/index.php?rest_route=%2Fwp%2Fv2%2Ftags&post=39507"}],"curies":[{"name":"wp","href":"https:\/\/api.w.org\/{rel}","templated":true}]}}