{"id":39510,"date":"2025-02-10T10:12:41","date_gmt":"2025-02-10T07:12:41","guid":{"rendered":"https:\/\/mersinkadingazetesi.com\/?p=39510"},"modified":"2025-02-10T10:12:42","modified_gmt":"2025-02-10T07:12:42","slug":"kent-orkestrasi-retro-konseri-ile-dinleyenleri-muzikal-bir-yolculuga-cikartti","status":"publish","type":"post","link":"https:\/\/mersinkadingazetesi.com\/?p=39510","title":{"rendered":"KENT ORKESTRASI, RETRO KONSER\u0130 \u0130LE D\u0130NLEYENLER\u0130 M\u00dcZ\u0130KAL B\u0130R YOLCULU\u011eA\u00a0\u00c7IKARTTI"},"content":{"rendered":"\n<p>Pop, akustik, caz, halk m\u00fczi\u011fi gibi birbirinden farkl\u0131 konseptlerle her zevke hitap eden konserleri m\u00fczikseverlerle bulu\u015fturan Mersin B\u00fcy\u00fck\u015fehir Belediyesi, son olarak&nbsp;<strong>&#8216;Pop\u00fcler M\u00fczikte Retro Konseri&#8217;<\/strong>&nbsp;d\u00fczenledi. K\u00fclt\u00fcr ve Sosyal \u0130\u015fler Dairesi Ba\u015fkanl\u0131\u011f\u0131&#8217;n\u0131n koordinesinde Kongre Merkezi&#8217;nde ger\u00e7ekle\u015ftirilen etkinlikte; ge\u00e7mi\u015fin en hit \u015fark\u0131lar\u0131n\u0131 g\u00fcn\u00fcm\u00fcze ta\u015f\u0131yarak, 70&#8217;ler, 80&#8217;ler ve 90&#8217;lar gibi nostaljik d\u00f6nemin en sevilen par\u00e7alar\u0131n\u0131 seslendiren orkestra, dinleyenleri m\u00fczikal bir yolculu\u011fa \u00e7\u0131kartt\u0131.<\/p>\n\n\n\n<p>Enerjik performanslar ve orkestran\u0131n muhte\u015fem ahengi e\u015fli\u011finde eski \u015fark\u0131lar\u0131 yeniden dinlemenin keyfini s\u00fcren vatanda\u015flar, \u00e7al\u0131nan par\u00e7alar\u0131 s\u0131k s\u0131k hep bir a\u011f\u0131zdan seslendirdi. Hem \u015fark\u0131lar\u0131, hem de performanslar\u0131 ile dinleyenleri b\u00fcy\u00fcleyen orkestraya, konser bitiminde \u00e7i\u00e7ek takdimi yap\u0131ld\u0131.<\/p>\n\n\n\n<p><strong>Konser, m\u00fczikseverlerden tam not ald\u0131<\/strong><\/p>\n\n\n\n<p>Konseri dinlemeye gelen vatanda\u015flardan Belgin Day\u0131,&nbsp;<strong>&#8220;Benim k\u0131z\u0131m da orkestra da viyola \u00e7al\u0131yor. Konserleri tek kelimeyle muhte\u015femdi&#8221;<\/strong>&nbsp;derken, G\u00fclhan Varl\u0131kl\u0131 da&nbsp;<strong>&#8220;Ba\u015fkan\u0131m\u0131z Vahap Se\u00e7er&#8217;e, bizlere b\u00f6yle g\u00fczellikler sundu\u011fu i\u00e7in te\u015fekk\u00fcr ederiz. Solistler de \u00e7ok g\u00fc\u00e7l\u00fc ve muhte\u015fem seslerdi. M\u00fczisyenler de \u00e7ok iyiydi. Ger\u00e7ekten \u00e7ok iyi e\u011fitim alm\u0131\u015flar&#8221;<\/strong>&nbsp;ifadelerini kulland\u0131.<\/p>\n\n\n\n<p>M\u00fczikseverlerden Cemile Kurter,&nbsp;<strong>&#8220;\u00c7ok g\u00fczeldi ve memnun kald\u0131k. Eme\u011fi ge\u00e7en herkese \u00e7ok te\u015fekk\u00fcr ediyoruz. \u00d6zellikle orkestraya dahil olan yeni solist arkada\u015flar \u00e7ok ba\u015far\u0131l\u0131yd\u0131. Kendileriyle gurur duyuyoruz. Ba\u015fkan\u0131m\u0131z da b\u00f6yle e\u015fsiz bir konserle bize katk\u0131da bulundu&#8221;<\/strong>&nbsp;\u015feklinde konu\u015ftu.<\/p>\n\n\n\n<p>Ba\u015fka bir dinleyici Yasemin Ocak da etkinli\u011fi \u00e7ok be\u011fendi\u011fini kaydederek,&nbsp;<strong>&#8220;Mersin i\u00e7in b\u00f6yle g\u00fczel bir \u00e7al\u0131\u015fmadan \u00e7ok memnun oldum. Arkada\u015flar konsere \u00e7ok g\u00fczel bir \u015fekilde haz\u0131rlanm\u0131\u015f. Ben de koristim ve iyilik korosunda \u015fark\u0131 s\u00f6yl\u00fcyorum. \u00c7ok be\u011fendim. \u00c7ok titiz haz\u0131rlan\u0131lm\u0131\u015f. \u015eehrimiz g\u00fczel bir orkestraya kavu\u015fmu\u015f. O y\u00fczden de \u00e7ok mutluyum&#8221;<\/strong>&nbsp;dedi.<\/p>\n","protected":false},"excerpt":{"rendered":"<p>Pop, akustik, caz, halk m\u00fczi\u011fi gibi birbirinden farkl\u0131 konseptlerle her zevke hitap eden konserleri m\u00fczikseverlerle bulu\u015fturan Mersin B\u00fcy\u00fck\u015fehir Belediyesi, son olarak&nbsp;&#8216;Pop\u00fcler M\u00fczikte Retro Konseri&#8217;&nbsp;d\u00fczenledi. K\u00fclt\u00fcr ve Sosyal \u0130\u015fler Dairesi Ba\u015fkanl\u0131\u011f\u0131&#8217;n\u0131n koordinesinde Kongre Merkezi&#8217;nde ger\u00e7ekle\u015ftirilen etkinlikte; ge\u00e7mi\u015fin en hit \u015fark\u0131lar\u0131n\u0131 g\u00fcn\u00fcm\u00fcze ta\u015f\u0131yarak, 70&#8217;ler, 80&#8217;ler ve 90&#8217;lar gibi nostaljik d\u00f6nemin en sevilen par\u00e7alar\u0131n\u0131 seslendiren orkestra, dinleyenleri m\u00fczikal [&hellip;]<\/p>\n","protected":false},"author":2,"featured_media":39511,"comment_status":"closed","ping_status":"closed","sticky":false,"template":"","format":"standard","meta":{"footnotes":""},"categories":[3],"tags":[],"class_list":["post-39510","post","type-post","status-publish","format-standard","has-post-thumbnail","hentry","category-manset"],"views":11,"_links":{"self":[{"href":"https:\/\/mersinkadingazetesi.com\/index.php?rest_route=\/wp\/v2\/posts\/39510"}],"collection":[{"href":"https:\/\/mersinkadingazetesi.com\/index.php?rest_route=\/wp\/v2\/posts"}],"about":[{"href":"https:\/\/mersinkadingazetesi.com\/index.php?rest_route=\/wp\/v2\/types\/post"}],"author":[{"embeddable":true,"href":"https:\/\/mersinkadingazetesi.com\/index.php?rest_route=\/wp\/v2\/users\/2"}],"replies":[{"embeddable":true,"href":"https:\/\/mersinkadingazetesi.com\/index.php?rest_route=%2Fwp%2Fv2%2Fcomments&post=39510"}],"version-history":[{"count":1,"href":"https:\/\/mersinkadingazetesi.com\/index.php?rest_route=\/wp\/v2\/posts\/39510\/revisions"}],"predecessor-version":[{"id":39512,"href":"https:\/\/mersinkadingazetesi.com\/index.php?rest_route=\/wp\/v2\/posts\/39510\/revisions\/39512"}],"wp:featuredmedia":[{"embeddable":true,"href":"https:\/\/mersinkadingazetesi.com\/index.php?rest_route=\/wp\/v2\/media\/39511"}],"wp:attachment":[{"href":"https:\/\/mersinkadingazetesi.com\/index.php?rest_route=%2Fwp%2Fv2%2Fmedia&parent=39510"}],"wp:term":[{"taxonomy":"category","embeddable":true,"href":"https:\/\/mersinkadingazetesi.com\/index.php?rest_route=%2Fwp%2Fv2%2Fcategories&post=39510"},{"taxonomy":"post_tag","embeddable":true,"href":"https:\/\/mersinkadingazetesi.com\/index.php?rest_route=%2Fwp%2Fv2%2Ftags&post=39510"}],"curies":[{"name":"wp","href":"https:\/\/api.w.org\/{rel}","templated":true}]}}