{"id":39516,"date":"2025-02-10T10:16:00","date_gmt":"2025-02-10T07:16:00","guid":{"rendered":"https:\/\/mersinkadingazetesi.com\/?p=39516"},"modified":"2025-02-10T10:16:02","modified_gmt":"2025-02-10T07:16:02","slug":"cakir-mersine-deger-katanlari-mersinliler-asla-unutmayacaktir","status":"publish","type":"post","link":"https:\/\/mersinkadingazetesi.com\/?p=39516","title":{"rendered":"\u00c7ak\u0131r: Mersin\u2019e de\u011fer katanlar\u0131 Mersinliler asla unutmayacakt\u0131r\u201d"},"content":{"rendered":"\n<p>Mersin, g\u00fc\u00e7l\u00fc birlik ve beraberli\u011fini AFAD Ba\u015fkanl\u0131\u011f\u0131na atanan Vali Ali Hamza Pehlivan i\u00e7in d\u00fczenlenen veda gecesinde kenetlenerek bir kez daha g\u00f6sterdi. Gecede s\u00f6z alan MTSO Y\u00f6netim Kurulu Ba\u015fkan\u0131 Hakan Sefa \u00c7ak\u0131r, Pehlivan&#8217;\u0131 \u201cMersin\u2019e de\u011fer katanlar\u0131 Mersinliler asla unutmayacakt\u0131r\u201d diyerek&nbsp;u\u011furlad\u0131.&nbsp;<\/p>\n\n\n\n<p>Mersin Ticaret ve Sanayi Odas\u0131 (MTSO), Mersin Ticaret Borsas\u0131 ve Mersin Organize Sanayi B\u00f6lgesi i\u015fbirli\u011finde AFAD Ba\u015fkan\u0131 olarak atanan Mersin Valisi Ali Hamza Pehlivan\u2019a veda yeme\u011fi d\u00fczenledi. Vali Pehlivan\u2019\u0131n e\u015fi Y\u0131ld\u0131z Pehlivan ve K\u0131zlar\u0131 Nevra ile Irmak Pehlivan\u2019la birlikte kat\u0131ld\u0131\u011f\u0131 geceye MTSO Y\u00f6netim Kurulu Ba\u015fkan\u0131 Hakan Sefa \u00c7ak\u0131r, Meclis Ba\u015fkan\u0131 Hamit \u0130zol\u2019un yan\u0131 s\u0131ra Y\u00f6netim Kurulu \u00dcyeleriyle oda ve borsa ba\u015fkanlar\u0131, Mersin Milletvekilleri, kent protokol\u00fc ve dernekler kat\u0131ld\u0131. Veda konu\u015fmalar\u0131 ve g\u00fcn\u00fcn ad\u0131na ger\u00e7ekle\u015fen hediye takdimleri sonras\u0131nda Vali Pehlivan Mersin\u2019den alk\u0131\u015flar e\u015fli\u011finde u\u011furland\u0131.&nbsp;<br>Mersin\u2019e 3 y\u0131l \u00f6nce \u015e\u0131rnak\u2019tan geldi\u011fini hat\u0131rlatan Vali Ali Hamza Pehlivan, g\u00f6reve ba\u015flad\u0131\u011f\u0131 ilk g\u00fcnden itibaren ailece Mersinli olduklar\u0131n\u0131 s\u00f6yledi. Ba\u015fta kamu yat\u0131r\u0131mlar\u0131 olmak \u00fczere kentle ilgili ne varsa takip etmek, \u00e7al\u0131\u015fma s\u00fcrecinde ba\u015fta kamu kurum ve kurulu\u015flar\u0131 olmak \u00fczere toplumun t\u00fcm kesimleriyle ileti\u015fim ve isti\u015fare i\u00e7inde olma hedefiyle hareket etti\u011fini kaydeden Pehlivan, \u201cUmar\u0131m yapabilmi\u015fizdir. \u0130yi ki bu \u015fehre gelmek nasip olmu\u015f. G\u00f6n\u00fcl k\u00f6pr\u00fcleri kurabilmi\u015fsek en b\u00fcy\u00fck zenginli\u011fimiz budur. Herkese ayr\u0131 ayr\u0131 te\u015fekk\u00fcrlerimi sunuyorum\u201d dedi.&nbsp;<\/p>\n\n\n\n<p><strong>\u00c7ak\u0131r: \u201cMersin i\u015f d\u00fcnyas\u0131n\u0131n tam yan\u0131nda, omuz omuza destek oldunuz\u201d<\/strong><br>Gecede, \u201cHer resmi g\u00f6revin bir ba\u015flang\u0131c\u0131, bir de sonu vard\u0131r. Ama \u00fclke sevgisi ve sorumluluk duygusuyla yap\u0131lan g\u00f6revlerin sonu yoktur\u201d diyen Y\u00f6netim Kurulu Ba\u015fkan\u0131 Hakan Sefa \u00c7ak\u0131r, \u201cBu duyguyla \u00e7al\u0131\u015fanlar, son nefeslerine kadar \u00fclkesi ve milleti i\u00e7in, bir kar\u015f\u0131l\u0131k beklemeden \u00e7al\u0131\u015fmaya devam ederler\u201d dedi. Pehlivan\u2019\u0131n g\u00f6revde kald\u0131\u011f\u0131 s\u00fcre boyunca t\u00fcm kent dinamikleriyle uyum i\u00e7inde \u00e7al\u0131\u015f\u0131p her zaman Mersin\u2019den yana oldu\u011funu vurgulayan \u00c7ak\u0131r, Mersin\u2019in gelece\u011fini \u015fekillendirecek b\u00fcy\u00fck projelerde imzas\u0131 bulundu\u011funu s\u00f6yledi. Y\u0131llard\u0131r beklenen \u00c7ukurova Havaliman\u0131\u2019n\u0131n hizmete al\u0131nmas\u0131, otoban\u0131n K\u0131zkalesi\u2019ne ba\u011flant\u0131 \u00e7al\u0131\u015fmalar\u0131n\u0131n h\u0131zla ba\u015flamas\u0131, organize sanayi b\u00f6lgelerinin say\u0131s\u0131n\u0131n artmas\u0131 ve geni\u015fleme \u00e7al\u0131\u015fmalar\u0131, h\u0131zl\u0131 tren projesi ba\u015fta olmak \u00fczere, say\u0131s\u0131z stratejik yat\u0131r\u0131m ve projenin bu d\u00f6nemde h\u0131zlan\u0131p tamamland\u0131\u011f\u0131n\u0131 belirten \u00c7ak\u0131r, Mersin\u2019in gelece\u011fini olu\u015fturan ana sekt\u00f6rlerin geli\u015fmesine katk\u0131 sunuldu\u011funu s\u00f6yledi. Valili\u011fin \u00f6zellikle sekt\u00f6rel \u00e7al\u0131\u015ftaylara b\u00fcy\u00fck destek verdi\u011fine de de\u011finen \u00c7ak\u0131r, \u201cBu anlamda Mersin i\u015f d\u00fcnyas\u0131n\u0131n arkas\u0131nda veya \u00f6n\u00fcnde de\u011fil, tam yan\u0131nda, omuz omuza, destek oldunuz. En \u00f6nemlisi sosyal anlamda, huzurlu bir Mersin, g\u00fcven dolu bir Mersin olu\u015fmas\u0131na b\u00fcy\u00fck emek verdiniz\u201d ifadelerini kulland\u0131. Bunun bir veda konu\u015fmas\u0131 olarak kabul edilmemesi gerekti\u011fini de kaydeden \u00c7ak\u0131r, s\u00f6zlerini \u015f\u00f6yle tamamlad\u0131:&nbsp;<br>\u201cT\u00fcrkiye\u2019nin neresine giderseniz gidin, siz her zaman, bizim valimiz olarak kalacaks\u0131n\u0131z. AFAD Ba\u015fkanl\u0131\u011f\u0131, \u00fclkemiz ad\u0131na hayati bir vazife. Art\u0131k sadece bir kente de\u011fil t\u00fcm T\u00fcrkiye\u2019ye ve milletimize hizmet yolunda daha kapsaml\u0131, ama bir o kadar da zor bir g\u00f6revi yerine getireceksiniz. Yeni g\u00f6rev yerinizde de \u00fcst\u00fcn ba\u015far\u0131lar\u0131n\u0131z\u0131 devam ettirece\u011finiz konusunda \u015f\u00fcphemiz yok. Mersinliler ad\u0131na, Mersin i\u015f d\u00fcnyas\u0131 ad\u0131na, tekrar sevgilerimi, sayg\u0131lar\u0131m\u0131 ve \u015f\u00fckranlar\u0131m\u0131 arz ediyorum. Hizmetleri i\u00e7in huzurlar\u0131n\u0131zda, Say\u0131n Valimizi, bir kez daha y\u00fcrekten alk\u0131\u015fl\u0131yorum.\u201d<\/p>\n\n\n\n<p><strong>\u0130zol: \u201cBize katt\u0131\u011f\u0131n\u0131z de\u011fer i\u00e7in te\u015fekk\u00fcr ediyoruz\u201d&nbsp;<\/strong><br>MTSO Meclis Ba\u015fkan\u0131 Hamit \u0130zol, \u201cBir a\u00e7\u0131l\u0131\u015fta bir araya gelip \u00f6n\u00fcm\u00fczdeki g\u00fcnlerde yapaca\u011f\u0131m\u0131z i\u015fleri konu\u015furken ak\u015fam\u0131na g\u00f6rev de\u011fi\u015fikli\u011finizi \u00f6\u011frendik. Bug\u00fcne kadar bir\u00e7ok projeye imza att\u0131n\u0131z birlikte daha bir\u00e7o\u011funu yapacakt\u0131k k\u0131smet olmad\u0131. Bize, kentimize katt\u0131\u011f\u0131n\u0131z de\u011fer, Mersin\u2019e verdi\u011finiz \u00f6nem i\u00e7in \u00e7ok te\u015fekk\u00fcr ediyoruz\u201d dedi.&nbsp;<\/p>\n\n\n\n<p><strong>K\u0131ratl\u0131: \u201cBir taraf\u0131m\u0131z h\u00fcz\u00fcnl\u00fc bir taraf\u0131m\u0131z sevin\u00e7li\u201d<\/strong><br>Mersin Milletvekili Ali K\u0131ratl\u0131 ise s\u00f6zlerine, \u201cBir taraf\u0131m\u0131z buruk h\u00fcz\u00fcnl\u00fc, bir taraf\u0131m\u0131z Mersin ad\u0131na sevin\u00e7li ve gurur verici\u201d diye ba\u015flad\u0131. Mersinlilerin gelen misafirlerine kucak a\u00e7may\u0131 seven ve bununla da \u00f6v\u00fcnen bir kent oldu\u011funa dikkat \u00e7eken K\u0131ratl\u0131, \u201cGelen devlet adamlar\u0131m\u0131z\u0131n bize uyum sa\u011flamas\u0131 ve bizim onlar\u0131 kucaklad\u0131\u011f\u0131m\u0131z gibi onlar\u0131n da bizi sahiplenmesi i\u015fi ba\u015fka boyutlara ula\u015ft\u0131r\u0131yor. Olu\u015fturulan g\u00fc\u00e7l\u00fc ba\u011flarla bug\u00fcn Mersin belki Valisini de\u011fil kimi a\u011fabeyini kimi karde\u015fini evlad\u0131n\u0131 Ankara\u2019ya yolcu ediyor. Yolunuz a\u00e7\u0131k olsun\u201d ifadelerini kulland\u0131.&nbsp;<\/p>\n\n\n\n<p><strong>Se\u00e7er: \u201cMersin; liyakats\u0131z bir siyaset\u00e7iyi, b\u00fcrokrat\u0131 kald\u0131racak bir \u015fehir de\u011fildir\u201d<\/strong><br>Mersin B\u00fcy\u00fck\u015fehir Belediye Ba\u015fkan\u0131 Vahap Se\u00e7er, Mersin\u2019in devletin milli g\u00fcvenli\u011finden b\u00f6lgenin g\u00fcvenli\u011fine, ekonomiden sosyal ya\u015fama kadar her alanda son derece \u00f6nemli bir kent oldu\u011funu s\u00f6yledi. \u201cBu \u00f6neminden dolay\u0131 Mersin\u2019de g\u00f6rev alacak b\u00fcrokratlar\u0131n bu a\u011f\u0131rl\u0131ktaki bir kenti kendi g\u00f6rev alan\u0131 i\u00e7inde y\u00f6netebilecek birikim ve kabiliyette olmas\u0131na dikkat ederler\u201d diyen Se\u00e7er, \u201cHer b\u00fcrokrat de\u011ferlidir ama her b\u00fcrokrat\u0131n kabiliyet alan\u0131 farkl\u0131d\u0131r. Mersin, liyakats\u0131z bir siyaset\u00e7iyi, b\u00fcrokrat\u0131 kald\u0131racak bir \u015fehir de\u011fildir. Beraberli\u011fimiz daim olsun. Mersinli bir hem\u015ferimizi u\u011furluyoruz. Ankara\u2019da bir kap\u0131m\u0131z\u0131n olaca\u011f\u0131n\u0131 biliyoruz\u201d ifadelerini kulland\u0131.&nbsp;<\/p>\n\n\n\n<p><strong>\u00d6zdemir: \u201cDiyalo\u011fa dayal\u0131 bir y\u00f6netim anlay\u0131\u015f\u0131 g\u00f6sterdiniz\u201d<\/strong><br>Mersin Ticaret Borsas\u0131 Y\u00f6netim Kurulu Ba\u015fkan\u0131 Abdullah \u00d6zdemir, Vali Pehlivan\u2019\u0131n hizmet a\u015fk\u0131 ve ho\u015fg\u00f6r\u00fcs\u00fcn\u00fc \u00f6zleyeceklerini s\u00f6yledi. Monolog de\u011fil, diyalo\u011fa dayal\u0131 bir y\u00f6netim anlay\u0131\u015f\u0131 g\u00f6stermesi nedeniyle Pehlivan\u2019a te\u015fekk\u00fcr eden \u00d6zdemir, \u201cYeter ki birlik beraberli\u011fimizi s\u00fcrd\u00fcrelim, devlet ve millet olarak her sorunun \u00fcstesinden geliriz demi\u015ftiniz. Bu vizyonla ilimizin t\u00fcm dinamiklerinin uyum ve ahenk i\u00e7inde \u00e7al\u0131\u015fmas\u0131nda bir orkestra \u015fefi gibi y\u00f6nlendirici olman\u0131z\u0131 \u00f6zleyece\u011fiz. Tek tesellimiz kritik bir \u00f6neme sahip AFAD gibi sayg\u0131n bir kurumun ba\u015f\u0131nda g\u00f6rev alman\u0131z. Sizi tan\u0131mak sizinle \u00e7al\u0131\u015fmak b\u00fcy\u00fck onur\u201d dedi.<br>Mersin Yat\u0131r\u0131mc\u0131 \u0130\u015f \u0130nsanlar\u0131 Derne\u011fi Ba\u015fkan\u0131 Co\u015fkun Do\u011fmu\u015f, s\u00fcrekli halk\u0131n aras\u0131nda olan bir valiyi tan\u0131maktan duydu\u011fu onuru dile getirdi. Pehlivan\u2019\u0131n AFAD Ba\u015fkan\u0131 olarak gurur verici bir g\u00f6reve geldi\u011fine inand\u0131\u011f\u0131n\u0131 kaydeden Do\u011fmu\u015f, \u201c\u00c7ok daha ba\u015far\u0131l\u0131 i\u015fler yapaca\u011f\u0131n\u0131za inan\u0131yorum\u201d diye konu\u015ftu.&nbsp;<\/p>\n","protected":false},"excerpt":{"rendered":"<p>Mersin, g\u00fc\u00e7l\u00fc birlik ve beraberli\u011fini AFAD Ba\u015fkanl\u0131\u011f\u0131na atanan Vali Ali Hamza Pehlivan i\u00e7in d\u00fczenlenen veda gecesinde kenetlenerek bir kez daha g\u00f6sterdi. Gecede s\u00f6z alan MTSO Y\u00f6netim Kurulu Ba\u015fkan\u0131 Hakan Sefa \u00c7ak\u0131r, Pehlivan&#8217;\u0131 \u201cMersin\u2019e de\u011fer katanlar\u0131 Mersinliler asla unutmayacakt\u0131r\u201d diyerek&nbsp;u\u011furlad\u0131.&nbsp; Mersin Ticaret ve Sanayi Odas\u0131 (MTSO), Mersin Ticaret Borsas\u0131 ve Mersin Organize Sanayi B\u00f6lgesi i\u015fbirli\u011finde AFAD [&hellip;]<\/p>\n","protected":false},"author":2,"featured_media":39517,"comment_status":"closed","ping_status":"closed","sticky":false,"template":"","format":"standard","meta":{"footnotes":""},"categories":[3],"tags":[],"class_list":["post-39516","post","type-post","status-publish","format-standard","has-post-thumbnail","hentry","category-manset"],"views":4,"_links":{"self":[{"href":"https:\/\/mersinkadingazetesi.com\/index.php?rest_route=\/wp\/v2\/posts\/39516"}],"collection":[{"href":"https:\/\/mersinkadingazetesi.com\/index.php?rest_route=\/wp\/v2\/posts"}],"about":[{"href":"https:\/\/mersinkadingazetesi.com\/index.php?rest_route=\/wp\/v2\/types\/post"}],"author":[{"embeddable":true,"href":"https:\/\/mersinkadingazetesi.com\/index.php?rest_route=\/wp\/v2\/users\/2"}],"replies":[{"embeddable":true,"href":"https:\/\/mersinkadingazetesi.com\/index.php?rest_route=%2Fwp%2Fv2%2Fcomments&post=39516"}],"version-history":[{"count":1,"href":"https:\/\/mersinkadingazetesi.com\/index.php?rest_route=\/wp\/v2\/posts\/39516\/revisions"}],"predecessor-version":[{"id":39518,"href":"https:\/\/mersinkadingazetesi.com\/index.php?rest_route=\/wp\/v2\/posts\/39516\/revisions\/39518"}],"wp:featuredmedia":[{"embeddable":true,"href":"https:\/\/mersinkadingazetesi.com\/index.php?rest_route=\/wp\/v2\/media\/39517"}],"wp:attachment":[{"href":"https:\/\/mersinkadingazetesi.com\/index.php?rest_route=%2Fwp%2Fv2%2Fmedia&parent=39516"}],"wp:term":[{"taxonomy":"category","embeddable":true,"href":"https:\/\/mersinkadingazetesi.com\/index.php?rest_route=%2Fwp%2Fv2%2Fcategories&post=39516"},{"taxonomy":"post_tag","embeddable":true,"href":"https:\/\/mersinkadingazetesi.com\/index.php?rest_route=%2Fwp%2Fv2%2Ftags&post=39516"}],"curies":[{"name":"wp","href":"https:\/\/api.w.org\/{rel}","templated":true}]}}