{"id":39534,"date":"2025-02-10T16:34:39","date_gmt":"2025-02-10T13:34:39","guid":{"rendered":"https:\/\/mersinkadingazetesi.com\/?p=39534"},"modified":"2025-02-10T16:34:40","modified_gmt":"2025-02-10T13:34:40","slug":"secer-turkiye-bakliyatta-ihracatci-konumdan-ithalatci-konuma-geldi","status":"publish","type":"post","link":"https:\/\/mersinkadingazetesi.com\/?p=39534","title":{"rendered":"SE\u00c7ER: &#8220;T\u00dcRK\u0130YE, BAKL\u0130YATTA \u0130HRACAT\u00c7I KONUMDAN \u0130THALAT\u00c7I KONUMA GELD\u0130&#8221;"},"content":{"rendered":"\n<p>Mersin B\u00fcy\u00fck\u015fehir Belediye Ba\u015fkan\u0131 Vahap Se\u00e7er, Mersin Ticaret Borsas\u0131 (MTB) taraf\u0131ndan&nbsp;<strong>&#8216;D\u00fcnya Bakliyat G\u00fcn\u00fc&#8217;&nbsp;<\/strong>kapsam\u0131nda&nbsp;<strong><em>&#8216;Sa\u011fl\u0131kl\u0131 Beslenme ve Sa\u011fl\u0131kl\u0131 Ya\u015fam \u0130\u00e7in Bakliyat&#8217;<\/em><\/strong>&nbsp;slogan\u0131yla d\u00fczenlenen programa kat\u0131ld\u0131. MTB Y\u00f6netim Kurulu Ba\u015fkan\u0131 Abdullah \u00d6zdemir ile Meclis Ba\u015fkan\u0131 M\u00fcnir \u015een&#8217;in ev sahipli\u011finde d\u00fczenlenen programa; Ba\u015fkan Vahap Se\u00e7er&#8217;in yan\u0131 s\u0131ra, Akdeniz B\u00f6lge ve Garnizon Komutan\u0131 Tu\u011famiral Ali Tuna Baysal, kent protokol\u00fc, il\u00e7e belediye ba\u015fkanlar\u0131, oda, dernek ve sivil toplum kurulu\u015flar\u0131n\u0131n temsilcileri ile sekt\u00f6r temsilcileri kat\u0131ld\u0131.<\/p>\n\n\n\n<p><strong>&#8220;T\u00fcrkiye bakliyatta ihracat\u00e7\u0131 iken ithalat\u00e7\u0131 konuma geldi&#8221;<\/strong><\/p>\n\n\n\n<p>Mersin&#8217;de bakliyat sekt\u00f6r\u00fcn\u00fcn \u00fcretimden ziyade ticari y\u00f6n\u00fcyle de\u011ferlendirilmesi gerekti\u011fini belirterek konu\u015fmas\u0131na ba\u015flayan Ba\u015fkan Se\u00e7er, 1980&#8217;li y\u0131llarda T\u00fcrkiye&#8217;nin sekt\u00f6rde ihracat\u00e7\u0131 konumda iken g\u00fcn\u00fcm\u00fczde net olarak ithalat\u00e7\u0131 konuma geldi\u011fini s\u00f6yledi. Bunda 1980&#8217;li y\u0131llardan g\u00fcn\u00fcm\u00fcze T\u00fcrkiye&#8217;de ki tar\u0131m politikalar\u0131nda ger\u00e7ekle\u015ftirilen de\u011fi\u015fimlerin etkisinin oldu\u011funu belirten Se\u00e7er,&nbsp;<strong>&#8220;\u00d6zellikle bakliyat \u00fcretiminin yap\u0131ld\u0131\u011f\u0131 Do\u011fu Anadolu, G\u00fcneydo\u011fu Anadolu b\u00f6lgelerinde tar\u0131m yapma \u015feklinin de de\u011fi\u015fmesiyle, yani kuru tar\u0131mdan sulu tar\u0131ma ge\u00e7i\u015f, ikame \u00fcr\u00fcnlerinin geli\u015fmesi, farkl\u0131 yeni alternatif \u00e7e\u015fitlerin o b\u00f6lgeye adapte edilmesini bakliyat \u00fcretiminde baz\u0131 komplikasyonlara neden oldu. Bu da \u00fcretim d\u00fc\u015f\u00fckl\u00fc\u011f\u00fcn\u00fc getirdi. \u00c7\u00fcnk\u00fc ekim alanlar\u0131 azal\u0131nca, farkl\u0131 \u00fcr\u00fcnler bakliyat\u0131n yerine ge\u00e7ince T\u00fcrkiye&#8217;de de bakliyat \u00fcretiminin d\u00fc\u015fmesine neden oldu&#8221;&nbsp;<\/strong>dedi.<\/p>\n\n\n\n<p><strong>&#8220;Tar\u0131m, T\u00fcrkiye&#8217;nin ana ta\u015f\u0131y\u0131c\u0131 sekt\u00f6r\u00fcd\u00fcr&#8221;<\/strong><\/p>\n\n\n\n<p>Kendisinin de i\u015f hayat\u0131nda tar\u0131m sekt\u00f6r\u00fc i\u00e7erisinde oldu\u011funu belirten ve tar\u0131m\u0131n T\u00fcrkiye&#8217;nin en \u00f6nemli ta\u015f\u0131y\u0131c\u0131 sekt\u00f6r\u00fc oldu\u011funun alt\u0131n\u0131 \u00e7izen Se\u00e7er,&nbsp;<strong>&#8220;Tar\u0131m, T\u00fcrkiye&#8217;nin ana ta\u015f\u0131y\u0131c\u0131 sekt\u00f6rd\u00fcr. T\u00fcrkiye&#8217;nin cirosu i\u00e7erisinde pay\u0131 d\u00fc\u015f\u00fck olsa da sa\u011flad\u0131\u011f\u0131 sosyal fayda a\u00e7\u0131s\u0131ndan bakt\u0131\u011f\u0131n\u0131z zaman, T\u00fcrkiye gibi yak\u0131n zamana kadar tar\u0131m \u00fclkesi olarak de\u011ferlendirdi\u011fimiz bir \u00fclkede tar\u0131m sekt\u00f6r\u00fcn\u00fc ba\u015f tarafa yazmak laz\u0131m&#8221;<\/strong>&nbsp;diye konu\u015ftu.<\/p>\n\n\n\n<p><strong>&#8220;Mersin&#8217;i bakliyat\u00e7\u0131 kent yapan i\u015fleme tesisleri ve limand\u0131r&#8221;<\/strong><\/p>\n\n\n\n<p>Mersin&#8217;de de bakliyat sekt\u00f6r\u00fcn\u00fc g\u00fc\u00e7l\u00fc k\u0131lan unsurun \u00fcretim de\u011fil bakliyat i\u015fleme tesisleri oldu\u011funu aktaran Se\u00e7er, kentin toprak yap\u0131s\u0131n\u0131n da bakliyat \u00fcretimi i\u00e7in uygun olmad\u0131\u011f\u0131n\u0131 s\u00f6yledi. Se\u00e7er,&nbsp;<strong>&#8220;Mersin&#8217;i net olarak T\u00fcrkiye&#8217;de bakliyat\u00e7\u0131 bir kent yapan, buradaki i\u015fleme tesisleri ve Do\u011fu Akdeniz \u00e7ana\u011f\u0131n\u0131n en \u00f6nemli liman\u0131n\u0131n Mersin olu\u015fudur. Bu ger\u00e7ekle bakmak laz\u0131m&#8221;&nbsp;<\/strong>dedi.<\/p>\n\n\n\n<p>Bakliyat i\u015fleme tesislerinin kent i\u00e7erisinde da\u011f\u0131n\u0131k bir yap\u0131da oldu\u011funu ve B\u00fcy\u00fck\u015fehir Belediyesi olarak b\u00fct\u00fcn sekt\u00f6rler i\u00e7in oldu\u011fu gibi bakliyat sekt\u00f6r\u00fcnde de k\u00fcmelenme \u00e7al\u0131\u015fmas\u0131 yap\u0131lmas\u0131ndan taraf olduklar\u0131n\u0131 s\u00f6yleyen Se\u00e7er&nbsp;<strong>&#8220;<\/strong><strong>B\u00fct\u00fcn sekt\u00f6rlerde k\u00fcmelenme yapal\u0131m, sekt\u00f6rler bir arada olsun, faaliyetlerini g\u00f6stersin. Bug\u00fcne kadar b\u00f6yle bir ba\u015far\u0131l\u0131 \u00e7al\u0131\u015fma olmam\u0131\u015f, asl\u0131nda<\/strong>&nbsp;<strong>\u00e7ok da d\u00fc\u015f\u00fcn\u00fclmemi\u015f<\/strong><strong>&#8220;<\/strong>&nbsp;dedi.<\/p>\n\n\n\n<p><strong>&#8220;\u0130mar planlar\u0131 ile yeni tesisler kurman\u0131z\u0131n yolunu a\u00e7aca\u011f\u0131z&#8221;<\/strong><\/p>\n\n\n\n<p>B\u00fcy\u00fck\u015fehir Belediyesi olarak uzun y\u0131llard\u0131r \u00e7\u00f6z\u00fcm bekleyen ve i\u015f d\u00fcnyas\u0131n\u0131n yeni yat\u0131r\u0131mlar yapabilmesinin \u00f6n\u00fcn\u00fc a\u00e7acak imar plan\u0131 \u00e7al\u0131\u015fmalar\u0131n\u0131 tamamlad\u0131klar\u0131n\u0131n bilgisini veren Se\u00e7er,&nbsp;&nbsp;<strong>&#8220;Fabrikalar\u0131n\u0131z\u0131n oldu\u011fu b\u00f6lgede nihayet 30 y\u0131ldan sonra ilk kez 1\/5000&#8217;lik planlar\u0131, yani Mersin B\u00fcy\u00fck\u015fehir Belediyesi&#8217;nin uhdesinde olan planlar\u0131 bitirdik. 1\/1000&#8217;lik planlar, Akdeniz il\u00e7e belediyesinin uhdesinde ve h\u0131zl\u0131 bir \u015fekilde yap\u0131lmas\u0131 i\u00e7in takip edilmesi gereken bir \u00e7al\u0131\u015fma. \u015eu anda imara a\u00e7t\u0131\u011f\u0131m\u0131z alanlar\u0131n, Deli\u00e7ay-Demiryolu ve sahil olarak daire \u015feklinde g\u00f6r\u00fclebilecek b\u00f6lgenin 1\/1000&#8217;lik planlar\u0131n\u0131 da bitirdik. Di\u011fer kalan k\u0131s\u0131mlar\u0131 da il\u00e7e belediyesi yapacak, B\u00fcy\u00fck\u015fehir Belediyesi Meclisi&#8217;nden ge\u00e7ecek. \u0130mar planlar\u0131 demek yol, yat\u0131r\u0131m ve altyap\u0131 demek. Onun i\u00e7in \u00f6nemsiyorum. Bu imar planlar\u0131 bitmezse sizin do\u011fudan bat\u0131ya, bat\u0131dan do\u011fuya, sabah ak\u015fam ge\u00e7i\u015flerinizde yeni yollar\u0131n a\u00e7\u0131lmas\u0131, yeni i\u015fyeri a\u00e7malar\u0131n\u0131z, yeni tesis yapman\u0131z ve k\u00fcmelenme m\u00fcmk\u00fcn de\u011fil. \u00c7o\u011fu gitti, az\u0131 kald\u0131. Bunlar\u0131 da ba\u015faraca\u011f\u0131z. \u00d6zellikle sizlerin tesislerinin oldu\u011fu b\u00f6lgede yeni yol a\u011flar\u0131yla oraya ula\u015f\u0131m\u0131 sa\u011flay\u0131p, yeni tesisler kurman\u0131z\u0131n da yolunu a\u00e7aca\u011f\u0131z&#8221;<\/strong>&nbsp;ifadelerini kulland\u0131.<\/p>\n\n\n\n<p><strong>\u00d6zdemir: &#8221; &#8216;<em>Sa\u011fl\u0131kl\u0131 beslenme ve sa\u011fl\u0131kl\u0131 ya\u015fam i\u00e7in bakliyat&#8217;<\/em>&nbsp;diyorum&#8221;<\/strong><\/p>\n\n\n\n<p>MTB Y\u00f6netim Kurulu Ba\u015fkan\u0131 Abdullah \u00d6zdemir, 2016 y\u0131l\u0131n\u0131n&nbsp;<strong><em>&#8216;D\u00fcnya Bakliyat Y\u0131l\u0131&#8217;<\/em><\/strong>&nbsp;olarak kutland\u0131\u011f\u0131ndan s\u00f6z ederek,&nbsp;<strong>&#8220;2019 y\u0131l\u0131ndan itibaren her y\u0131l 10 \u015eubat g\u00fcn\u00fc D\u00fcnya Bakliyat G\u00fcn\u00fc olarak kutlanmaktad\u0131r&#8221;&nbsp;<\/strong>dedi. Bakliyat\u0131n; zengin protein, vitamin ve mineral i\u00e7eri\u011fi ile en sa\u011fl\u0131kl\u0131 ve ucuz bitkisel besin kaynaklar\u0131n\u0131n ba\u015f\u0131nda geldi\u011finden ve pek \u00e7ok hastal\u0131kla m\u00fccadelede de uzmanlar taraf\u0131ndan da s\u0131k\u00e7a \u00f6nerildi\u011finden s\u00f6z eden \u00d6zdemir,<strong>&nbsp;&#8220;Di\u011fer yandan, kurakl\u0131\u011fa dayan\u0131kl\u0131 ve su ihtiyac\u0131n\u0131n az olmas\u0131 \u00f6zellikleriyle bakliyat, kurak ve k\u0131ra\u00e7 b\u00f6lgeler i\u00e7in de olduk\u00e7a uygun. Bakliyat \u00f6yle bir bitki ki; hem insan\u0131 hem topra\u011f\u0131 besliyor&#8221;&nbsp;&nbsp;<\/strong>dedi.<\/p>\n\n\n\n<p>Ger\u00e7ekle\u015ftirdikleri etkinlikte kat\u0131l\u0131mc\u0131lara 12 \u00e7e\u015fit bakliyattan olu\u015fan yemek sunduklar\u0131ndan bahseden \u00d6zdemir,&nbsp;<strong>&#8220;Amac\u0131m\u0131z sizleri buradan u\u011furlarken hepinizin bakliyat\u0131 seven, daha fazla t\u00fcketen ve \u00f6zellikle gen\u00e7 nesillerimizi bakliyat\u0131n faydalar\u0131 konusunda bilin\u00e7lendiren bireyler olarak sekt\u00f6r\u00fcm\u00fcz\u00fcn gelece\u011fine katk\u0131 sa\u011flamakt\u0131r. Daha fazla \u00fcretelim, daha fazla t\u00fcketelim. &#8216;<em>Sa\u011fl\u0131kl\u0131 beslenme ve sa\u011fl\u0131kl\u0131 ya\u015fam i\u00e7in bakliyat&#8217;<\/em>&nbsp;diyorum&#8221;&nbsp;<\/strong>dedi.<\/p>\n\n\n\n<p>Konu\u015fmalar\u0131n ard\u0131ndan Ba\u015fkan Se\u00e7er, MTB \u00f6nceki d\u00f6nem Meclis Ba\u015fkanlar\u0131 Necati Naran ve H\u00fcseyin Arslan&#8217;a plaket takdim etti. Ayr\u0131ca ge\u00e7mi\u015f d\u00f6nem meclis ba\u015fkan\u0131 merhum \u015eerafettin Memi\u015f ad\u0131na verilen plaketi ise Se\u00e7er&#8217;den, merhumun \u00e7ocuklar\u0131 Veysel Memi\u015f ve Tuba Memi\u015f ald\u0131.&nbsp;<\/p>\n\n\n\n<p>Program, bakliyat \u00e7e\u015fitlerinden yap\u0131lan yemeklerin yenmesinin ard\u0131ndan sona erdi.<\/p>\n","protected":false},"excerpt":{"rendered":"<p>Mersin B\u00fcy\u00fck\u015fehir Belediye Ba\u015fkan\u0131 Vahap Se\u00e7er, Mersin Ticaret Borsas\u0131 (MTB) taraf\u0131ndan&nbsp;&#8216;D\u00fcnya Bakliyat G\u00fcn\u00fc&#8217;&nbsp;kapsam\u0131nda&nbsp;&#8216;Sa\u011fl\u0131kl\u0131 Beslenme ve Sa\u011fl\u0131kl\u0131 Ya\u015fam \u0130\u00e7in Bakliyat&#8217;&nbsp;slogan\u0131yla d\u00fczenlenen programa kat\u0131ld\u0131. MTB Y\u00f6netim Kurulu Ba\u015fkan\u0131 Abdullah \u00d6zdemir ile Meclis Ba\u015fkan\u0131 M\u00fcnir \u015een&#8217;in ev sahipli\u011finde d\u00fczenlenen programa; Ba\u015fkan Vahap Se\u00e7er&#8217;in yan\u0131 s\u0131ra, Akdeniz B\u00f6lge ve Garnizon Komutan\u0131 Tu\u011famiral Ali Tuna Baysal, kent protokol\u00fc, il\u00e7e belediye [&hellip;]<\/p>\n","protected":false},"author":2,"featured_media":39535,"comment_status":"closed","ping_status":"closed","sticky":false,"template":"","format":"standard","meta":{"footnotes":""},"categories":[34,2,3,5],"tags":[],"class_list":["post-39534","post","type-post","status-publish","format-standard","has-post-thumbnail","hentry","category-flas-haber","category-gundem","category-manset","category-mersin"],"views":1,"_links":{"self":[{"href":"https:\/\/mersinkadingazetesi.com\/index.php?rest_route=\/wp\/v2\/posts\/39534"}],"collection":[{"href":"https:\/\/mersinkadingazetesi.com\/index.php?rest_route=\/wp\/v2\/posts"}],"about":[{"href":"https:\/\/mersinkadingazetesi.com\/index.php?rest_route=\/wp\/v2\/types\/post"}],"author":[{"embeddable":true,"href":"https:\/\/mersinkadingazetesi.com\/index.php?rest_route=\/wp\/v2\/users\/2"}],"replies":[{"embeddable":true,"href":"https:\/\/mersinkadingazetesi.com\/index.php?rest_route=%2Fwp%2Fv2%2Fcomments&post=39534"}],"version-history":[{"count":1,"href":"https:\/\/mersinkadingazetesi.com\/index.php?rest_route=\/wp\/v2\/posts\/39534\/revisions"}],"predecessor-version":[{"id":39536,"href":"https:\/\/mersinkadingazetesi.com\/index.php?rest_route=\/wp\/v2\/posts\/39534\/revisions\/39536"}],"wp:featuredmedia":[{"embeddable":true,"href":"https:\/\/mersinkadingazetesi.com\/index.php?rest_route=\/wp\/v2\/media\/39535"}],"wp:attachment":[{"href":"https:\/\/mersinkadingazetesi.com\/index.php?rest_route=%2Fwp%2Fv2%2Fmedia&parent=39534"}],"wp:term":[{"taxonomy":"category","embeddable":true,"href":"https:\/\/mersinkadingazetesi.com\/index.php?rest_route=%2Fwp%2Fv2%2Fcategories&post=39534"},{"taxonomy":"post_tag","embeddable":true,"href":"https:\/\/mersinkadingazetesi.com\/index.php?rest_route=%2Fwp%2Fv2%2Ftags&post=39534"}],"curies":[{"name":"wp","href":"https:\/\/api.w.org\/{rel}","templated":true}]}}