{"id":39537,"date":"2025-02-11T11:21:15","date_gmt":"2025-02-11T08:21:15","guid":{"rendered":"https:\/\/mersinkadingazetesi.com\/?p=39537"},"modified":"2025-02-11T11:21:16","modified_gmt":"2025-02-11T08:21:16","slug":"mersin-buyuksehir-belediye-meclisinin-subat-ayi-1-birlesimi-gerceklestirildi","status":"publish","type":"post","link":"https:\/\/mersinkadingazetesi.com\/?p=39537","title":{"rendered":"MERS\u0130N B\u00dcY\u00dcK\u015eEH\u0130R BELED\u0130YE MECL\u0130S\u0130&#8217;N\u0130N \u015eUBAT AYI 1. B\u0130RLE\u015e\u0130M\u0130 GER\u00c7EKLE\u015eT\u0130R\u0130LD\u0130"},"content":{"rendered":"\n<p>Mersin B\u00fcy\u00fck\u015fehir Belediye Meclisi&#8217;nin 2025 Y\u0131l\u0131 \u015eubat Ay\u0131 Ola\u011fan Toplant\u0131s\u0131&#8217;n\u0131n 1. Birle\u015fimi, Mersin B\u00fcy\u00fck\u015fehir Belediye Meclis 1. Ba\u015fkan Vekili Ali Uyan ba\u015fkanl\u0131\u011f\u0131nda ger\u00e7ekle\u015ftirildi. Mersin B\u00fcy\u00fck\u015fehir Belediyesi Kongre ve Sergi Saray\u0131 \u00c7ok Ama\u00e7l\u0131 Salon&#8217;da ger\u00e7ekle\u015ftirilen Meclis Toplant\u0131s\u0131&#8217;nda Komisyonlara Havale Edilen 22, Birimlerden Gelen 16 ve G\u00fcndem D\u0131\u015f\u0131 2 madde olmak \u00fczere toplam 40 madde g\u00f6r\u00fc\u015f\u00fcld\u00fc.<\/p>\n\n\n\n<p>Meclis 1. Ba\u015fkanvekili Uyan: &#8220;Depremin ac\u0131lar\u0131 hala devam ediyor&#8221;<\/p>\n\n\n\n<p>Mersin B\u00fcy\u00fck\u015fehir Belediye Meclis 1. Ba\u015fkan Vekili Ali Uyan, 6 \u015eubat depremlerinin 2. y\u0131l d\u00f6n\u00fcm\u00fcnde yitirilen canlar\u0131 h\u00fcz\u00fcnle ve rahmetle anarken, &#8220;Hala konteyner kentlerde ya\u015fayan ve bu ya\u015fad\u0131klar\u0131 s\u00fcre i\u00e7erisinde bir\u00e7ok zorlukla kar\u015f\u0131la\u015fan vatanda\u015flar\u0131m\u0131z\u0131n bir an \u00f6nce kal\u0131c\u0131 konutlar\u0131na ge\u00e7melerini temenni ediyorum. Elbette ki depremin ac\u0131lar\u0131 hala devam ediyor. Deprem dolay\u0131s\u0131yla e\u011fitimleri yar\u0131m kalan \u00e7ocuklar\u0131m\u0131z, gen\u00e7lerimiz var. Bir\u00e7ok vatanda\u015flar\u0131m\u0131z\u0131n sa\u011fl\u0131k ve tedavi s\u00fcre\u00e7leri maalesef deprem dolay\u0131s\u0131yla kesintiye u\u011frad\u0131 ve hala daha bu sa\u011fl\u0131k sorunlar\u0131 a\u00e7\u0131s\u0131ndan telafi edilmiyor. Gen\u00e7lerimiz, \u00e7ocuklar\u0131m\u0131z kesintiye u\u011frayan e\u011fitimlerine devam edemiyorlar. Bir\u00e7ok vatanda\u015flar\u0131m\u0131z hala kendi memleketlerinde ve yurtlar\u0131nda kalamay\u0131p, sokakta kalm\u0131\u015f durumdalar. Bu vatanda\u015flar\u0131m\u0131z\u0131n da en k\u0131sa zamanda yaralar\u0131n\u0131n sar\u0131lmas\u0131n\u0131 ve onlar\u0131n bu sorunlar\u0131na \u00e7are bulunmas\u0131n\u0131 temenni ediyor, bir daha b\u00f6yle ac\u0131lar\u0131n ya\u015fanmamas\u0131n\u0131 diliyorum&#8221; dedi.<\/p>\n\n\n\n<p>Meclis 1. Ba\u015fkan Vekili Uyan konu\u015fmas\u0131nda ayr\u0131ca, hayat\u0131n\u0131 kaybeden Cumhuriyet Halk Partisi&#8217;nin \u00f6nceki d\u00f6nem Akdeniz ve B\u00fcy\u00fck\u015fehir Belediye Meclis \u00dcyesi Muhittin Erta\u015f&#8217;a Allah&#8217;tan rahmet, kederli ailesine ve \u00e7ocuklar\u0131na ba\u015fsa\u011fl\u0131\u011f\u0131 ile sab\u0131r diledi.<\/p>\n\n\n\n<p>Meclis Toplant\u0131s\u0131, ilgili maddelerin oylanmas\u0131n\u0131n ard\u0131ndan sona erdi.<\/p>\n","protected":false},"excerpt":{"rendered":"<p>Mersin B\u00fcy\u00fck\u015fehir Belediye Meclisi&#8217;nin 2025 Y\u0131l\u0131 \u015eubat Ay\u0131 Ola\u011fan Toplant\u0131s\u0131&#8217;n\u0131n 1. Birle\u015fimi, Mersin B\u00fcy\u00fck\u015fehir Belediye Meclis 1. Ba\u015fkan Vekili Ali Uyan ba\u015fkanl\u0131\u011f\u0131nda ger\u00e7ekle\u015ftirildi. Mersin B\u00fcy\u00fck\u015fehir Belediyesi Kongre ve Sergi Saray\u0131 \u00c7ok Ama\u00e7l\u0131 Salon&#8217;da ger\u00e7ekle\u015ftirilen Meclis Toplant\u0131s\u0131&#8217;nda Komisyonlara Havale Edilen 22, Birimlerden Gelen 16 ve G\u00fcndem D\u0131\u015f\u0131 2 madde olmak \u00fczere toplam 40 madde g\u00f6r\u00fc\u015f\u00fcld\u00fc. Meclis [&hellip;]<\/p>\n","protected":false},"author":2,"featured_media":39538,"comment_status":"closed","ping_status":"closed","sticky":false,"template":"","format":"standard","meta":{"footnotes":""},"categories":[3],"tags":[],"class_list":["post-39537","post","type-post","status-publish","format-standard","has-post-thumbnail","hentry","category-manset"],"views":3,"_links":{"self":[{"href":"https:\/\/mersinkadingazetesi.com\/index.php?rest_route=\/wp\/v2\/posts\/39537"}],"collection":[{"href":"https:\/\/mersinkadingazetesi.com\/index.php?rest_route=\/wp\/v2\/posts"}],"about":[{"href":"https:\/\/mersinkadingazetesi.com\/index.php?rest_route=\/wp\/v2\/types\/post"}],"author":[{"embeddable":true,"href":"https:\/\/mersinkadingazetesi.com\/index.php?rest_route=\/wp\/v2\/users\/2"}],"replies":[{"embeddable":true,"href":"https:\/\/mersinkadingazetesi.com\/index.php?rest_route=%2Fwp%2Fv2%2Fcomments&post=39537"}],"version-history":[{"count":1,"href":"https:\/\/mersinkadingazetesi.com\/index.php?rest_route=\/wp\/v2\/posts\/39537\/revisions"}],"predecessor-version":[{"id":39539,"href":"https:\/\/mersinkadingazetesi.com\/index.php?rest_route=\/wp\/v2\/posts\/39537\/revisions\/39539"}],"wp:featuredmedia":[{"embeddable":true,"href":"https:\/\/mersinkadingazetesi.com\/index.php?rest_route=\/wp\/v2\/media\/39538"}],"wp:attachment":[{"href":"https:\/\/mersinkadingazetesi.com\/index.php?rest_route=%2Fwp%2Fv2%2Fmedia&parent=39537"}],"wp:term":[{"taxonomy":"category","embeddable":true,"href":"https:\/\/mersinkadingazetesi.com\/index.php?rest_route=%2Fwp%2Fv2%2Fcategories&post=39537"},{"taxonomy":"post_tag","embeddable":true,"href":"https:\/\/mersinkadingazetesi.com\/index.php?rest_route=%2Fwp%2Fv2%2Ftags&post=39537"}],"curies":[{"name":"wp","href":"https:\/\/api.w.org\/{rel}","templated":true}]}}