{"id":39540,"date":"2025-02-11T11:22:45","date_gmt":"2025-02-11T08:22:45","guid":{"rendered":"https:\/\/mersinkadingazetesi.com\/?p=39540"},"modified":"2025-02-11T11:22:45","modified_gmt":"2025-02-11T08:22:45","slug":"chp-akdeniz-ilce-baskani-semih-palamut-sonuna-kadar-mucadele-edecegiz","status":"publish","type":"post","link":"https:\/\/mersinkadingazetesi.com\/?p=39540","title":{"rendered":"CHP AKDEN\u0130Z \u0130L\u00c7E BA\u015eKANI SEM\u0130H PALAMUT: &#8220;SONUNA KADAR M\u00dcCADELE EDECE\u011e\u0130Z&#8221;"},"content":{"rendered":"\n<p>Cumhuriyet Halk Partisi (CHP) Akdeniz \u0130l\u00e7e Ba\u015fkan\u0131 Semih Palamut, Ankara Cumhuriyet Ba\u015fsavc\u0131l\u0131\u011f\u0131&#8217;n\u0131n CHP 38. Ola\u011fan Kurultay\u0131 hakk\u0131nda ba\u015flatt\u0131\u011f\u0131 incelemeleri ele\u015ftiren bir a\u00e7\u0131klama yapt\u0131.<\/p>\n\n\n\n<p>Palamut, bu incelemelerin partinin demokratik yap\u0131s\u0131na ve \u00fcyelerinin iradesine y\u00f6nelik a\u00e7\u0131k bir sald\u0131r\u0131 oldu\u011funu vurgulad\u0131.<\/p>\n\n\n\n<p>&#8220;PART\u0130M\u0130Z\u0130N \u0130RADES\u0130 ASLA SORGULANMAMALI&#8221;<\/p>\n\n\n\n<p>Palamut, yapt\u0131\u011f\u0131 bas\u0131n toplant\u0131s\u0131nda, &#8220;Kurultay\u0131m\u0131z, Cumhuriyet Halk Partisi&#8217;nin gelece\u011fi i\u00e7in olduk\u00e7a \u00f6nemlidir. Bu tarz incelemeler, t\u00fcm \u00fcyelerimizin iradesinin sorgulanmas\u0131na yol a\u00e7maktad\u0131r. Hi\u00e7bir iddia, partimizin demokratik i\u015fleyi\u015fini bozamaz&#8221; ifadelerini kulland\u0131.<\/p>\n\n\n\n<p>&#8220;DEMOKRAS\u0130YE YAPILAN SALDIRILAR KABUL ED\u0130LEMEZ&#8221;<\/p>\n\n\n\n<p>CHP&#8217;nin \u00f6zellikle son d\u00f6nemlerde maruz kald\u0131\u011f\u0131 bask\u0131lara dikkat \u00e7eken Palamut, &#8220;Demokrasinin temellerine at\u0131lan bu t\u00fcr darbeler, kabul edilemez. Kurultay\u0131m\u0131z, partimiz i\u00e7in bir d\u00f6n\u00fcm noktas\u0131d\u0131r. Bu d\u00f6n\u00fcm noktas\u0131nda bizler, irademizi korumak i\u00e7in sonuna kadar m\u00fccadele edece\u011fiz&#8221; dedi.<\/p>\n\n\n\n<p>&#8220;G\u00dc\u00c7L\u00dc B\u0130R B\u0130RL\u0130\u011eE \u0130HT\u0130YACIMIZ VAR&#8221;<\/p>\n\n\n\n<p>Ba\u015fkan Palamut, partililere birlik ve dayan\u0131\u015fma \u00e7a\u011fr\u0131s\u0131nda bulunarak, &#8220;Bizler, bu t\u00fcr provokasyonlara kar\u015f\u0131 sa\u011flam bir duru\u015f sergilemek zorunday\u0131z. Amac\u0131m\u0131z, partimizin ruhunu ve de\u011ferlerini korumak. CHP, her zaman halk\u0131n yan\u0131nda olacakt\u0131r&#8221; \u015feklinde konu\u015ftu.<\/p>\n\n\n\n<p>&nbsp;&#8220;G\u00dcVEN VE \u015eEFFAFLIKLA Y\u00dcR\u00dcY\u00dcP G\u0130DECE\u011e\u0130Z&#8221;<\/p>\n\n\n\n<p>Semih Palamut, &#8220;A\u00e7\u0131lan bu incelemeler, ne olursa olsun partimizin gelece\u011fini \u015fekillendirmeyecektir. Bizler, g\u00fcven ve \u015feffafl\u0131k ilkeleri ile hareket ederek CHP&#8217;nin hedeflerine ula\u015fmak i\u00e7in b\u00fct\u00fcn g\u00fcc\u00fcm\u00fczle \u00e7al\u0131\u015faca\u011f\u0131z&#8221; ifadelerini kullanarak s\u00f6zlerini tamamlad\u0131.<\/p>\n\n\n\n<p>Bu a\u00e7\u0131klamalarla Semih Palamut, Cumhuriyet Halk Partisi&#8217;nin birlik ve beraberli\u011fine vurgu yaparak, partinin gelece\u011fi i\u00e7in kararl\u0131 olduklar\u0131n\u0131 yineledi.<\/p>\n","protected":false},"excerpt":{"rendered":"<p>Cumhuriyet Halk Partisi (CHP) Akdeniz \u0130l\u00e7e Ba\u015fkan\u0131 Semih Palamut, Ankara Cumhuriyet Ba\u015fsavc\u0131l\u0131\u011f\u0131&#8217;n\u0131n CHP 38. Ola\u011fan Kurultay\u0131 hakk\u0131nda ba\u015flatt\u0131\u011f\u0131 incelemeleri ele\u015ftiren bir a\u00e7\u0131klama yapt\u0131. Palamut, bu incelemelerin partinin demokratik yap\u0131s\u0131na ve \u00fcyelerinin iradesine y\u00f6nelik a\u00e7\u0131k bir sald\u0131r\u0131 oldu\u011funu vurgulad\u0131. &#8220;PART\u0130M\u0130Z\u0130N \u0130RADES\u0130 ASLA SORGULANMAMALI&#8221; Palamut, yapt\u0131\u011f\u0131 bas\u0131n toplant\u0131s\u0131nda, &#8220;Kurultay\u0131m\u0131z, Cumhuriyet Halk Partisi&#8217;nin gelece\u011fi i\u00e7in olduk\u00e7a \u00f6nemlidir. Bu [&hellip;]<\/p>\n","protected":false},"author":2,"featured_media":39541,"comment_status":"closed","ping_status":"closed","sticky":false,"template":"","format":"standard","meta":{"footnotes":""},"categories":[3],"tags":[],"class_list":["post-39540","post","type-post","status-publish","format-standard","has-post-thumbnail","hentry","category-manset"],"views":6,"_links":{"self":[{"href":"https:\/\/mersinkadingazetesi.com\/index.php?rest_route=\/wp\/v2\/posts\/39540"}],"collection":[{"href":"https:\/\/mersinkadingazetesi.com\/index.php?rest_route=\/wp\/v2\/posts"}],"about":[{"href":"https:\/\/mersinkadingazetesi.com\/index.php?rest_route=\/wp\/v2\/types\/post"}],"author":[{"embeddable":true,"href":"https:\/\/mersinkadingazetesi.com\/index.php?rest_route=\/wp\/v2\/users\/2"}],"replies":[{"embeddable":true,"href":"https:\/\/mersinkadingazetesi.com\/index.php?rest_route=%2Fwp%2Fv2%2Fcomments&post=39540"}],"version-history":[{"count":1,"href":"https:\/\/mersinkadingazetesi.com\/index.php?rest_route=\/wp\/v2\/posts\/39540\/revisions"}],"predecessor-version":[{"id":39542,"href":"https:\/\/mersinkadingazetesi.com\/index.php?rest_route=\/wp\/v2\/posts\/39540\/revisions\/39542"}],"wp:featuredmedia":[{"embeddable":true,"href":"https:\/\/mersinkadingazetesi.com\/index.php?rest_route=\/wp\/v2\/media\/39541"}],"wp:attachment":[{"href":"https:\/\/mersinkadingazetesi.com\/index.php?rest_route=%2Fwp%2Fv2%2Fmedia&parent=39540"}],"wp:term":[{"taxonomy":"category","embeddable":true,"href":"https:\/\/mersinkadingazetesi.com\/index.php?rest_route=%2Fwp%2Fv2%2Fcategories&post=39540"},{"taxonomy":"post_tag","embeddable":true,"href":"https:\/\/mersinkadingazetesi.com\/index.php?rest_route=%2Fwp%2Fv2%2Ftags&post=39540"}],"curies":[{"name":"wp","href":"https:\/\/api.w.org\/{rel}","templated":true}]}}