{"id":39543,"date":"2025-02-11T11:25:15","date_gmt":"2025-02-11T08:25:15","guid":{"rendered":"https:\/\/mersinkadingazetesi.com\/?p=39543"},"modified":"2025-02-11T11:25:16","modified_gmt":"2025-02-11T08:25:16","slug":"sehit-jandarma-asb-kd-ucvs-celil-mutlu-kutuphanesinin-acilisi-gerceklestirildi","status":"publish","type":"post","link":"https:\/\/mersinkadingazetesi.com\/?p=39543","title":{"rendered":"&#8220;\u015eEH\u0130T JANDARMA ASB. KD. \u00dc\u00c7V\u015e. CEL\u0130L MUTLU K\u00dcT\u00dcPHANES\u0130&#8221;N\u0130N A\u00c7ILI\u015eI GER\u00c7EKLE\u015eT\u0130R\u0130LD\u0130"},"content":{"rendered":"\n<p>Valimiz Say\u0131n Ali Hamza Pehlivan, Yeni\u015fehir il\u00e7esinde bulunan Hac\u0131 Zarife &#8211; \u00c7elebi Aygar Anadolu Lisesi i\u00e7erisinde yap\u0131lan &#8220;\u015eehit Jandarma Asb. Kd. \u00dc\u00e7v\u015f. Celil Mutlu K\u00fct\u00fcphanesi&#8221;nin a\u00e7\u0131l\u0131\u015f\u0131n\u0131 ger\u00e7ekle\u015ftirdi.<\/p>\n\n\n\n<p>Sayg\u0131 duru\u015funda bulunulmas\u0131, \u0130stiklal Mar\u015f\u0131&#8217;n\u0131n okunmas\u0131n\u0131n ard\u0131ndan \u015eehit Jandarma Asb. Kd. \u00dc\u00e7v\u015f. Celil Mutlu&#8217;nun \u00f6zge\u00e7mi\u015fi okundu, duan\u0131n yap\u0131lmas\u0131n\u0131n ard\u0131ndan Valimiz Say\u0131n Ali Hamza Pehlivan, \u015eehidimizin annesi Emine Mutlu, babas\u0131 Ali Mutlu, e\u015fi Melike Mutlu ve beraberindeki heyet taraf\u0131ndan a\u00e7\u0131l\u0131\u015f kurdelesi kesildi.&nbsp;<\/p>\n\n\n\n<p>K\u00fct\u00fcphanenin hay\u0131rl\u0131 u\u011furlu olmas\u0131n\u0131 dileyen Valimiz Say\u0131n Ali Hamza Pehlivan: &#8220;Vatan\u0131m\u0131z\u0131n birli\u011fi b\u00fct\u00fcnl\u00fc\u011f\u00fc i\u00e7in can\u0131n\u0131 veren, kan\u0131n\u0131 ak\u0131tan Jandarma Asb. Kd. \u00dc\u00e7v\u015f. Celil Mutlu \u015eehidimizi ve b\u00fct\u00fcn \u015eehitlerimizi rahmetle ve minnetle yad ediyorum.&nbsp;<\/p>\n\n\n\n<p>Bu k\u00fct\u00fcphanemizin yap\u0131lmas\u0131nda eme\u011fi ge\u00e7en ba\u015fta \u015eehit ailemiz olmak \u00fczere Jandarma Komutanl\u0131\u011f\u0131m\u0131za,Kaymakaml\u0131\u011f\u0131m\u0131za, Mill\u00ee E\u011fitim M\u00fcd\u00fcrl\u00fc\u011f\u00fcm\u00fcze, Karde\u015f K\u00f6y Okullar\u0131 Toplulu\u011funa, katk\u0131 ve eme\u011fi olan b\u00fct\u00fcn ki\u015fi ve kurumlara te\u015fekk\u00fcr diyorum.&#8221; dedi.<\/p>\n\n\n\n<p>Programda, \u015eehit Jandarma Asb. Kd. \u00dc\u00e7v\u015f. Celil Mutlu&#8217;nun e\u015fi Melike Mutlu, Okul M\u00fcd\u00fcr\u00fc Sedat Gergin ve Karde\u015f K\u00f6y Okullar\u0131 Toplulu\u011fu Ba\u015fkan\u0131 Hilal Kalafat da birer konu\u015fma ger\u00e7ekle\u015ftirdi.<\/p>\n\n\n\n<p>Programda Valimiz Say\u0131n Ali Hamza Pehlivan, \u015eehidimizin annesi Emine Mutlu ile babas\u0131 Ali Mutlu&#8217;ya ve e\u015fi Melike Mutlu&#8217;ya T\u00fcrk bayra\u011f\u0131 takdim etti. \u015eehit Jandarma Uzman \u00c7avu\u015f As\u0131m T\u00fcrkel&#8217;in babas\u0131 Hasan T\u00fcrkel ve annesi Sebahat T\u00fcrkel de Valimiz Say\u0131n Ali Hamza Pehlivan&#8217;a plaket takdim etti.<\/p>\n\n\n\n<p>A\u00e7\u0131l\u0131\u015f program\u0131na kat\u0131lan \u0130l Mill\u00ee E\u011fitim M\u00fcd\u00fcr\u00fc Fazilet Durmu\u015f: &#8220;\u015eehidimizi ve vatan\u0131m\u0131z u\u011fruna can\u0131n\u0131 veren t\u00fcm \u015fehitlerimizi sayg\u0131yla ve minnetle yad ediyorum. K\u00fct\u00fcphanemiz i\u00e7in destek veren ba\u015fta Valimiz Say\u0131n Ali Hamza Pehlivan&#8217;a, \u015fehidimizin k\u0131ymetli ailesine ve eme\u011fi ge\u00e7en herkese te\u015fekk\u00fcr ediyorum. Bu g\u00fczel k\u00fct\u00fcphanenin evlatlar\u0131m\u0131z i\u00e7in hay\u0131rl\u0131 olmas\u0131n\u0131 temenni ediyorum.&#8221; ifadelerini kulland\u0131.<\/p>\n\n\n\n<p><a href=\"https:\/\/mersin.meb.gov.tr\/meb_iys_dosyalar\/2025_02\/10153931_whatsappimage20250210at15.25.10.jpg\" target=\"_blank\" rel=\"noreferrer noopener\"><\/a><\/p>\n","protected":false},"excerpt":{"rendered":"<p>Valimiz Say\u0131n Ali Hamza Pehlivan, Yeni\u015fehir il\u00e7esinde bulunan Hac\u0131 Zarife &#8211; \u00c7elebi Aygar Anadolu Lisesi i\u00e7erisinde yap\u0131lan &#8220;\u015eehit Jandarma Asb. Kd. \u00dc\u00e7v\u015f. Celil Mutlu K\u00fct\u00fcphanesi&#8221;nin a\u00e7\u0131l\u0131\u015f\u0131n\u0131 ger\u00e7ekle\u015ftirdi. Sayg\u0131 duru\u015funda bulunulmas\u0131, \u0130stiklal Mar\u015f\u0131&#8217;n\u0131n okunmas\u0131n\u0131n ard\u0131ndan \u015eehit Jandarma Asb. Kd. \u00dc\u00e7v\u015f. Celil Mutlu&#8217;nun \u00f6zge\u00e7mi\u015fi okundu, duan\u0131n yap\u0131lmas\u0131n\u0131n ard\u0131ndan Valimiz Say\u0131n Ali Hamza Pehlivan, \u015eehidimizin annesi Emine Mutlu, [&hellip;]<\/p>\n","protected":false},"author":2,"featured_media":39544,"comment_status":"closed","ping_status":"closed","sticky":false,"template":"","format":"standard","meta":{"footnotes":""},"categories":[3],"tags":[],"class_list":["post-39543","post","type-post","status-publish","format-standard","has-post-thumbnail","hentry","category-manset"],"views":5,"_links":{"self":[{"href":"https:\/\/mersinkadingazetesi.com\/index.php?rest_route=\/wp\/v2\/posts\/39543"}],"collection":[{"href":"https:\/\/mersinkadingazetesi.com\/index.php?rest_route=\/wp\/v2\/posts"}],"about":[{"href":"https:\/\/mersinkadingazetesi.com\/index.php?rest_route=\/wp\/v2\/types\/post"}],"author":[{"embeddable":true,"href":"https:\/\/mersinkadingazetesi.com\/index.php?rest_route=\/wp\/v2\/users\/2"}],"replies":[{"embeddable":true,"href":"https:\/\/mersinkadingazetesi.com\/index.php?rest_route=%2Fwp%2Fv2%2Fcomments&post=39543"}],"version-history":[{"count":1,"href":"https:\/\/mersinkadingazetesi.com\/index.php?rest_route=\/wp\/v2\/posts\/39543\/revisions"}],"predecessor-version":[{"id":39545,"href":"https:\/\/mersinkadingazetesi.com\/index.php?rest_route=\/wp\/v2\/posts\/39543\/revisions\/39545"}],"wp:featuredmedia":[{"embeddable":true,"href":"https:\/\/mersinkadingazetesi.com\/index.php?rest_route=\/wp\/v2\/media\/39544"}],"wp:attachment":[{"href":"https:\/\/mersinkadingazetesi.com\/index.php?rest_route=%2Fwp%2Fv2%2Fmedia&parent=39543"}],"wp:term":[{"taxonomy":"category","embeddable":true,"href":"https:\/\/mersinkadingazetesi.com\/index.php?rest_route=%2Fwp%2Fv2%2Fcategories&post=39543"},{"taxonomy":"post_tag","embeddable":true,"href":"https:\/\/mersinkadingazetesi.com\/index.php?rest_route=%2Fwp%2Fv2%2Ftags&post=39543"}],"curies":[{"name":"wp","href":"https:\/\/api.w.org\/{rel}","templated":true}]}}