{"id":39546,"date":"2025-02-11T11:33:36","date_gmt":"2025-02-11T08:33:36","guid":{"rendered":"https:\/\/mersinkadingazetesi.com\/?p=39546"},"modified":"2025-02-11T11:33:36","modified_gmt":"2025-02-11T08:33:36","slug":"osblerdeki-iltisak-hatlari-cukurova-kalkinma-ajansi-ile-belirlenip-onceliklendirilecek","status":"publish","type":"post","link":"https:\/\/mersinkadingazetesi.com\/?p=39546","title":{"rendered":"OSB\u2019lerdeki \u0130ltisak Hatlar\u0131 \u00c7ukurova Kalk\u0131nma Ajans\u0131 \u0130le Belirlenip \u00d6nceliklendirilecek"},"content":{"rendered":"\n<p><strong>\u00dcniversitemiz, \u00c7ukurova Kalk\u0131nma Ajans\u0131 ile organize sanayi b\u00f6lgesi (OSB) iltisak hatlar\u0131 ihtiyac\u0131n\u0131n belirlenmesi ve \u00f6nceliklendirilmesi kapsam\u0131nda i\u015f birli\u011fi protokol\u00fc imzalad\u0131.<\/strong><\/p>\n\n\n\n<p><strong>\u00dcniversitemiz Senato Odas\u0131\u2019nda 10 \u015eubat Pazartesi g\u00fcn\u00fc d\u00fczenlenen protokol imza t\u00f6renine, Rekt\u00f6r\u00fcm\u00fcz Prof. Dr. Erol Ya\u015far, \u00dcniversitemiz Genel Sekreteri \u0130sa De\u011firmenci, \u00c7ukurova Kalk\u0131nma Ajans\u0131 Genel Sekreteri Ahmet Rifat Duran, \u00f6\u011fretim \u00fcyelerimiz Do\u00e7. Dr. Fikret Zorlu ve Do\u00e7. Dr. Murat \u00d6zen, Planlama Programlama ve Koordinasyon Birimi Ba\u015fkan\u0131 Murat Torun ve Mersin Destek Yat\u0131r\u0131m Koordinat\u00f6r\u00fc Uzman Levent Seleko\u011flu kat\u0131ld\u0131.<\/strong><\/p>\n\n\n\n<p><strong>Protokol imza t\u00f6reninde konu\u015fan Rekt\u00f6r\u00fcm\u00fcz Prof. Dr. Erol Ya\u015far, imzalanan protokol\u00fcn \u00fclkemiz sanayisi, ekonomisi ve b\u00f6lgemiz i\u00e7in \u00e7ok \u00f6nemli oldu\u011funu dile getirdi. Prof. Dr. Erol Ya\u015far,&nbsp; b\u00f6ylesi \u00f6nemli bir protokole Mersin \u00dcniversitesi olarak imza atmaktan b\u00fcy\u00fck bir memnuniyet duydu\u011fu dile getirerek, protokol\u00fcn \u00fclkemiz ve \u00fclke sanayisi i\u00e7in hay\u0131rlara vesile olmas\u0131n\u0131 diledi.<\/strong><\/p>\n\n\n\n<p><strong>\u0130mza t\u00f6reni, protokol\u00fcn imzalanmas\u0131 ve foto\u011fraf \u00e7ekiminin ard\u0131ndan sona erdi.<\/strong><\/p>\n\n\n\n<p><strong>Proje ile kurulacak ara\u015ft\u0131rma grubu, 26 Kalk\u0131nma Ajans\u0131\u2019n\u0131n sorumlu oldu\u011fu b\u00f6lgelerdeki mevcut OSB\u2019lerin iltisak hatlar\u0131 ihtiya\u00e7lar\u0131n\u0131n belirlenmesi ve \u00f6nceliklendirilmesi i\u00e7in ara\u015ft\u0131rmalar yapacak. TCDD, UAB, OSB ve di\u011fer veri kaynaklar\u0131ndan verilerin toplanmas\u0131 ve d\u00fczenlenmesi yine bu proje ile ger\u00e7ekle\u015ftirilecek. \u00d6n \u00e7al\u0131\u015fma ve analiz sonucunda s\u0131ras\u0131yla \u00f6nceliklendirmeler yap\u0131lacak ve ard\u0131ndan haritalamalar ger\u00e7ekle\u015ftirilerek sonu\u00e7 raporu olu\u015fturulacak.<\/strong><\/p>\n","protected":false},"excerpt":{"rendered":"<p>\u00dcniversitemiz, \u00c7ukurova Kalk\u0131nma Ajans\u0131 ile organize sanayi b\u00f6lgesi (OSB) iltisak hatlar\u0131 ihtiyac\u0131n\u0131n belirlenmesi ve \u00f6nceliklendirilmesi kapsam\u0131nda i\u015f birli\u011fi protokol\u00fc imzalad\u0131. \u00dcniversitemiz Senato Odas\u0131\u2019nda 10 \u015eubat Pazartesi g\u00fcn\u00fc d\u00fczenlenen protokol imza t\u00f6renine, Rekt\u00f6r\u00fcm\u00fcz Prof. Dr. Erol Ya\u015far, \u00dcniversitemiz Genel Sekreteri \u0130sa De\u011firmenci, \u00c7ukurova Kalk\u0131nma Ajans\u0131 Genel Sekreteri Ahmet Rifat Duran, \u00f6\u011fretim \u00fcyelerimiz Do\u00e7. Dr. Fikret Zorlu [&hellip;]<\/p>\n","protected":false},"author":2,"featured_media":39547,"comment_status":"closed","ping_status":"closed","sticky":false,"template":"","format":"standard","meta":{"footnotes":""},"categories":[3],"tags":[],"class_list":["post-39546","post","type-post","status-publish","format-standard","has-post-thumbnail","hentry","category-manset"],"views":6,"_links":{"self":[{"href":"https:\/\/mersinkadingazetesi.com\/index.php?rest_route=\/wp\/v2\/posts\/39546"}],"collection":[{"href":"https:\/\/mersinkadingazetesi.com\/index.php?rest_route=\/wp\/v2\/posts"}],"about":[{"href":"https:\/\/mersinkadingazetesi.com\/index.php?rest_route=\/wp\/v2\/types\/post"}],"author":[{"embeddable":true,"href":"https:\/\/mersinkadingazetesi.com\/index.php?rest_route=\/wp\/v2\/users\/2"}],"replies":[{"embeddable":true,"href":"https:\/\/mersinkadingazetesi.com\/index.php?rest_route=%2Fwp%2Fv2%2Fcomments&post=39546"}],"version-history":[{"count":1,"href":"https:\/\/mersinkadingazetesi.com\/index.php?rest_route=\/wp\/v2\/posts\/39546\/revisions"}],"predecessor-version":[{"id":39548,"href":"https:\/\/mersinkadingazetesi.com\/index.php?rest_route=\/wp\/v2\/posts\/39546\/revisions\/39548"}],"wp:featuredmedia":[{"embeddable":true,"href":"https:\/\/mersinkadingazetesi.com\/index.php?rest_route=\/wp\/v2\/media\/39547"}],"wp:attachment":[{"href":"https:\/\/mersinkadingazetesi.com\/index.php?rest_route=%2Fwp%2Fv2%2Fmedia&parent=39546"}],"wp:term":[{"taxonomy":"category","embeddable":true,"href":"https:\/\/mersinkadingazetesi.com\/index.php?rest_route=%2Fwp%2Fv2%2Fcategories&post=39546"},{"taxonomy":"post_tag","embeddable":true,"href":"https:\/\/mersinkadingazetesi.com\/index.php?rest_route=%2Fwp%2Fv2%2Ftags&post=39546"}],"curies":[{"name":"wp","href":"https:\/\/api.w.org\/{rel}","templated":true}]}}