{"id":39549,"date":"2025-02-11T11:35:35","date_gmt":"2025-02-11T08:35:35","guid":{"rendered":"https:\/\/mersinkadingazetesi.com\/?p=39549"},"modified":"2025-02-11T11:35:35","modified_gmt":"2025-02-11T08:35:35","slug":"iskur-ile-universitemiz-arasinda-genclere-is-deneyimi-kazandiracak-iskur-genclik-programi-icin-imzalar-atildi","status":"publish","type":"post","link":"https:\/\/mersinkadingazetesi.com\/?p=39549","title":{"rendered":"\u0130\u015eKUR ile \u00dcniversitemiz Aras\u0131nda Gen\u00e7lere \u0130\u015f Deneyimi Kazand\u0131racak \u201c\u0130\u015eKUR Gen\u00e7lik Program\u0131\u201d \u0130\u00e7in \u0130mzalar At\u0131ld\u0131"},"content":{"rendered":"\n<p>Cumhurba\u015fkan\u0131m\u0131z Say\u0131n Recep Tayyip Erdo\u011fan\u2019\u0131n Ankara\u2019da 4 \u015eubat Sal\u0131 g\u00fcn\u00fc Ulusal \u0130stihdam Stratejisi Tan\u0131t\u0131m ve \u0130\u015eKUR Gen\u00e7lik Program\u0131\u2019n\u0131n Ba\u015flat\u0131lmas\u0131 Toplant\u0131s\u0131\u2019nda kamuoyuna duyurdu\u011fu \u0130\u015eKUR Gen\u00e7lik Program\u0131 kapsam\u0131nda \u0130\u015eKUR ile \u00dcniversitemiz aras\u0131nda i\u015f birli\u011fi protokol\u00fc imzaland\u0131.<br>10 \u015eubat Pazartesi g\u00fcn\u00fc \u00dcniversitemiz Senato Odas\u0131\u2019nda d\u00fczenlenen protokol imza t\u00f6renine, Rekt\u00f6r\u00fcm\u00fcz Prof. Dr. Erol Ya\u015far, Mersin \u00c7al\u0131\u015fma ve \u0130\u015f Kurumu \u0130l M\u00fcd\u00fcr\u00fc Yunus Emre Akal\u0131n, \u00dcniversitemiz Genel Sekreteri \u0130sa De\u011firmenci, Genel Sekreter Yard\u0131mc\u0131m\u0131z U\u011fur \u00dcnal, \u0130\u015eKUR M\u00fcd\u00fcr Yard\u0131mc\u0131s\u0131 Ercan G\u00f6n ve \u0130\u015eKUR Gen\u00e7lik Program\u0131 Servisi \u015eefi Mustafa Mert kat\u0131ld\u0131.<br>\u201c\u00d6\u011frencilerimizi \u0130\u015f Hayat\u0131na Donan\u0131ml\u0131 Bir \u015eekilde Haz\u0131rlayaca\u011f\u0131z\u201d<br>Protokol imza t\u00f6reninde konu\u015fan \u00dcniversitemiz Rekt\u00f6r\u00fc Prof. Dr. Erol Ya\u015far, gelece\u011fimizin teminat\u0131 gen\u00e7lerimizi i\u015f hayat\u0131na erkenden ve donan\u0131ml\u0131 bir \u015fekilde haz\u0131rlayacak Gen\u00e7lik Program\u0131\u2019n\u0131n Mersin \u00dcniversitesi\u2019nde uygulanacak olmas\u0131ndan dolay\u0131 gurur duyduklar\u0131n\u0131 ifade etti. Prof. Dr. Erol Ya\u015far, program ile \u00fcniversitemizin e\u011fitim yakla\u015f\u0131m\u0131 ve Gen\u00e7lik Program\u0131 sayesinde gen\u00e7lerimizin, hem teorik hem de pratik e\u011fitimlerden yararlanarak i\u015f d\u00fcnyas\u0131nda gereken becerileri edinme f\u0131rsat\u0131 bulaca\u011f\u0131n\u0131 ifade etti.<br>\u00d6\u011frencilerimizin i\u015f ba\u015f\u0131nda \u00f6\u011frenme imk\u00e2n\u0131 sayesinde sahada deneyim kazanarak mezuniyet sonras\u0131 i\u015f bulma s\u00fcre\u00e7lerinin daha kolay hale gelece\u011fini vurgulayan Rekt\u00f6r\u00fcm\u00fcz Prof. Dr. Erol Ya\u015far, ba\u015fta Say\u0131n Cumhurba\u015fkan\u0131m\u0131z olmak \u00fczere, \u00c7al\u0131\u015fma ve Sosyal G\u00fcvenlik Bakan\u0131, \u0130\u015eKUR Genel M\u00fcd\u00fcr\u00fc ile s\u00fcrece emek ve katk\u0131 sunan herkese te\u015fekk\u00fcrlerini iletti.<br>Ba\u015fvuru \u015eartlar\u0131 ve Ko\u015fullar Neler?<br>Programa ba\u015fvuracak \u00f6\u011frencilerin \u00f6rg\u00fcn e\u011fitimde aktif olmas\u0131, aile gelirinin 3 asgari \u00fccretin (66.312 TL) alt\u0131nda bulunmas\u0131 ve son bir ay i\u00e7inde i\u015fsiz olmas\u0131 gerekiyor. \u00d6\u011frenciler haftada en fazla 3 g\u00fcn \u00e7al\u0131\u015fabilecek ve g\u00fcnl\u00fck 1.083 TL \u00f6deme alacaklar. Bu kapsamda ayda 5 g\u00fcn \u00e7al\u0131\u015fanlar 5.415 TL, 14 g\u00fcn \u00e7al\u0131\u015fanlar ise 15 bin 162 TL gelir deste\u011fi alabilecek. Ayr\u0131ca, kat\u0131l\u0131mc\u0131lar\u0131n genel sa\u011fl\u0131k sigortas\u0131 ile i\u015f kazas\u0131 ve meslek hastal\u0131\u011f\u0131 primleri de \u0130\u015eKUR taraf\u0131ndan kar\u015f\u0131lanacak.<br>Ba\u015fvurular, 10-14 \u015eubat tarihleri aras\u0131nda \u0130\u015eKUR Gen\u00e7lik Platformu veya \u0130\u015eKUR Mobil Uygulamas\u0131 \u00fczerinden yap\u0131lacak. \u00d6\u011frenciler, program hakk\u0131nda detayl\u0131 bilgiye &#8220;genclik.iskur.gov.tr&#8221; adresinden ula\u015fabilecekler.<\/p>\n","protected":false},"excerpt":{"rendered":"<p>Cumhurba\u015fkan\u0131m\u0131z Say\u0131n Recep Tayyip Erdo\u011fan\u2019\u0131n Ankara\u2019da 4 \u015eubat Sal\u0131 g\u00fcn\u00fc Ulusal \u0130stihdam Stratejisi Tan\u0131t\u0131m ve \u0130\u015eKUR Gen\u00e7lik Program\u0131\u2019n\u0131n Ba\u015flat\u0131lmas\u0131 Toplant\u0131s\u0131\u2019nda kamuoyuna duyurdu\u011fu \u0130\u015eKUR Gen\u00e7lik Program\u0131 kapsam\u0131nda \u0130\u015eKUR ile \u00dcniversitemiz aras\u0131nda i\u015f birli\u011fi protokol\u00fc imzaland\u0131.10 \u015eubat Pazartesi g\u00fcn\u00fc \u00dcniversitemiz Senato Odas\u0131\u2019nda d\u00fczenlenen protokol imza t\u00f6renine, Rekt\u00f6r\u00fcm\u00fcz Prof. Dr. Erol Ya\u015far, Mersin \u00c7al\u0131\u015fma ve \u0130\u015f Kurumu \u0130l [&hellip;]<\/p>\n","protected":false},"author":2,"featured_media":39550,"comment_status":"closed","ping_status":"closed","sticky":false,"template":"","format":"standard","meta":{"footnotes":""},"categories":[3],"tags":[],"class_list":["post-39549","post","type-post","status-publish","format-standard","has-post-thumbnail","hentry","category-manset"],"views":4,"_links":{"self":[{"href":"https:\/\/mersinkadingazetesi.com\/index.php?rest_route=\/wp\/v2\/posts\/39549"}],"collection":[{"href":"https:\/\/mersinkadingazetesi.com\/index.php?rest_route=\/wp\/v2\/posts"}],"about":[{"href":"https:\/\/mersinkadingazetesi.com\/index.php?rest_route=\/wp\/v2\/types\/post"}],"author":[{"embeddable":true,"href":"https:\/\/mersinkadingazetesi.com\/index.php?rest_route=\/wp\/v2\/users\/2"}],"replies":[{"embeddable":true,"href":"https:\/\/mersinkadingazetesi.com\/index.php?rest_route=%2Fwp%2Fv2%2Fcomments&post=39549"}],"version-history":[{"count":1,"href":"https:\/\/mersinkadingazetesi.com\/index.php?rest_route=\/wp\/v2\/posts\/39549\/revisions"}],"predecessor-version":[{"id":39551,"href":"https:\/\/mersinkadingazetesi.com\/index.php?rest_route=\/wp\/v2\/posts\/39549\/revisions\/39551"}],"wp:featuredmedia":[{"embeddable":true,"href":"https:\/\/mersinkadingazetesi.com\/index.php?rest_route=\/wp\/v2\/media\/39550"}],"wp:attachment":[{"href":"https:\/\/mersinkadingazetesi.com\/index.php?rest_route=%2Fwp%2Fv2%2Fmedia&parent=39549"}],"wp:term":[{"taxonomy":"category","embeddable":true,"href":"https:\/\/mersinkadingazetesi.com\/index.php?rest_route=%2Fwp%2Fv2%2Fcategories&post=39549"},{"taxonomy":"post_tag","embeddable":true,"href":"https:\/\/mersinkadingazetesi.com\/index.php?rest_route=%2Fwp%2Fv2%2Ftags&post=39549"}],"curies":[{"name":"wp","href":"https:\/\/api.w.org\/{rel}","templated":true}]}}