{"id":39552,"date":"2025-02-11T11:38:08","date_gmt":"2025-02-11T08:38:08","guid":{"rendered":"https:\/\/mersinkadingazetesi.com\/?p=39552"},"modified":"2025-02-11T11:38:08","modified_gmt":"2025-02-11T08:38:08","slug":"minik-eller-toprakta-gelecegi-yesertiyor","status":"publish","type":"post","link":"https:\/\/mersinkadingazetesi.com\/?p=39552","title":{"rendered":"Minik Eller Toprakta Gelece\u011fi Ye\u015fertiyor"},"content":{"rendered":"\n<p>Domates, biber, marul, brokoli ve di\u011ferleri. Minik eller \u00f6nce ekti, aylar sonra ilk hasatlar\u0131n\u0131 yapt\u0131.<\/p>\n\n\n\n<p>Mersin Erdemli\u2019de minik \u00f6\u011frenciler, \u00e7ocuk seras\u0131nda hem \u00fcretmeyi \u00f6\u011freniyor hem de do\u011fa bilinci ile yeti\u015fiyor.<\/p>\n\n\n\n<p>Erdemli Belediyesi\u2019nin \u00e7ocuklar i\u00e7in kurdu\u011fu \u00c7ocuk Seras\u0131\u2019nda \u015eehit Musa \u00d6zallar Kre\u015f \u00f6\u011frencileri d\u00fczenli e\u011fitim al\u0131yor, tohum at\u0131lmas\u0131ndan, hasat edilmesine kadar \u00fcretim s\u00fcrecinin her a\u015famas\u0131nda yer al\u0131yor.<\/p>\n\n\n\n<p>Erdemli Belediyesi Park ve Bah\u00e7eler M\u00fcd\u00fcrl\u00fc\u011f\u00fc\u2019n\u00fcn uzman personelleri, \u00f6\u011fretmen ve \u00f6\u011frencilerle \u00fcretim s\u00fcrecini birlikte takip etti. Do\u011fa bilinci kazanan minik \u00f6\u011frenciler, domatesten salatal\u0131\u011fa, maruldan maydanoza, brokoliden karnabahara \u00fcrettikleri sebzelerin ilk hasad\u0131n\u0131 yapman\u0131n sevincini ya\u015fad\u0131. Minik \u00f6\u011frenciler ilk hasad\u0131n\u0131 Erdemli Belediye Ba\u015fkan\u0131 Mustafa Kara ile birlikte yapt\u0131.<\/p>\n\n\n\n<p>\u00c7ocuklar\u0131n do\u011fa bilinciyle yeti\u015fmeleri i\u00e7in \u00e7al\u0131\u015fmalar y\u00fcr\u00fctt\u00fcklerini ifade eden Erdemli Belediye Ba\u015fkan\u0131 Mustafa Kara, \u201c Bug\u00fcn Belediyemizin kre\u015finde e\u011fitim g\u00f6ren yavrular\u0131m\u0131zla birlikte Belediyemizin seras\u0131nday\u0131z. \u00c7ocuklar\u0131m\u0131z\u0131n do\u011fa bilinciyle yeti\u015fmesini arzuluyoruz. Kendileri deneyimleyerek, \u00f6\u011frenerek yeti\u015fmesini arzuluyoruz. Bu sebepten dolay\u0131 Belediyemizin bug\u00fcn \u00e7ocuk seras\u0131nday\u0131z. Onlarla birlikte daha \u00f6nce ekti\u011fimiz tohumlar\u0131 bug\u00fcn hasad\u0131n\u0131 ger\u00e7ekle\u015ftirdik. Daha ye\u015fil bir d\u00fcnya i\u00e7in gelece\u011fimizin teminat\u0131 olan \u00e7ocuklar\u0131m\u0131zla tohumlar at\u0131yoruz\u2019\u2019 diye konu\u015ftu.<\/p>\n\n\n\n<p>Serada marul karnabahar toplad\u0131\u011f\u0131n\u0131 ifade eden \u0130dil Taka, \u2018\u2019Biz bug\u00fcn marul toplad\u0131k serada. Karnabahar toplad\u0131k. Brokoli toplad\u0131k. Eti\u011fimiz sebzeler b\u00fcy\u00fcd\u00fc\u2019\u2019 diye konu\u015ftu.<\/p>\n\n\n\n<p>Toplad\u0131klar\u0131 sebzeleri okula g\u00f6t\u00fcreceklerini ifade eden Ahmet \u00d6zer, \u2018\u2019Bug\u00fcn sebzeleri toplayaca\u011f\u0131z. Toplay\u0131p da onlar\u0131 okula g\u00f6t\u00fcr\u00fcp yiyece\u011fiz\u2019\u2019 diye konu\u015ftu.<\/p>\n\n\n\n<p>Sebzeleri hasat edecekleri i\u00e7in mutlu oldu\u011funu ifade eden Derin Demir, \u2018\u2019Sebzeleri hasat edece\u011fiz\u2019\u2019 diye konu\u015ftu.<\/p>\n\n\n\n<p>\u00d6te yandan \u00f6\u011frenciler her hafta \u00c7ocuk Seras\u0131\u2019na giderek \u00fcreterek \u00f6\u011frenmeye devam ediyor.<\/p>\n","protected":false},"excerpt":{"rendered":"<p>Domates, biber, marul, brokoli ve di\u011ferleri. Minik eller \u00f6nce ekti, aylar sonra ilk hasatlar\u0131n\u0131 yapt\u0131. Mersin Erdemli\u2019de minik \u00f6\u011frenciler, \u00e7ocuk seras\u0131nda hem \u00fcretmeyi \u00f6\u011freniyor hem de do\u011fa bilinci ile yeti\u015fiyor. Erdemli Belediyesi\u2019nin \u00e7ocuklar i\u00e7in kurdu\u011fu \u00c7ocuk Seras\u0131\u2019nda \u015eehit Musa \u00d6zallar Kre\u015f \u00f6\u011frencileri d\u00fczenli e\u011fitim al\u0131yor, tohum at\u0131lmas\u0131ndan, hasat edilmesine kadar \u00fcretim s\u00fcrecinin her a\u015famas\u0131nda yer [&hellip;]<\/p>\n","protected":false},"author":2,"featured_media":39553,"comment_status":"closed","ping_status":"closed","sticky":false,"template":"","format":"standard","meta":{"footnotes":""},"categories":[3,5],"tags":[],"class_list":["post-39552","post","type-post","status-publish","format-standard","has-post-thumbnail","hentry","category-manset","category-mersin"],"views":10,"_links":{"self":[{"href":"https:\/\/mersinkadingazetesi.com\/index.php?rest_route=\/wp\/v2\/posts\/39552"}],"collection":[{"href":"https:\/\/mersinkadingazetesi.com\/index.php?rest_route=\/wp\/v2\/posts"}],"about":[{"href":"https:\/\/mersinkadingazetesi.com\/index.php?rest_route=\/wp\/v2\/types\/post"}],"author":[{"embeddable":true,"href":"https:\/\/mersinkadingazetesi.com\/index.php?rest_route=\/wp\/v2\/users\/2"}],"replies":[{"embeddable":true,"href":"https:\/\/mersinkadingazetesi.com\/index.php?rest_route=%2Fwp%2Fv2%2Fcomments&post=39552"}],"version-history":[{"count":1,"href":"https:\/\/mersinkadingazetesi.com\/index.php?rest_route=\/wp\/v2\/posts\/39552\/revisions"}],"predecessor-version":[{"id":39554,"href":"https:\/\/mersinkadingazetesi.com\/index.php?rest_route=\/wp\/v2\/posts\/39552\/revisions\/39554"}],"wp:featuredmedia":[{"embeddable":true,"href":"https:\/\/mersinkadingazetesi.com\/index.php?rest_route=\/wp\/v2\/media\/39553"}],"wp:attachment":[{"href":"https:\/\/mersinkadingazetesi.com\/index.php?rest_route=%2Fwp%2Fv2%2Fmedia&parent=39552"}],"wp:term":[{"taxonomy":"category","embeddable":true,"href":"https:\/\/mersinkadingazetesi.com\/index.php?rest_route=%2Fwp%2Fv2%2Fcategories&post=39552"},{"taxonomy":"post_tag","embeddable":true,"href":"https:\/\/mersinkadingazetesi.com\/index.php?rest_route=%2Fwp%2Fv2%2Ftags&post=39552"}],"curies":[{"name":"wp","href":"https:\/\/api.w.org\/{rel}","templated":true}]}}