{"id":39558,"date":"2025-02-11T11:41:23","date_gmt":"2025-02-11T08:41:23","guid":{"rendered":"https:\/\/mersinkadingazetesi.com\/?p=39558"},"modified":"2025-02-11T11:41:24","modified_gmt":"2025-02-11T08:41:24","slug":"buyuksehir-engelsiz-transfer-araci-ozel-gereksinimli-bireylerin-hizmetinde","status":"publish","type":"post","link":"https:\/\/mersinkadingazetesi.com\/?p=39558","title":{"rendered":"B\u00dcY\u00dcK\u015eEH\u0130R &#8216;ENGELS\u0130Z TRANSFER ARACI&#8217; \u00d6ZEL GEREKS\u0130N\u0130ML\u0130 B\u0130REYLER\u0130N H\u0130ZMET\u0130NDE"},"content":{"rendered":"\n<p>Mersin B\u00fcy\u00fck\u015fehir Belediyesi,&nbsp;<strong>&#8216;Engelsiz Transfer Arac\u0131&#8217;<\/strong>&nbsp;hizmeti ile \u00f6zel gereksinimli bireylerin \u015fehir i\u00e7i ula\u015f\u0131m\u0131n\u0131 daha konforlu hale getiriyor. Sa\u011fl\u0131k \u0130\u015fleri Dairesi Engelliler \u015eube M\u00fcd\u00fcrl\u00fc\u011f\u00fc taraf\u0131ndan sa\u011flanan bu hizmet; ortopedik engelli bireylerin kamu kurumlar\u0131, hastaneler, s\u0131nav yerleri ve di\u011fer noktalara kolayca ula\u015fmalar\u0131n\u0131 sa\u011fl\u0131yor. 2019 y\u0131l\u0131ndan bu yana sa\u011flanan hizmetle, kentteki 4 merkez il\u00e7ede 56 bin 790 kez Engelsiz Transfer Arac\u0131 ile ula\u015f\u0131m sa\u011fland\u0131.<\/p>\n\n\n\n<p>B\u00fcy\u00fck\u015fehir Belediyesi; bu hizmetiyle \u00f6zel gereksinimli bireylerin ba\u011f\u0131ms\u0131z hareket etmelerini te\u015fvik ederken, eri\u015filebilir ula\u015f\u0131m\u0131n \u00f6nemine de dikkat \u00e7ekiyor. Engelsiz Transfer Arac\u0131 sadece ula\u015f\u0131m kolayl\u0131\u011f\u0131 sa\u011flam\u0131yor, ayn\u0131 zamanda ortopedik engelli bireylerin toplumsal hayata kat\u0131l\u0131m\u0131n\u0131 da g\u00fc\u00e7lendiriyor. Y\u00fczde 40 ve \u00fczeri ortopedik engeli bulunan bireyler Engelsiz Transfer Arac\u0131&#8217;ndan faydalanmak i\u00e7in, 2 g\u00fcn \u00f6ncesinde Teksin \u00fczerinden ba\u015fvuru yapabiliyor. Bu sayede, Mersin&#8217;de ya\u015fayan \u00f6zel gereksinimli bireylerin toplu ta\u015f\u0131maya eri\u015fimde ya\u015fad\u0131klar\u0131 zorluklar en aza indiriliyor.<\/p>\n\n\n\n<p><strong>\u00d6rb\u00fck: &#8220;\u00d6zel gereksinimli bireylerin \u015fehir hayat\u0131na daha etkin bir \u015fekilde kat\u0131lmalar\u0131n\u0131 sa\u011flamak istiyoruz&#8221;<\/strong><\/p>\n\n\n\n<p>Sa\u011fl\u0131k \u0130\u015fleri Dairesi Engelliler \u015eube M\u00fcd\u00fcrl\u00fc\u011f\u00fc&#8217;nde Sosyolog olarak g\u00f6rev yapan Onur \u00d6rb\u00fck, hizmetten y\u00fczde 40 ve \u00fczeri ortopedik engeli bulunan, ak\u00fcl\u00fc tekerlekli sandalye kullanan \u00f6zel gereksinimli bireylerin yararland\u0131\u011f\u0131n\u0131 belirterek,&nbsp;<strong>&#8220;Bu hizmetten faydalanabilmek i\u00e7in, talep edilen tarihten en az 2 g\u00fcn \u00f6nce randevu olu\u015fturulmas\u0131 gerekiyor. Biz belirttikleri tarih ve saatte onlar\u0131 adreslerinden al\u0131p istedikleri yere g\u00f6t\u00fcr\u00fcp, i\u015fleri bittikten sonra da adreslerine b\u0131rak\u0131yoruz. Kamu kurum ve kurulu\u015flar\u0131ndaki i\u015flerini halledebilmeleri i\u00e7in verilen bir hizmet. Hastane, di\u015f hastanesi, postane, adliye, s\u0131nav yerleri gibi bir\u00e7ok yere ula\u015f\u0131mlar\u0131n\u0131 sa\u011fl\u0131yoruz&#8221;<\/strong>&nbsp;dedi.<\/p>\n\n\n\n<p><strong><em>&#8216;Engelsiz Transfer Arac\u0131&#8217;<\/em><\/strong>&nbsp;hizmetinin, eri\u015filebilirli\u011fi kapsayan bir hizmet oldu\u011funu ifade eden&nbsp;\u00d6rb\u00fck,&nbsp;&nbsp;<strong>&#8220;\u015eehrin eri\u015filebilirli\u011fi bizim i\u00e7in \u00e7ok \u00f6nemli. \u00d6zel gereksinimli bireylerin \u015fehir hayat\u0131na daha etkin bir \u015fekilde kat\u0131lmalar\u0131n\u0131 sa\u011flamak amac\u0131yla verdi\u011fimiz hizmetleri, g\u00fcncelleyerek ve geli\u015ftirerek sunmaya devam ediyoruz&#8221;<\/strong>&nbsp;ifadelerine yer verdi.<\/p>\n\n\n\n<p><strong>Duruk: &#8220;Belediyemizin b\u00fct\u00fcn projelerinden herkesin faydalanmas\u0131 laz\u0131m&#8221;<\/strong><\/p>\n\n\n\n<p>Akdeniz il\u00e7esi \u015eevket S\u00fcmer Mahallesi&#8217;nde ikamet eden 24 ya\u015f\u0131ndaki Bar\u0131\u015f Duruk, y\u00fczde 80 ortopedik engelli oldu\u011funu ve&nbsp;<strong><em>&#8216;Engelsiz Transfer Arac\u0131&#8217;<\/em><\/strong>&nbsp;hizmetinden uzun zamand\u0131r yararland\u0131\u011f\u0131n\u0131 kaydederek,&nbsp;<strong>&#8220;Sadece hastanelere de\u011fil, s\u0131nav yerlerine ula\u015f\u0131m\u0131mda da benim i\u00e7in kolayl\u0131k olmu\u015ftu. Konforlu ve ula\u015f\u0131m i\u00e7in \u00e7ok iyi bir transfer arac\u0131. \u00c7ok iyi d\u00fc\u015f\u00fcnm\u00fc\u015fler. B\u00fct\u00fcn engelli karde\u015flerimizin ula\u015f\u0131m\u0131 i\u00e7in kolayl\u0131k sa\u011fl\u0131yorlar. Ben ne zaman arasam, mutlaka bana yard\u0131mc\u0131 oluyorlar. Evden al\u0131p gidece\u011fim yere b\u0131rak\u0131yorlar, sonra tekrar eve getiriyorlar. Belediyemizin b\u00fct\u00fcn projelerinden herkesin faydalanmas\u0131 laz\u0131m. \u00c7\u00fcnk\u00fc gayet ba\u015far\u0131l\u0131 projeleri var. Hayata tutunan herkes i\u00e7in tavsiye ederim&#8221;<\/strong>&nbsp;dedi.&nbsp;&nbsp;<\/p>\n\n\n\n<p><strong>G\u00fcven:&nbsp;&nbsp;&#8220;Engellerin kalkmas\u0131 a\u00e7\u0131s\u0131ndan bu tarz hizmetler \u00e7ok \u00f6nemli&#8221;<\/strong><\/p>\n\n\n\n<p>Kazanl\u0131 Mahallesi&#8217;nde ikamet eden ortopedik engelli Y\u00fccel G\u00fcven,&nbsp;<strong>&#8220;\u00c7ok iyi bir hizmet. Ben \u00e7ok memnunum. Randevu al\u0131yoruz. Saatinde gelip al\u0131yorlar, hastaneye g\u00f6t\u00fcr\u00fcyorlar. \u0130\u015fimiz bitince de eve geri getiriyorlar. Engellerin kalkmas\u0131 a\u00e7\u0131s\u0131ndan bu tarz hizmetler \u00e7ok \u00f6nemli&#8221;<\/strong>&nbsp;diye konu\u015ftu.<\/p>\n\n\n\n<p>Y\u00fccel G\u00fcven&#8217;e refakat eden karde\u015fi H\u00fcseyin G\u00fcven ise, \u00f6zel gereksinimli bireyler i\u00e7in B\u00fcy\u00fck\u015fehir Belediyesi&#8217;nin \u00f6nemli hizmetleri oldu\u011funu ifade ederek,&nbsp;<strong>&#8220;Engelli Transfer Arac\u0131 da \u00e7ok g\u00fczel bir hizmet. Herkesin memnun kalmas\u0131 gerekiyor. Daha \u00f6nce karde\u015fim bu kadar k\u00f6t\u00fc de\u011fildi, son 5 y\u0131ld\u0131r k\u00f6t\u00fcle\u015fti. O zamandan beri bu hizmetten yararlan\u0131yoruz. Bu t\u00fcr hizmetler, engelli arkada\u015flar\u0131m\u0131z i\u00e7in \u00e7ok iyi. Bu \u015fekilde hastanelere rahat bir \u015fekilde gidip gelebiliyoruz&#8221;<\/strong>&nbsp;ifadelerini kulland\u0131.<\/p>\n","protected":false},"excerpt":{"rendered":"<p>Mersin B\u00fcy\u00fck\u015fehir Belediyesi,&nbsp;&#8216;Engelsiz Transfer Arac\u0131&#8217;&nbsp;hizmeti ile \u00f6zel gereksinimli bireylerin \u015fehir i\u00e7i ula\u015f\u0131m\u0131n\u0131 daha konforlu hale getiriyor. Sa\u011fl\u0131k \u0130\u015fleri Dairesi Engelliler \u015eube M\u00fcd\u00fcrl\u00fc\u011f\u00fc taraf\u0131ndan sa\u011flanan bu hizmet; ortopedik engelli bireylerin kamu kurumlar\u0131, hastaneler, s\u0131nav yerleri ve di\u011fer noktalara kolayca ula\u015fmalar\u0131n\u0131 sa\u011fl\u0131yor. 2019 y\u0131l\u0131ndan bu yana sa\u011flanan hizmetle, kentteki 4 merkez il\u00e7ede 56 bin 790 kez Engelsiz [&hellip;]<\/p>\n","protected":false},"author":2,"featured_media":39559,"comment_status":"closed","ping_status":"closed","sticky":false,"template":"","format":"standard","meta":{"footnotes":""},"categories":[2,3],"tags":[],"class_list":["post-39558","post","type-post","status-publish","format-standard","has-post-thumbnail","hentry","category-gundem","category-manset"],"views":6,"_links":{"self":[{"href":"https:\/\/mersinkadingazetesi.com\/index.php?rest_route=\/wp\/v2\/posts\/39558"}],"collection":[{"href":"https:\/\/mersinkadingazetesi.com\/index.php?rest_route=\/wp\/v2\/posts"}],"about":[{"href":"https:\/\/mersinkadingazetesi.com\/index.php?rest_route=\/wp\/v2\/types\/post"}],"author":[{"embeddable":true,"href":"https:\/\/mersinkadingazetesi.com\/index.php?rest_route=\/wp\/v2\/users\/2"}],"replies":[{"embeddable":true,"href":"https:\/\/mersinkadingazetesi.com\/index.php?rest_route=%2Fwp%2Fv2%2Fcomments&post=39558"}],"version-history":[{"count":1,"href":"https:\/\/mersinkadingazetesi.com\/index.php?rest_route=\/wp\/v2\/posts\/39558\/revisions"}],"predecessor-version":[{"id":39560,"href":"https:\/\/mersinkadingazetesi.com\/index.php?rest_route=\/wp\/v2\/posts\/39558\/revisions\/39560"}],"wp:featuredmedia":[{"embeddable":true,"href":"https:\/\/mersinkadingazetesi.com\/index.php?rest_route=\/wp\/v2\/media\/39559"}],"wp:attachment":[{"href":"https:\/\/mersinkadingazetesi.com\/index.php?rest_route=%2Fwp%2Fv2%2Fmedia&parent=39558"}],"wp:term":[{"taxonomy":"category","embeddable":true,"href":"https:\/\/mersinkadingazetesi.com\/index.php?rest_route=%2Fwp%2Fv2%2Fcategories&post=39558"},{"taxonomy":"post_tag","embeddable":true,"href":"https:\/\/mersinkadingazetesi.com\/index.php?rest_route=%2Fwp%2Fv2%2Ftags&post=39558"}],"curies":[{"name":"wp","href":"https:\/\/api.w.org\/{rel}","templated":true}]}}