{"id":39573,"date":"2025-02-11T13:12:00","date_gmt":"2025-02-11T10:12:00","guid":{"rendered":"https:\/\/mersinkadingazetesi.com\/?p=39573"},"modified":"2025-02-11T13:12:00","modified_gmt":"2025-02-11T10:12:00","slug":"ekmen-davetiye-usulu-ihalelerin-deprem-bolgesinde-maliyeti-ne","status":"publish","type":"post","link":"https:\/\/mersinkadingazetesi.com\/?p=39573","title":{"rendered":"EKMEN : DAVET\u0130YE USUL\u00dc \u0130HALELER\u0130N DEPREM B\u00d6LGES\u0130NDE MAL\u0130YET\u0130 NE?"},"content":{"rendered":"\n<p><strong>DEVA Partisi Genel Ba\u015fkan Yard\u0131mc\u0131s\u0131 Mehmet Emin Ekmen, deprem b<\/strong><strong>\u00f6<\/strong><strong>lgesinde davetiye yoluyla verilen ihalelerle ilgili TBMM Genel Kurulu<\/strong><strong>\u2019<\/strong><strong>nda konu\u015ftu. &nbsp;<\/strong><strong><\/strong><\/p>\n\n\n\n<p><strong>\u00c7evre ve \u015eehircilik Bakan\u0131 Murat Kurum<\/strong><strong>\u2019<\/strong><strong>a davetiye yoluyla verilen ihalelerle ilgili sorular y<\/strong><strong>\u00f6<\/strong><strong>nelten Ekmen, s<\/strong><strong>\u00f6<\/strong><strong>z konusu ihale y<\/strong><strong>\u00f6<\/strong><strong>nteminin maliyetleri artt\u0131rd\u0131\u011f\u0131, k<\/strong><strong>\u00f6<\/strong><strong>t\u00fcye kullan\u0131ma yol a\u00e7t\u0131\u011f\u0131 konusundaki ele\u015ftirilere dikkat \u00e7ekerek, <\/strong><strong>\u201c<\/strong><strong>Deprem b<\/strong><strong>\u00f6<\/strong><strong>lgesi ihalelerinin ka\u00e7\u0131 ve toplam ka\u00e7 milyara tekab\u00fcl eden k\u0131sm\u0131 21 (b) davetiye yoluyla verilmi\u015ftir? Davetiye usul\u00fc ile ihale vermekten ne zaman vazge\u00e7ilecektir?&#8221; diye sordu.<\/strong><strong><\/strong><\/p>\n\n\n\n<p>DEVA Partisi Genel Ba\u015fkan Yard\u0131mc\u0131s\u0131 ve Mersin Milletvekili Mehmet Emin Ekmen, deprem b\u00f6lgesinde davetiye yoluyla verilen ihaleleri T\u00fcrkiye B\u00fcy\u00fck Millet Meclisi (TBMM) g\u00fcndemine ta\u015f\u0131d\u0131. Genel Kurul\u2019da s\u00f6z alan Ekmen, \u00c7evre, \u015eehircilik ve \u0130klim De\u011fi\u015fikli\u011fi Bakan\u0131 Murat Kurum&#8217;a davetiye usul\u00fc ile ihale verilmekten ne zaman vazge\u00e7ilece\u011fini sordu.<\/p>\n\n\n\n<p><strong>S\u00d6<\/strong><strong>ZLE<\/strong><strong>\u015e<\/strong><strong>ME BEDEL<\/strong><strong>\u0130 \u0130<\/strong><strong>LE <\/strong><strong>\u0130<\/strong><strong>HALE BEDEL<\/strong><strong>\u0130 ARASINDAK\u0130 FARK NEYDEN KAYNAKLANIYOR?<\/strong><strong><\/strong><\/p>\n\n\n\n<p>Deprem b\u00f6lgesi ihalelerinin ka\u00e7\u0131 ve toplamda ka\u00e7 milyara tekab\u00fcl eden k\u0131sm\u0131 21 B davetiye yoluyla verildi\u011fini soran Ekmen, \u201c21 B yoluyla verilen ihaleler ile bakanl\u0131k yakla\u015f\u0131k maliyetleri aras\u0131nda oransal olarak ne kadar fark vard\u0131r? Bu fark\u0131n sebepleri nelerdir? Deprem b\u00f6lgesinde davetiye yoluyla verilen ihalelerin ne kadar\u0131 ta\u015feron firmalara devredilmi\u015ftir? Ta\u015feron firmalar\u0131n s\u00f6zle\u015fme bedeli ile ihale bedeli aras\u0131ndaki fark ne kadard\u0131r? Bu fark neden kaynaklanmaktad\u0131r?\u201d diye sordu.<\/p>\n\n\n\n<p><strong>RANTA KAR\u015e<\/strong><strong>I HANG<\/strong><strong>\u0130 <\/strong><strong>TEDB<\/strong><strong>\u0130RLER ALINIYOR?<\/strong><strong><\/strong><\/p>\n\n\n\n<p>Davetiye usul\u00fc ile ihale verilmekten ne zaman vazge\u00e7ilece\u011fini soran Ekmen, \u00c7evre ve \u015eehircilik Bakan\u0131 Murat Kurum\u2019a \u015fu sorular\u0131 y\u00f6neltti; \u201cBu uygulaman\u0131n kamuya zarar\u0131 hakk\u0131nda ne d\u00fc\u015f\u00fcn\u00fclmektedir? Yine bu uygulaman\u0131n tasarruf genelgesi kar\u015f\u0131s\u0131ndaki durumu nedir? Son olarak bu yasa ile getirilen imar transferi yetkisinin KOP uygulamalar\u0131nda oldu\u011fu gibi bir ranta d\u00f6n\u00fc\u015fmemesi i\u00e7in hangi tedbirler al\u0131nm\u0131\u015ft\u0131r, al\u0131nacakt\u0131r?\u201d<\/p>\n","protected":false},"excerpt":{"rendered":"<p>DEVA Partisi Genel Ba\u015fkan Yard\u0131mc\u0131s\u0131 Mehmet Emin Ekmen, deprem b\u00f6lgesinde davetiye yoluyla verilen ihalelerle ilgili TBMM Genel Kurulu\u2019nda konu\u015ftu. &nbsp; \u00c7evre ve \u015eehircilik Bakan\u0131 Murat Kurum\u2019a davetiye yoluyla verilen ihalelerle ilgili sorular y\u00f6nelten Ekmen, s\u00f6z konusu ihale y\u00f6nteminin maliyetleri artt\u0131rd\u0131\u011f\u0131, k\u00f6t\u00fcye kullan\u0131ma yol a\u00e7t\u0131\u011f\u0131 konusundaki ele\u015ftirilere dikkat \u00e7ekerek, \u201cDeprem b\u00f6lgesi ihalelerinin ka\u00e7\u0131 ve toplam ka\u00e7 [&hellip;]<\/p>\n","protected":false},"author":2,"featured_media":39453,"comment_status":"closed","ping_status":"closed","sticky":false,"template":"","format":"standard","meta":{"footnotes":""},"categories":[3],"tags":[],"class_list":["post-39573","post","type-post","status-publish","format-standard","has-post-thumbnail","hentry","category-manset"],"views":8,"_links":{"self":[{"href":"https:\/\/mersinkadingazetesi.com\/index.php?rest_route=\/wp\/v2\/posts\/39573"}],"collection":[{"href":"https:\/\/mersinkadingazetesi.com\/index.php?rest_route=\/wp\/v2\/posts"}],"about":[{"href":"https:\/\/mersinkadingazetesi.com\/index.php?rest_route=\/wp\/v2\/types\/post"}],"author":[{"embeddable":true,"href":"https:\/\/mersinkadingazetesi.com\/index.php?rest_route=\/wp\/v2\/users\/2"}],"replies":[{"embeddable":true,"href":"https:\/\/mersinkadingazetesi.com\/index.php?rest_route=%2Fwp%2Fv2%2Fcomments&post=39573"}],"version-history":[{"count":1,"href":"https:\/\/mersinkadingazetesi.com\/index.php?rest_route=\/wp\/v2\/posts\/39573\/revisions"}],"predecessor-version":[{"id":39574,"href":"https:\/\/mersinkadingazetesi.com\/index.php?rest_route=\/wp\/v2\/posts\/39573\/revisions\/39574"}],"wp:featuredmedia":[{"embeddable":true,"href":"https:\/\/mersinkadingazetesi.com\/index.php?rest_route=\/wp\/v2\/media\/39453"}],"wp:attachment":[{"href":"https:\/\/mersinkadingazetesi.com\/index.php?rest_route=%2Fwp%2Fv2%2Fmedia&parent=39573"}],"wp:term":[{"taxonomy":"category","embeddable":true,"href":"https:\/\/mersinkadingazetesi.com\/index.php?rest_route=%2Fwp%2Fv2%2Fcategories&post=39573"},{"taxonomy":"post_tag","embeddable":true,"href":"https:\/\/mersinkadingazetesi.com\/index.php?rest_route=%2Fwp%2Fv2%2Ftags&post=39573"}],"curies":[{"name":"wp","href":"https:\/\/api.w.org\/{rel}","templated":true}]}}