{"id":39578,"date":"2025-02-11T13:49:39","date_gmt":"2025-02-11T10:49:39","guid":{"rendered":"https:\/\/mersinkadingazetesi.com\/?p=39578"},"modified":"2025-02-11T13:49:40","modified_gmt":"2025-02-11T10:49:40","slug":"carettalar-turkiye-kupasi-sahnesinde","status":"publish","type":"post","link":"https:\/\/mersinkadingazetesi.com\/?p=39578","title":{"rendered":"CARETTALAR T\u00dcRK\u0130YE KUPASI SAHNES\u0130NDE"},"content":{"rendered":"\n<p>T\u00fcrkiye Sigorta Basketbol S\u00fcper Ligi&#8217;nde ald\u0131\u011f\u0131 ba\u015far\u0131l\u0131 sonu\u00e7larla ad\u0131ndan s\u0131k\u00e7a s\u00f6z ettirmeye devam eden Mersin Spor Kul\u00fcb\u00fc (MSK) Erkek Basketbol Tak\u0131m\u0131, yar\u0131n kendi sahas\u0131nda T\u00fcrkiye Kupas\u0131 \u00c7eyrek Final m\u00fccadelesinde Tofa\u015fspor ile oynayacak. Kar\u015f\u0131la\u015fma \u00f6ncesi son haz\u0131rl\u0131klar\u0131n\u0131 tamamlayan MSK&#8217;de tek hedef, zorlu m\u00fccadeleden galip ayr\u0131l\u0131p \u015eanl\u0131urfa&#8217;da oynanacak Final Four&#8217;da yer almak.<\/p>\n\n\n\n<p><strong>&#8220;Taraftar\u0131m\u0131z\u0131n deste\u011fi ile kazanan taraf olmak istiyoruz&#8221;<\/strong><\/p>\n\n\n\n<p>Oyuncular\u0131n\u0131n performans\u0131ndan memnun oldu\u011funu ve lig ile kupa ma\u00e7lar\u0131n\u0131 birbirinden ayr\u0131 de\u011ferlendirmek gerekti\u011fini s\u00f6yleyen MSK Ba\u015fantren\u00f6r\u00fc Can Sevim; ligin ini\u015f-\u00e7\u0131k\u0131\u015flar\u0131n oldu\u011fu uzun bir yolculuk, T\u00fcrkiye Kupas\u0131 ma\u00e7lar\u0131n\u0131n ise tek ma\u00e7l\u0131k eliminasyon usul\u00fc oldu\u011funun unutulmamas\u0131 gerekti\u011fini s\u00f6yledi. Kar\u015f\u0131la\u015fmaya s\u0131k\u0131 haz\u0131rland\u0131klar\u0131n\u0131 s\u00f6yleyen Sevim,&nbsp;<strong>&#8220;Amac\u0131m\u0131z tabi ki \u00f6ncelikle Tofa\u015f&#8217;\u0131 ge\u00e7ip \u015eanl\u0131urfa&#8217;da yap\u0131lacak Final Four&#8217;da yerimizi alabilmek. Bu yolda en b\u00fcy\u00fck avantaj\u0131m\u0131z; kendi evimizde, kendi seyircimizin \u00f6n\u00fcnde oynayacak olmam\u0131z. Onlardan her ma\u00e7 \u00e7ok b\u00fcy\u00fck bir enerji ve destek al\u0131yoruz. Bu ma\u00e7ta da ayn\u0131 deste\u011fi bize sa\u011flayacaklard\u0131r ki ger\u00e7ekten \u00e7ok ihtiyac\u0131m\u0131z var. \u00d6zellikle b\u00f6ylesi bir ma\u00e7ta onlardan gelecek destek, bizim i\u00e7in \u00e7ok de\u011ferli olacak&#8221;<\/strong>&nbsp;dedi.<\/p>\n\n\n\n<p><strong>&#8220;Turu ge\u00e7ip \u015eanl\u0131urfa&#8217;da yerimizi almak istiyoruz&#8221;<\/strong><\/p>\n\n\n\n<p>Tofa\u015f&#8217;\u0131n \u00e7ok zorlu ve g\u00fc\u00e7l\u00fc bir rakip oldu\u011funun alt\u0131n\u0131 \u00e7izen Sevim,&nbsp;<strong>&#8220;Rakibimiz \u00e7ok zorlu ve g\u00fc\u00e7l\u00fc bir rakip. Hem Avrupa&#8217;da son 8&#8217;e kalmay\u0131 ba\u015fard\u0131lar hem ligimizde averajla \u00fc\u00e7\u00fcnc\u00fc s\u0131radalar, ikinci s\u0131ray\u0131 da Be\u015fikta\u015f&#8217;la beraber payla\u015f\u0131yorlar diyebiliriz. Bulunduklar\u0131 konum zaten ne kadar kuvvetli bir rakip oldu\u011funu g\u00f6steriyor. O y\u00fczden seyircimize b\u00fcy\u00fck i\u015f d\u00fc\u015f\u00fcyor. Onlardan alaca\u011f\u0131m\u0131z enerji ve sahaya yans\u0131taca\u011f\u0131m\u0131z agresiflikle bu turu ge\u00e7ip \u015eanl\u0131urfa&#8217;da yerimizi almak istiyoruz&#8221;<\/strong>&nbsp;diye konu\u015ftu.<\/p>\n\n\n\n<p><strong>K\u0131l\u0131\u00e7l\u0131: &#8220;Daha sert, daha canl\u0131 bir ma\u00e7 olaca\u011f\u0131n\u0131 d\u00fc\u015f\u00fcn\u00fcyorum&#8221;<\/strong><\/p>\n\n\n\n<p>Gelinen noktan\u0131n \u015fimdiye kadar yap\u0131lan \u00e7al\u0131\u015fmalar ve verilen emeklerin sonucu oldu\u011funu dile getiren oyunculardan Deniz K\u0131l\u0131\u00e7l\u0131 ise tak\u0131m\u0131n iyi bir momentum yakalad\u0131\u011f\u0131n\u0131 ve bunu s\u00fcrd\u00fcrmek istediklerini s\u00f6yledi. K\u0131l\u0131\u00e7l\u0131,&nbsp;<strong>&#8220;Zaten 3-4 haftad\u0131r zorlu ma\u00e7lar da olsa \u00e7ok rahat ge\u00e7irdi\u011fimiz ma\u00e7 da olsa stabil bir duru\u015f koymaya \u00e7al\u0131\u015ft\u0131k. Bunu b\u00f6yle devam ettirmeyi d\u00fc\u015f\u00fcn\u00fcyoruz. Kazand\u0131k\u00e7a da tabi ki tak\u0131m\u0131n motivasyonu da daha \u00e7ok art\u0131yor. O y\u00fczden bu haz\u0131rl\u0131klar\u0131m\u0131zla \u00e7ok g\u00fczel bir kupa ma\u00e7\u0131 bizi bekliyor diye d\u00fc\u015f\u00fcn\u00fcyorum. Tofa\u015f, bir \u00f6nceki ma\u00e7ta bize galip gelemedi. Onlar da de\u011fi\u015fik bir motivasyonla gelecektir. Ayr\u0131ca kupa ma\u00e7\u0131 olmas\u0131ndan dolay\u0131 normal sezona g\u00f6re daha sert, daha canl\u0131 bir ma\u00e7 olaca\u011f\u0131n\u0131 d\u00fc\u015f\u00fcn\u00fcyorum&#8221;<\/strong>&nbsp;ifadelerini kulland\u0131.<\/p>\n\n\n\n<p><strong>&#8220;Ekip ve oyuncu grubu olarak yar\u0131 finale ad\u0131m\u0131z\u0131 yazd\u0131rmay\u0131 \u00e7ok istiyoruz&#8221;<\/strong><\/p>\n\n\n\n<p>B\u00f6ylesine \u00f6nemli bir ma\u00e7\u0131 Mersinli taraftarlar\u0131n \u00f6n\u00fcnde oynayacak olman\u0131n kendileri i\u00e7in b\u00fcy\u00fck g\u00fc\u00e7 oldu\u011funu s\u00f6yleyen Tevfik Akdamar ise,&nbsp;<strong>&#8220;Kul\u00fcp tarihimiz i\u00e7inde \u00e7ok \u00f6nemli bir ma\u00e7 ve bunu taraftar\u0131m\u0131z\u0131n \u00f6n\u00fcnde galibiyetle s\u00fcslemek istiyoruz. \u00c7ok iyi haz\u0131rland\u0131k. Umar\u0131m ma\u00e7tan sonra da galibiyeti hep birlikte burada kutluyor oluruz. Tofa\u015f \u00e7ok iddial\u0131 ve formda bir tak\u0131m ama biz de evimizde \u00e7ok g\u00fc\u00e7l\u00fcy\u00fcz. Evimizde \u00e7ok iyi ma\u00e7lar \u00e7\u0131kart\u0131yoruz. \u0130ki iddial\u0131 tak\u0131m\u0131n g\u00fczel bir kar\u015f\u0131la\u015fmas\u0131 olacak diyelim. Umar\u0131m tekrar kazanan taraf biz oluruz bu kar\u015f\u0131la\u015fmada. Bence her \u015feyden \u00f6nce taraftarlar\u0131m\u0131z\u0131 \u00e7ok g\u00fczel bir m\u00fccadele bekliyor. Son topa kadar her zaman sava\u015ft\u0131\u011f\u0131m\u0131z gibi tekrar sava\u015facak bir tak\u0131m ve b\u00fcy\u00fck bir mutluluk bekliyor olacak. \u00c7\u00fcnk\u00fc ekip ve oyuncu grubu olarak yar\u0131 finale ad\u0131m\u0131z\u0131 yazd\u0131rmay\u0131 \u00e7ok istiyoruz&#8221;<\/strong>&nbsp;dedi.<\/p>\n\n\n\n<p><strong>ING T\u00fcrkiye Kupas\u0131 ma\u00e7lar\u0131 hakk\u0131nda<\/strong><\/p>\n\n\n\n<p><strong>ING T\u00fcrkiye Kupas\u0131 2025 D\u00f6rtl\u00fc Final E\u015fle\u015fmelerinde&nbsp;<\/strong>Fenerbah\u00e7e Beko &#8211; Bah\u00e7e\u015fehir Koleji ma\u00e7\u0131n\u0131n galibi ile&nbsp;&nbsp;Kar\u015f\u0131yaka &#8211; Galatasaray ma\u00e7\u0131n\u0131n galibi,&nbsp;&nbsp;Mersin Spor &#8211; Tofa\u015f m\u00fccadelesi galibi ile de Be\u015fikta\u015f Fibabanka &#8211; Anadolu Efes m\u00fccadelesinin galip tak\u0131mlar\u0131&nbsp;14-16 \u015eubat 2025 tarihlerinde \u015eanl\u0131urfa&#8217;da d\u00f6rtl\u00fc final kar\u015f\u0131la\u015fmalar\u0131nda kar\u015f\u0131 kar\u015f\u0131ya gelecek. ING T\u00fcrkiye Kupas\u0131 2025&#8217;in \u015fampiyonu ise 16 \u015eubat Pazar g\u00fcn\u00fc, \u015eanl\u0131urfa 11 Nisan Spor Salonu&#8217;nda oynanacak kar\u015f\u0131la\u015fma ile belli olacak.<\/p>\n","protected":false},"excerpt":{"rendered":"<p>T\u00fcrkiye Sigorta Basketbol S\u00fcper Ligi&#8217;nde ald\u0131\u011f\u0131 ba\u015far\u0131l\u0131 sonu\u00e7larla ad\u0131ndan s\u0131k\u00e7a s\u00f6z ettirmeye devam eden Mersin Spor Kul\u00fcb\u00fc (MSK) Erkek Basketbol Tak\u0131m\u0131, yar\u0131n kendi sahas\u0131nda T\u00fcrkiye Kupas\u0131 \u00c7eyrek Final m\u00fccadelesinde Tofa\u015fspor ile oynayacak. Kar\u015f\u0131la\u015fma \u00f6ncesi son haz\u0131rl\u0131klar\u0131n\u0131 tamamlayan MSK&#8217;de tek hedef, zorlu m\u00fccadeleden galip ayr\u0131l\u0131p \u015eanl\u0131urfa&#8217;da oynanacak Final Four&#8217;da yer almak. &#8220;Taraftar\u0131m\u0131z\u0131n deste\u011fi ile kazanan taraf [&hellip;]<\/p>\n","protected":false},"author":2,"featured_media":39579,"comment_status":"closed","ping_status":"closed","sticky":false,"template":"","format":"standard","meta":{"footnotes":""},"categories":[3,10],"tags":[],"class_list":["post-39578","post","type-post","status-publish","format-standard","has-post-thumbnail","hentry","category-manset","category-spor"],"views":7,"_links":{"self":[{"href":"https:\/\/mersinkadingazetesi.com\/index.php?rest_route=\/wp\/v2\/posts\/39578"}],"collection":[{"href":"https:\/\/mersinkadingazetesi.com\/index.php?rest_route=\/wp\/v2\/posts"}],"about":[{"href":"https:\/\/mersinkadingazetesi.com\/index.php?rest_route=\/wp\/v2\/types\/post"}],"author":[{"embeddable":true,"href":"https:\/\/mersinkadingazetesi.com\/index.php?rest_route=\/wp\/v2\/users\/2"}],"replies":[{"embeddable":true,"href":"https:\/\/mersinkadingazetesi.com\/index.php?rest_route=%2Fwp%2Fv2%2Fcomments&post=39578"}],"version-history":[{"count":1,"href":"https:\/\/mersinkadingazetesi.com\/index.php?rest_route=\/wp\/v2\/posts\/39578\/revisions"}],"predecessor-version":[{"id":39580,"href":"https:\/\/mersinkadingazetesi.com\/index.php?rest_route=\/wp\/v2\/posts\/39578\/revisions\/39580"}],"wp:featuredmedia":[{"embeddable":true,"href":"https:\/\/mersinkadingazetesi.com\/index.php?rest_route=\/wp\/v2\/media\/39579"}],"wp:attachment":[{"href":"https:\/\/mersinkadingazetesi.com\/index.php?rest_route=%2Fwp%2Fv2%2Fmedia&parent=39578"}],"wp:term":[{"taxonomy":"category","embeddable":true,"href":"https:\/\/mersinkadingazetesi.com\/index.php?rest_route=%2Fwp%2Fv2%2Fcategories&post=39578"},{"taxonomy":"post_tag","embeddable":true,"href":"https:\/\/mersinkadingazetesi.com\/index.php?rest_route=%2Fwp%2Fv2%2Ftags&post=39578"}],"curies":[{"name":"wp","href":"https:\/\/api.w.org\/{rel}","templated":true}]}}