{"id":39581,"date":"2025-02-11T16:09:44","date_gmt":"2025-02-11T13:09:44","guid":{"rendered":"https:\/\/mersinkadingazetesi.com\/?p=39581"},"modified":"2025-02-11T16:09:46","modified_gmt":"2025-02-11T13:09:46","slug":"baro-yonetimi-ve-genc-avukatlar-sabah-kahvesinde-bir-araya-geldi","status":"publish","type":"post","link":"https:\/\/mersinkadingazetesi.com\/?p=39581","title":{"rendered":"BARO Y\u00d6NET\u0130M\u0130 VE GEN\u00c7 AVUKATLAR SABAH KAHVES\u0130NDE B\u0130R ARAYA GELD\u0130"},"content":{"rendered":"\n<p>Mersin Barosu Gen\u00e7 Avukatlar Merkezi, meslekta\u015flar aras\u0131nda dayan\u0131\u015fman\u0131n ve sosyal ili\u015fkilerin g\u00fc\u00e7lenmesini sa\u011flamak amac\u0131yla d\u00fczenledi\u011fi sabah kahvesi etkinli\u011finde, Baro y\u00f6netimi ve gen\u00e7 avukatlar bir araya gelerek keyifli vakit ge\u00e7irme imk\u00e2n\u0131 buldu.<\/p>\n\n\n\n<p>Mersin B\u00fcy\u00fck\u015fehir Belediyesi Nikah Salonunda, i\u015f stresinden uzak, g\u00fcn\u00fcn enerjini yakalama imkan\u0131n\u0131n bulundu\u011fu etkinli\u011fi d\u00fczenleyen Gen\u00e7 Avukatlar Merkezine ve kat\u0131lan meslekta\u015flar\u0131na te\u015fekk\u00fcr eden Mersin Barosu Ba\u015fkan\u0131 Av. Gazi \u00d6zdemir, Mersin Barosu\u2019nun gen\u00e7 avukatlarla her ge\u00e7en g\u00fcn daha da b\u00fcy\u00fcd\u00fc\u011f\u00fcn\u00fc ve g\u00fc\u00e7lendi\u011fini s\u00f6yledi.<\/p>\n\n\n\n<p>Mersin Barosu Gen\u00e7 Avukatlar Merkezi Ba\u015fkan\u0131 Av. Rabia Y\u0131ld\u0131r\u0131m ise, meslekta\u015flar\u0131n\u0131n mesleki motivasyonunu art\u0131rmak ve meslekta\u015flar aras\u0131ndaki sosyal ili\u015fkilerin d\u00fczenlenmesi i\u00e7in bu t\u00fcr etkinlikleri zaman zaman d\u00fczenleyeceklerini s\u00f6yleyerek, kat\u0131lan Baro y\u00f6netimine ve meslekta\u015flar\u0131na te\u015fekk\u00fcr etti.<\/p>\n","protected":false},"excerpt":{"rendered":"<p>Mersin Barosu Gen\u00e7 Avukatlar Merkezi, meslekta\u015flar aras\u0131nda dayan\u0131\u015fman\u0131n ve sosyal ili\u015fkilerin g\u00fc\u00e7lenmesini sa\u011flamak amac\u0131yla d\u00fczenledi\u011fi sabah kahvesi etkinli\u011finde, Baro y\u00f6netimi ve gen\u00e7 avukatlar bir araya gelerek keyifli vakit ge\u00e7irme imk\u00e2n\u0131 buldu. Mersin B\u00fcy\u00fck\u015fehir Belediyesi Nikah Salonunda, i\u015f stresinden uzak, g\u00fcn\u00fcn enerjini yakalama imkan\u0131n\u0131n bulundu\u011fu etkinli\u011fi d\u00fczenleyen Gen\u00e7 Avukatlar Merkezine ve kat\u0131lan meslekta\u015flar\u0131na te\u015fekk\u00fcr eden Mersin [&hellip;]<\/p>\n","protected":false},"author":2,"featured_media":39582,"comment_status":"closed","ping_status":"closed","sticky":false,"template":"","format":"standard","meta":{"footnotes":""},"categories":[3],"tags":[],"class_list":["post-39581","post","type-post","status-publish","format-standard","has-post-thumbnail","hentry","category-manset"],"views":8,"_links":{"self":[{"href":"https:\/\/mersinkadingazetesi.com\/index.php?rest_route=\/wp\/v2\/posts\/39581"}],"collection":[{"href":"https:\/\/mersinkadingazetesi.com\/index.php?rest_route=\/wp\/v2\/posts"}],"about":[{"href":"https:\/\/mersinkadingazetesi.com\/index.php?rest_route=\/wp\/v2\/types\/post"}],"author":[{"embeddable":true,"href":"https:\/\/mersinkadingazetesi.com\/index.php?rest_route=\/wp\/v2\/users\/2"}],"replies":[{"embeddable":true,"href":"https:\/\/mersinkadingazetesi.com\/index.php?rest_route=%2Fwp%2Fv2%2Fcomments&post=39581"}],"version-history":[{"count":1,"href":"https:\/\/mersinkadingazetesi.com\/index.php?rest_route=\/wp\/v2\/posts\/39581\/revisions"}],"predecessor-version":[{"id":39583,"href":"https:\/\/mersinkadingazetesi.com\/index.php?rest_route=\/wp\/v2\/posts\/39581\/revisions\/39583"}],"wp:featuredmedia":[{"embeddable":true,"href":"https:\/\/mersinkadingazetesi.com\/index.php?rest_route=\/wp\/v2\/media\/39582"}],"wp:attachment":[{"href":"https:\/\/mersinkadingazetesi.com\/index.php?rest_route=%2Fwp%2Fv2%2Fmedia&parent=39581"}],"wp:term":[{"taxonomy":"category","embeddable":true,"href":"https:\/\/mersinkadingazetesi.com\/index.php?rest_route=%2Fwp%2Fv2%2Fcategories&post=39581"},{"taxonomy":"post_tag","embeddable":true,"href":"https:\/\/mersinkadingazetesi.com\/index.php?rest_route=%2Fwp%2Fv2%2Ftags&post=39581"}],"curies":[{"name":"wp","href":"https:\/\/api.w.org\/{rel}","templated":true}]}}