{"id":39584,"date":"2025-02-12T10:29:20","date_gmt":"2025-02-12T07:29:20","guid":{"rendered":"https:\/\/mersinkadingazetesi.com\/?p=39584"},"modified":"2025-02-12T10:29:22","modified_gmt":"2025-02-12T07:29:22","slug":"deva-partili-ekmen-ozgecan-aslani-andi-katiller-cezalandirilmiyor","status":"publish","type":"post","link":"https:\/\/mersinkadingazetesi.com\/?p=39584","title":{"rendered":"DEVA Partili Ekmen, \u00d6zgecan Aslan\u2019\u0131 and\u0131: Katiller cezaland\u0131r\u0131lm\u0131yor!\u00a0"},"content":{"rendered":"\n<p><strong>DEVA Partisi Genel Ba\u015fkan Yard\u0131mc\u0131s\u0131 Mehmet Emin Ekmen, TBMM Genel Kurulunda 2015 y\u0131l\u0131nda vah\u015fice katledilen \u00d6zgecan Aslan\u2019\u0131 and\u0131. S<\/strong><strong>\u00f6<\/strong><strong>z konusu ac\u0131 olaydan sonra&nbsp;<\/strong><strong>\u201c<\/strong><strong>bu son olsun\u201d denilmesine ra\u011fmen toplumda artan cezas\u0131zl\u0131k hissi nedeniyle kad\u0131n cinayetlerinin artt\u0131\u011f\u0131na dikkat \u00e7eken Ekmen, \u201c\u00d6zgecan&#8217;\u0131n arkas\u0131ndan \u00e7<\/strong><strong>ok&nbsp;<\/strong><strong>\u015f<\/strong><strong>ey s<\/strong><strong>\u00f6<\/strong><strong>ylendi ama \u015f\u00fcphesiz yap\u0131lmas\u0131 gerekenler yeterince yap\u0131lmad\u0131. Yas tutmak yetmez, bunu son bir vaka h\u00e2<\/strong><strong>line d<\/strong><strong>\u00f6<\/strong><strong>n\u00fc\u015ft\u00fcrecek ger\u00e7ekten ciddi yasal d\u00fczenleme ve tedbirlere ihtiyac\u0131m\u0131z var\u201d dedi.&nbsp;<\/strong><\/p>\n\n\n\n<p>DEVA Partisi Genel Ba\u015fkan Yard\u0131mc\u0131s\u0131 ve Mersin Milletvekili Mehmet Emin Ekmen, 2025 y\u0131l\u0131nda vah\u015fice katledilen \u00d6zgecan Aslan\u2019\u0131 vefat\u0131n\u0131n 10\u2019uncu sene-i devriyesinde T\u00fcrkiye B\u00fcy\u00fck Millet Meclisi (TBMM) Genel Kurulunda and\u0131.<\/p>\n\n\n\n<p><strong>Kad\u0131n cinayetleri her y\u0131l art\u0131yor!<\/strong><\/p>\n\n\n\n<p>S\u00f6z konusu ac\u0131 olay\u0131n utan\u00e7 verici bir hat\u0131rlatma oldu\u011funu vurgulayan Ekmen, \u201c\u00d6zgecan, kad\u0131n cinayetlerine kar\u015f\u0131 y\u00fckselen&nbsp;\u00f6fkenin en&nbsp;\u00f6nemli simgelerinden biri oldu. O g\u00fcn hep birlikte, b\u00fct\u00fcn siyasi partiler, T\u00fcrkiye B\u00fcy\u00fck Millet Meclisi Genel Kurulu ve b\u00fct\u00fcn toplum aya\u011fa kalkarak \u2018bu son olsun\u2019&nbsp;&nbsp;dedi. Ama ne yaz\u0131k ki aradan ge\u00e7en on y\u0131la bakt\u0131\u011f\u0131m\u0131zda bunun bir son olmad\u0131\u011f\u0131n\u0131 g\u00f6r\u00fcyoruz. Kad\u0131nlar her g\u00fcn sokakta, evde, i\u015f yerinde&nbsp;\u00f6ld\u00fcr\u00fclmeye, \u015fiddete maruz kalmaya devam ediyor. Kad\u0131n cinayetleri ve kad\u0131na y\u00f6nelik \u015fiddet her y\u0131l daha da art\u0131yor\u201d ifadelerini kulland\u0131.&nbsp;<\/p>\n\n\n\n<p><strong>Kad\u0131n cinayetlerinin sebebi cezas\u0131zl\u0131kt\u0131r<\/strong><\/p>\n\n\n\n<p>Ekmen, 6284 Say\u0131l\u0131 Kanun\u2019un mevcut h\u00e2liyle dahi verimli bir \u015fekilde uygulanmad\u0131\u011f\u0131n\u0131n alt\u0131n\u0131 \u00e7izerek, \u015f\u00f6yle devam etti:<\/p>\n\n\n\n<p>\u201cUygulamadan kaynaklanan sorunlar nedeniyle s\u0131\u011f\u0131nma evlerinin yetersiz oldu\u011fu, koruma kararlar\u0131n\u0131n k\u00e2\u011f\u0131t \u00fcst\u00fcnde kald\u0131\u011f\u0131, faillerin iyi h\u00e2l indirimleriyle, kravat takarak cezalar\u0131n\u0131n azalt\u0131ld\u0131\u011f\u0131, Yarg\u0131tay\u0131n dahi akla ziyan bir \u015fekilde verdi\u011fi bozma kararlar\u0131yla failleri cesaretlendirdi\u011fi ve&nbsp;\u2018pi\u015fman\u0131m\u2019&nbsp;diyenin serbest kald\u0131\u011f\u0131 bir tabloyla kar\u015f\u0131 kar\u015f\u0131yay\u0131z. \u015e\u00fcphesiz artan \u015fiddette en&nbsp;\u00f6nemli sebeplerden biri de kad\u0131n cinayetlerinde bir cezas\u0131zl\u0131k hissidir. Do\u011fru d\u00fcr\u00fcst incelenmeden, hatta Adalet Komisyonundan ge\u00e7irilmeden \u00e7\u0131kar\u0131lan infaz d\u00fczenlemeleriyle bug\u00fcn kad\u0131na kar\u015f\u0131 \u015fiddet uygulam\u0131\u015f bir\u00e7ok ki\u015fi iktidar\u0131n kontrol\u00fcndeki ve g\u00fcd\u00fcm\u00fcndeki g\u00fcnd\u00fcz ku\u015fa\u011f\u0131 programlar\u0131nda arz\u0131endam etmekte ve g\u00fcnlerce topluma kad\u0131na kar\u015f\u0131 \u015fiddetle alakal\u0131 anlat\u0131lar\u0131n\u0131 anlatabilmektedir.\u201d&nbsp;<\/p>\n\n\n\n<p><strong>Ciddi yasal uygulamalar devreye konulmal\u0131!<\/strong><\/p>\n\n\n\n<p>\u00d6zgecan Aslan\u2019\u0131 rahmetle and\u0131\u011f\u0131n\u0131 dile getiren Ekmen, s\u00f6z konusu ac\u0131 ve vah\u015fi olaylar\u0131n bir daha ya\u015fanmamas\u0131 ad\u0131na gerekli yasal ad\u0131mlar\u0131n at\u0131lmas\u0131 gerekti\u011fine dikkati \u00e7ekerek, \u201c\u00d6zgecan&#8217;\u0131n arkas\u0131ndan \u00e7ok&nbsp;\u015fey s\u00f6ylendi ama \u015f\u00fcphesiz yap\u0131lmas\u0131 gerekenler yeterince yap\u0131lmad\u0131. Yas tutmak yetmez, bunu son bir vaka h\u00e2line d\u00f6n\u00fc\u015ft\u00fcrecek ger\u00e7ekten ciddi yasal d\u00fczenleme ve &nbsp;tedbirlere ihtiyac\u0131m\u0131z var\u201d de\u011ferlendirmesinde bulundu.&nbsp;<\/p>\n","protected":false},"excerpt":{"rendered":"<p>DEVA Partisi Genel Ba\u015fkan Yard\u0131mc\u0131s\u0131 Mehmet Emin Ekmen, TBMM Genel Kurulunda 2015 y\u0131l\u0131nda vah\u015fice katledilen \u00d6zgecan Aslan\u2019\u0131 and\u0131. S\u00f6z konusu ac\u0131 olaydan sonra&nbsp;\u201cbu son olsun\u201d denilmesine ra\u011fmen toplumda artan cezas\u0131zl\u0131k hissi nedeniyle kad\u0131n cinayetlerinin artt\u0131\u011f\u0131na dikkat \u00e7eken Ekmen, \u201c\u00d6zgecan&#8217;\u0131n arkas\u0131ndan \u00e7ok&nbsp;\u015fey s\u00f6ylendi ama \u015f\u00fcphesiz yap\u0131lmas\u0131 gerekenler yeterince yap\u0131lmad\u0131. Yas tutmak yetmez, bunu son bir vaka [&hellip;]<\/p>\n","protected":false},"author":2,"featured_media":39585,"comment_status":"closed","ping_status":"closed","sticky":false,"template":"","format":"standard","meta":{"footnotes":""},"categories":[3],"tags":[],"class_list":["post-39584","post","type-post","status-publish","format-standard","has-post-thumbnail","hentry","category-manset"],"views":2,"_links":{"self":[{"href":"https:\/\/mersinkadingazetesi.com\/index.php?rest_route=\/wp\/v2\/posts\/39584"}],"collection":[{"href":"https:\/\/mersinkadingazetesi.com\/index.php?rest_route=\/wp\/v2\/posts"}],"about":[{"href":"https:\/\/mersinkadingazetesi.com\/index.php?rest_route=\/wp\/v2\/types\/post"}],"author":[{"embeddable":true,"href":"https:\/\/mersinkadingazetesi.com\/index.php?rest_route=\/wp\/v2\/users\/2"}],"replies":[{"embeddable":true,"href":"https:\/\/mersinkadingazetesi.com\/index.php?rest_route=%2Fwp%2Fv2%2Fcomments&post=39584"}],"version-history":[{"count":1,"href":"https:\/\/mersinkadingazetesi.com\/index.php?rest_route=\/wp\/v2\/posts\/39584\/revisions"}],"predecessor-version":[{"id":39586,"href":"https:\/\/mersinkadingazetesi.com\/index.php?rest_route=\/wp\/v2\/posts\/39584\/revisions\/39586"}],"wp:featuredmedia":[{"embeddable":true,"href":"https:\/\/mersinkadingazetesi.com\/index.php?rest_route=\/wp\/v2\/media\/39585"}],"wp:attachment":[{"href":"https:\/\/mersinkadingazetesi.com\/index.php?rest_route=%2Fwp%2Fv2%2Fmedia&parent=39584"}],"wp:term":[{"taxonomy":"category","embeddable":true,"href":"https:\/\/mersinkadingazetesi.com\/index.php?rest_route=%2Fwp%2Fv2%2Fcategories&post=39584"},{"taxonomy":"post_tag","embeddable":true,"href":"https:\/\/mersinkadingazetesi.com\/index.php?rest_route=%2Fwp%2Fv2%2Ftags&post=39584"}],"curies":[{"name":"wp","href":"https:\/\/api.w.org\/{rel}","templated":true}]}}