{"id":39587,"date":"2025-02-12T10:30:47","date_gmt":"2025-02-12T07:30:47","guid":{"rendered":"https:\/\/mersinkadingazetesi.com\/?p=39587"},"modified":"2025-02-12T10:30:48","modified_gmt":"2025-02-12T07:30:48","slug":"durmus-dezenformasyonla-mucadele-kurumlar-arasi-is-birligi-protokolu-tanitim-programina-katildi","status":"publish","type":"post","link":"https:\/\/mersinkadingazetesi.com\/?p=39587","title":{"rendered":"DURMU\u015e, &#8220;DEZENFORMASYONLA M\u00dcCADELE KURUMLAR ARASI \u0130\u015e B\u0130RL\u0130\u011e\u0130 PROTOKOL\u00dc&#8221; TANITIM PROGRAMINA KATILDI"},"content":{"rendered":"\n<p>\u0130l Mill\u00ee E\u011fitim M\u00fcd\u00fcr\u00fc Fazilet Durmu\u015f, &#8220;Dezenformasyonla M\u00fccadele Kurumlar Aras\u0131 \u0130\u015f Birli\u011fi Protokol\u00fc&#8221; tan\u0131t\u0131m program\u0131na kat\u0131ld\u0131.&nbsp;<\/p>\n\n\n\n<p>Program, Mersin Mill\u00ee E\u011fitim M\u00fcd\u00fcrl\u00fc\u011f\u00fc Maarif Tiyatrosu&#8217;nun dezerformasyon konulu tiyatro g\u00f6sterisi ile ba\u015flad\u0131.&nbsp;<\/p>\n\n\n\n<p>Cumhurba\u015fkanl\u0131\u011f\u0131 \u0130leti\u015fim Ba\u015fkanl\u0131\u011f\u0131 Adana B\u00f6lge M\u00fcd\u00fcr\u00fc Mustafa Yal\u0131n\u0131z&#8217;\u0131n a\u00e7\u0131l\u0131\u015f konu\u015fmalar\u0131n\u0131 yapt\u0131\u011f\u0131 programda; \u0130l Mill\u00ee E\u011fitim M\u00fcd\u00fcr\u00fc Fazilet Durmu\u015f, Gen\u00e7lik ve Spor \u0130l M\u00fcd\u00fcr\u00fc G\u00f6ksun \u00d6z, Mersin \u00dcniversitesi Rekt\u00f6r\u00fc Say\u0131n Prof.Dr.Erol Ya\u015far da birer konu\u015fma ger\u00e7ekle\u015ftirdi.&nbsp;<\/p>\n\n\n\n<p>Konu\u015fmalar\u0131na: &#8220;Hakikat Yava\u015f ve Tektir, Yalan H\u0131zl\u0131 ve \u00c7oktur.&#8221; diyerek ba\u015flayan \u0130l Mill\u00ee E\u011fitim M\u00fcd\u00fcr\u00fc Fazilet Durmu\u015f: &#8220;Dezenformasyon, \u00e7arp\u0131t\u0131lm\u0131\u015f ve yanl\u0131\u015f bilgi ile kamuoyu olu\u015fturmak ya da kaosa yol a\u00e7mak i\u00e7in s\u0131kl\u0131kla kullan\u0131lan bir y\u00f6ntemdir. Sosyal medya kullan\u0131c\u0131lar\u0131 taraf\u0131ndan yan\u0131lg\u0131yla ya da kasten b\u00fcy\u00fct\u00fclen teyit edilmemi\u015f bilgiler, kitleleri h\u0131zla manip\u00fcle eder ve karma\u015fan\u0131n daha b\u00fcy\u00fck boyutlara ta\u015f\u0131nmas\u0131na yol a\u00e7ar.<\/p>\n\n\n\n<p>Dezenformasyonla m\u00fccadelede medya okuryazarl\u0131\u011f\u0131 ve ele\u015ftirel d\u00fc\u015f\u00fcnme becerilerinin artt\u0131r\u0131lmas\u0131 \u00e7ok \u00f6nemlidir. Bireylerin g\u00fcvenilir bilgi kaynaklar\u0131n\u0131n nas\u0131l belirlenece\u011fi, bilgilerin do\u011frulu\u011funun nas\u0131l kontrol edilece\u011fi ve karar alma s\u00fcre\u00e7lerinde yanl\u0131\u015f bilgilerden nas\u0131l ka\u00e7\u0131naca\u011f\u0131 konusunda bilin\u00e7lenmesi gerekiyor. G\u00fcvenilir ve do\u011fru bilgiler i\u00e7in kamu kurumlar\u0131 ve di\u011fer bilgi kaynaklar\u0131 aras\u0131nda \u015feffafl\u0131\u011f\u0131 ve hesap verebilirli\u011fi te\u015fvik etmek, bilgiyi sorgulamak da b\u00fcy\u00fck \u00f6neme haizdir.<\/p>\n\n\n\n<p>Dezenformasyon sorunu tarihte de vard\u0131 \u015fimdi de var. K\u00fcresel etkile\u015fim ve ileti\u015fimin h\u0131zlanmas\u0131 nedeniyle maruz kalma daha fazla, do\u011fruluk m\u00fccadelesi daha zor ve somut\/soyut etkiler daha \u015fiddetli.<\/p>\n\n\n\n<p>Toplumsal fay hatlar\u0131nda gezinen dezenformasyon ve sosyal medya, bireyin akl\u0131n\u0131 kalabal\u0131\u011f\u0131n iradesine b\u0131rakarak kimli\u011fini \u00f6rtt\u00fc\u011f\u00fc, anonimle\u015ferek kalabal\u0131\u011f\u0131n hareketine kap\u0131ld\u0131\u011f\u0131 lin\u00e7 k\u00fclt\u00fcr\u00fcn\u00fc alevlendirir. Bu bak\u0131mdan dezenformasyonla m\u00fccadele toplum sa\u011fl\u0131\u011f\u0131 a\u00e7\u0131s\u0131ndan \u00e7ok \u00f6nemlidir.&#8221; ifadelerini kulland\u0131.&nbsp;<\/p>\n\n\n\n<p>Konu\u015fmalar\u0131n ard\u0131ndan Cumhurba\u015fkanl\u0131\u011f\u0131 \u0130leti\u015fim Ba\u015fkanl\u0131\u011f\u0131 Dezenformasyonla M\u00fccadele Merkezi Uzman\u0131 \u00dcmm\u00fchan Y\u00fccel, \u00f6\u011fretmenlerimize dezenformasyonla ilgili e\u011fitim verdi.&nbsp;<\/p>\n\n\n\n<p>Dezenformasyonla M\u00fccadele Kurumlar Aras\u0131 \u0130\u015f Birli\u011fi Protokol\u00fc Tan\u0131t\u0131m Program\u0131na Mersin \u00dcniversitesi Rekt\u00f6r\u00fc Say\u0131n Prof.Dr. Erol Ya\u015far, \u0130l Mill\u00ee E\u011fitim M\u00fcd\u00fcr\u00fc Fazilet Durmu\u015f, Gen\u00e7lik ve Spor \u0130l M\u00fcd\u00fcr\u00fc G\u00f6ksun \u00d6z, Aile ve Sosyal Hizmetler \u0130l M\u00fcd\u00fcr\u00fc Naci Y\u0131lmaz, Cumhurba\u015fkanl\u0131\u011f\u0131 \u0130leti\u015fim Ba\u015fkanl\u0131\u011f\u0131 Adana B\u00f6lge M\u00fcd\u00fcr\u00fc Mustafa Yal\u0131n\u0131z,&nbsp; Cumhurba\u015fkanl\u0131\u011f\u0131 \u0130leti\u015fim Ba\u015fkanl\u0131\u011f\u0131 Dezenformasyonla M\u00fccadele Merkezi Uzman\u0131 \u00dcmm\u00fchan Y\u00fccel ve \u00e7ok say\u0131da \u00f6\u011fretmen kat\u0131ld\u0131.<\/p>\n\n\n\n<p><a href=\"https:\/\/mersin.meb.gov.tr\/meb_iys_dosyalar\/2025_02\/11125619_whatsappimage20250211at12.43.1414.jpg\" target=\"_blank\" rel=\"noreferrer noopener\"><\/a><\/p>\n","protected":false},"excerpt":{"rendered":"<p>\u0130l Mill\u00ee E\u011fitim M\u00fcd\u00fcr\u00fc Fazilet Durmu\u015f, &#8220;Dezenformasyonla M\u00fccadele Kurumlar Aras\u0131 \u0130\u015f Birli\u011fi Protokol\u00fc&#8221; tan\u0131t\u0131m program\u0131na kat\u0131ld\u0131.&nbsp; Program, Mersin Mill\u00ee E\u011fitim M\u00fcd\u00fcrl\u00fc\u011f\u00fc Maarif Tiyatrosu&#8217;nun dezerformasyon konulu tiyatro g\u00f6sterisi ile ba\u015flad\u0131.&nbsp; Cumhurba\u015fkanl\u0131\u011f\u0131 \u0130leti\u015fim Ba\u015fkanl\u0131\u011f\u0131 Adana B\u00f6lge M\u00fcd\u00fcr\u00fc Mustafa Yal\u0131n\u0131z&#8217;\u0131n a\u00e7\u0131l\u0131\u015f konu\u015fmalar\u0131n\u0131 yapt\u0131\u011f\u0131 programda; \u0130l Mill\u00ee E\u011fitim M\u00fcd\u00fcr\u00fc Fazilet Durmu\u015f, Gen\u00e7lik ve Spor \u0130l M\u00fcd\u00fcr\u00fc G\u00f6ksun \u00d6z, Mersin [&hellip;]<\/p>\n","protected":false},"author":2,"featured_media":39588,"comment_status":"closed","ping_status":"closed","sticky":false,"template":"","format":"standard","meta":{"footnotes":""},"categories":[3],"tags":[],"class_list":["post-39587","post","type-post","status-publish","format-standard","has-post-thumbnail","hentry","category-manset"],"views":4,"_links":{"self":[{"href":"https:\/\/mersinkadingazetesi.com\/index.php?rest_route=\/wp\/v2\/posts\/39587"}],"collection":[{"href":"https:\/\/mersinkadingazetesi.com\/index.php?rest_route=\/wp\/v2\/posts"}],"about":[{"href":"https:\/\/mersinkadingazetesi.com\/index.php?rest_route=\/wp\/v2\/types\/post"}],"author":[{"embeddable":true,"href":"https:\/\/mersinkadingazetesi.com\/index.php?rest_route=\/wp\/v2\/users\/2"}],"replies":[{"embeddable":true,"href":"https:\/\/mersinkadingazetesi.com\/index.php?rest_route=%2Fwp%2Fv2%2Fcomments&post=39587"}],"version-history":[{"count":1,"href":"https:\/\/mersinkadingazetesi.com\/index.php?rest_route=\/wp\/v2\/posts\/39587\/revisions"}],"predecessor-version":[{"id":39589,"href":"https:\/\/mersinkadingazetesi.com\/index.php?rest_route=\/wp\/v2\/posts\/39587\/revisions\/39589"}],"wp:featuredmedia":[{"embeddable":true,"href":"https:\/\/mersinkadingazetesi.com\/index.php?rest_route=\/wp\/v2\/media\/39588"}],"wp:attachment":[{"href":"https:\/\/mersinkadingazetesi.com\/index.php?rest_route=%2Fwp%2Fv2%2Fmedia&parent=39587"}],"wp:term":[{"taxonomy":"category","embeddable":true,"href":"https:\/\/mersinkadingazetesi.com\/index.php?rest_route=%2Fwp%2Fv2%2Fcategories&post=39587"},{"taxonomy":"post_tag","embeddable":true,"href":"https:\/\/mersinkadingazetesi.com\/index.php?rest_route=%2Fwp%2Fv2%2Ftags&post=39587"}],"curies":[{"name":"wp","href":"https:\/\/api.w.org\/{rel}","templated":true}]}}