{"id":39590,"date":"2025-02-12T10:32:47","date_gmt":"2025-02-12T07:32:47","guid":{"rendered":"https:\/\/mersinkadingazetesi.com\/?p=39590"},"modified":"2025-02-12T10:32:49","modified_gmt":"2025-02-12T07:32:49","slug":"ogretmenlere-yonelik-cocuklar-gibi-buyuk-dusunebilmek-konulu-seminer-gerceklestirildi","status":"publish","type":"post","link":"https:\/\/mersinkadingazetesi.com\/?p=39590","title":{"rendered":"\u00d6\u011eRETMENLERE Y\u00d6NEL\u0130K &#8220;\u00c7OCUKLAR G\u0130B\u0130 B\u00dcY\u00dcK D\u00dc\u015e\u00dcNEB\u0130LMEK&#8221; KONULU SEM\u0130NER GER\u00c7EKLE\u015eT\u0130R\u0130LD\u0130"},"content":{"rendered":"\n<p>\u0130l Mill\u00ee E\u011fitim M\u00fcd\u00fcr\u00fc Fazilet Durmu\u015f; Mersin E\u011fitim Akademisi kapsam\u0131nda Prof.Dr. Belma Tu\u011frul ve Do\u00e7.Dr. G\u00f6khan G\u00fcne\u015f taraf\u0131ndan Okul \u00d6ncesi, S\u0131n\u0131f ve Rehberlik ve Psikolojik Dan\u0131\u015fman \u00f6\u011fretmenlerimize y\u00f6nelik ger\u00e7ekle\u015ftirilen &#8220;\u00c7ocuklar Gibi B\u00fcy\u00fck D\u00fc\u015f\u00fcnebilmek&#8221; adl\u0131 seminere kat\u0131ld\u0131.&nbsp;<\/p>\n\n\n\n<p>Suphi \u00d6ner \u00d6\u011fretmenevi&#8217;nde ger\u00e7ekle\u015ftirilen seminere \u00f6\u011fretmenlerimiz yo\u011fun ilgi g\u00f6sterdi.&nbsp;<\/p>\n\n\n\n<p>Seminerde \u00f6\u011fretmenlerimize hitap eden \u0130l Mill\u00ee E\u011fitim M\u00fcd\u00fcr\u00fc Fazilet Durmu\u015f: &#8220;Muallim; insano\u011flunu be\u015fikten alarak mezara kadar g\u00f6t\u00fcr\u00fcp teslim eden, d\u00fcnyan\u0131n en b\u00fcy\u00fck mesuliyetine sahip insand\u0131r. Muallim sadece bir memur de\u011fildir, belki gen\u00e7 ruhlar\u0131 kendisine mahsus manada bir \u00f6rs \u00fcst\u00fcnde d\u00f6verek i\u015fleyen usta bir demircidir. O, ruhumuzdaki kat kat fetihlerin kahraman\u0131 ve \u015ferefli sahibi oldu\u011fu halde, bu hayat\u0131 ya\u015famay\u0131 de\u011fil, ona hizmeti tercih etmi\u015f fedak\u00e2r bir varl\u0131kt\u0131r.<\/p>\n\n\n\n<p>E\u011fer evlatlar\u0131m\u0131z \u00fczeriler \u00f6rt\u00fcl\u00fc birer m\u00fccevherse bu \u00f6rt\u00fcy\u00fc kald\u0131r\u0131p o sonsuz de\u011feri ortaya \u00e7\u0131karacak yeg\u00e2ne g\u00fc\u00e7 biz \u00f6\u011fretmenleriz. Top\u00e7u Hocam\u0131z\u0131n da belirtti\u011fi gibi bu de\u011ferleri kendimize mahsus manada bir \u00f6rs \u00fczerinde d\u00f6verek evlatlar\u0131m\u0131z\u0131n i\u00e7erisindeki cevheri ortaya \u00e7\u0131karabiliriz. Bunu yapabilmek i\u00e7in de san\u0131r\u0131m &#8220;\u00c7ocuklar gibi b\u00fcy\u00fck d\u00fc\u015f\u00fcnebilmek&#8221; gerekiyor.<\/p>\n\n\n\n<p>\u0130yi \u00f6\u011fretmen, d\u0131\u015f\u0131m\u0131zda ya\u015fanan\u0131 i\u00e7imizde hayat yapabilen ruhlar sanatk\u00e2r\u0131d\u0131r.&#8221; ifadelerini kulland\u0131.&nbsp;<\/p>\n\n\n\n<p>Fazilet Durmu\u015f, katk\u0131lar\u0131ndan dolay\u0131 Prof.Dr. Belma Tu\u011frul ve Do\u00e7.Dr. G\u00f6khan G\u00fcne\u015f&#8217;e \u015f\u00fckranlar\u0131n\u0131 sunarak Te\u015fekk\u00fcr Belgesi takdim etti.&nbsp;<\/p>\n\n\n\n<p>Seminere \u0130l Mill\u00ee E\u011fitim M\u00fcd\u00fcr\u00fc Fazilet Durmu\u015f, \u0130l Mill\u00ee E\u011fitim \u015eube M\u00fcd\u00fcr\u00fc \u00c7a\u011fatay \u00c7etin ve \u00e7ok say\u0131da \u00f6\u011fretmen kat\u0131ld\u0131.<\/p>\n\n\n\n<p><a href=\"https:\/\/mersin.meb.gov.tr\/meb_iys_dosyalar\/2025_02\/11170351_whatsappimage20250211at16.52.07.jpg\" target=\"_blank\" rel=\"noreferrer noopener\"><\/a><\/p>\n","protected":false},"excerpt":{"rendered":"<p>\u0130l Mill\u00ee E\u011fitim M\u00fcd\u00fcr\u00fc Fazilet Durmu\u015f; Mersin E\u011fitim Akademisi kapsam\u0131nda Prof.Dr. Belma Tu\u011frul ve Do\u00e7.Dr. G\u00f6khan G\u00fcne\u015f taraf\u0131ndan Okul \u00d6ncesi, S\u0131n\u0131f ve Rehberlik ve Psikolojik Dan\u0131\u015fman \u00f6\u011fretmenlerimize y\u00f6nelik ger\u00e7ekle\u015ftirilen &#8220;\u00c7ocuklar Gibi B\u00fcy\u00fck D\u00fc\u015f\u00fcnebilmek&#8221; adl\u0131 seminere kat\u0131ld\u0131.&nbsp; Suphi \u00d6ner \u00d6\u011fretmenevi&#8217;nde ger\u00e7ekle\u015ftirilen seminere \u00f6\u011fretmenlerimiz yo\u011fun ilgi g\u00f6sterdi.&nbsp; Seminerde \u00f6\u011fretmenlerimize hitap eden \u0130l Mill\u00ee E\u011fitim M\u00fcd\u00fcr\u00fc Fazilet Durmu\u015f: [&hellip;]<\/p>\n","protected":false},"author":2,"featured_media":39591,"comment_status":"closed","ping_status":"closed","sticky":false,"template":"","format":"standard","meta":{"footnotes":""},"categories":[3],"tags":[],"class_list":["post-39590","post","type-post","status-publish","format-standard","has-post-thumbnail","hentry","category-manset"],"views":5,"_links":{"self":[{"href":"https:\/\/mersinkadingazetesi.com\/index.php?rest_route=\/wp\/v2\/posts\/39590"}],"collection":[{"href":"https:\/\/mersinkadingazetesi.com\/index.php?rest_route=\/wp\/v2\/posts"}],"about":[{"href":"https:\/\/mersinkadingazetesi.com\/index.php?rest_route=\/wp\/v2\/types\/post"}],"author":[{"embeddable":true,"href":"https:\/\/mersinkadingazetesi.com\/index.php?rest_route=\/wp\/v2\/users\/2"}],"replies":[{"embeddable":true,"href":"https:\/\/mersinkadingazetesi.com\/index.php?rest_route=%2Fwp%2Fv2%2Fcomments&post=39590"}],"version-history":[{"count":1,"href":"https:\/\/mersinkadingazetesi.com\/index.php?rest_route=\/wp\/v2\/posts\/39590\/revisions"}],"predecessor-version":[{"id":39592,"href":"https:\/\/mersinkadingazetesi.com\/index.php?rest_route=\/wp\/v2\/posts\/39590\/revisions\/39592"}],"wp:featuredmedia":[{"embeddable":true,"href":"https:\/\/mersinkadingazetesi.com\/index.php?rest_route=\/wp\/v2\/media\/39591"}],"wp:attachment":[{"href":"https:\/\/mersinkadingazetesi.com\/index.php?rest_route=%2Fwp%2Fv2%2Fmedia&parent=39590"}],"wp:term":[{"taxonomy":"category","embeddable":true,"href":"https:\/\/mersinkadingazetesi.com\/index.php?rest_route=%2Fwp%2Fv2%2Fcategories&post=39590"},{"taxonomy":"post_tag","embeddable":true,"href":"https:\/\/mersinkadingazetesi.com\/index.php?rest_route=%2Fwp%2Fv2%2Ftags&post=39590"}],"curies":[{"name":"wp","href":"https:\/\/api.w.org\/{rel}","templated":true}]}}