{"id":39599,"date":"2025-02-12T10:38:14","date_gmt":"2025-02-12T07:38:14","guid":{"rendered":"https:\/\/mersinkadingazetesi.com\/?p=39599"},"modified":"2025-02-12T10:38:15","modified_gmt":"2025-02-12T07:38:15","slug":"buyuksehir-cocuk-meclisinin-2025-yili-ilk-toplantisi-silifkede-yapildi","status":"publish","type":"post","link":"https:\/\/mersinkadingazetesi.com\/?p=39599","title":{"rendered":"B\u00dcY\u00dcK\u015eEH\u0130R \u00c7OCUK MECL\u0130S\u0130&#8217;N\u0130N 2025 YILI \u0130LK TOPLANTISI S\u0130L\u0130FKE&#8217;DE YAPILDI"},"content":{"rendered":"\n<p>Mersin B\u00fcy\u00fck\u015fehir Belediyesi \u00c7ocuk Meclisi&#8217;nin 2025 y\u0131l\u0131 ilk toplant\u0131s\u0131 Silifke Belediyesi ev sahipli\u011finde Silifke&#8217;de ger\u00e7ekle\u015fti. \u00c7ocuklar, Meclis \u00f6ncesinde komisyon toplant\u0131s\u0131 ger\u00e7ekle\u015ftirdi.<\/p>\n\n\n\n<p>Mersin&#8217;in y\u00f6netiminde \u00e7ocuklar\u0131n da s\u00f6z sahibi olabilmesi, fikirlerini ve taleplerini \u00f6zg\u00fcrce ifade edebilmesi ve kentin ihtiya\u00e7lar\u0131n\u0131n \u00e7ocuklar\u0131n d\u00fcnyas\u0131ndan da g\u00f6r\u00fclebilmesi amac\u0131yla 2023 y\u0131l\u0131nda hayata ge\u00e7irilen Mersin B\u00fcy\u00fck\u015fehir Belediyesi \u00c7ocuk Meclisi il\u00e7elere ta\u015f\u0131nd\u0131. \u00c7ocuklar\u0131n Mersin&#8217;in il\u00e7elerini tan\u0131malar\u0131n\u0131n yan\u0131 s\u0131ra; il\u00e7elerin sorunlar\u0131n\u0131 yak\u0131ndan g\u00f6rebilmeleri, birbirleriyle daha \u00e7ok kayna\u015fmalar\u0131 ve kentlilik bilincinin daha \u00e7ok olu\u015fmas\u0131 amac\u0131yla il\u00e7elerde s\u00fcrecek olan \u00c7ocuk Meclisi&#8217;nin 2025 y\u0131l\u0131nda ilk dura\u011f\u0131 Silifke oldu.<\/p>\n\n\n\n<p><strong>\u00c7ocuk Meclisi&#8217;nde, \u00fclke ve Mersin g\u00fcndemine ili\u015fkin \u00f6nemli konular g\u00f6r\u00fc\u015f\u00fcld\u00fc<\/strong><\/p>\n\n\n\n<p>Silifke&#8217;de yap\u0131lan Meclis&#8217;te g\u00f6r\u00fc\u015f\u00fclen maddeler aras\u0131nda \u00fclke g\u00fcndeminden de hi\u00e7 d\u00fc\u015fmeyen kad\u0131n cinayetleri ve \u00e7ocu\u011fa y\u00f6nelik \u015fiddete kar\u015f\u0131 neler yap\u0131labilece\u011fiyle alakal\u0131 al\u0131nabilecek g\u00fcvenlik \u00f6nlemleri g\u00f6r\u00fc\u015f\u00fcld\u00fc. Mersin&#8217;de parklar\u0131n ayd\u0131nlat\u0131lmas\u0131yla ilgili \u00f6nerge veren \u00e7ocuklar ayr\u0131ca; huzurevine folklor ekibi g\u00f6ndermek, An\u0131tkabir ziyareti, plajlar\u0131n d\u00fczenli olarak temizlenmesi, Mezitli, Mut ve Ayd\u0131nc\u0131k&#8217;ta ihtiyaca g\u00f6re 5. 6. 7. ve 8. s\u0131n\u0131flara dershane a\u00e7\u0131lmas\u0131 \u00f6nergelerini de verdiler. \u00c7ocuklar\u0131n g\u00f6r\u00fc\u015ft\u00fc\u011f\u00fc konular aras\u0131nda Bozyaz\u0131&#8217;ya K\u00fclt\u00fcr Merkezi yap\u0131lmas\u0131, G\u00fclnar&#8217;\u0131n Ayval\u0131 Mahallesi&#8217;nde bulunan Cumhuriyet Ortaokulu \u00f6n\u00fcne trafik \u0131\u015f\u0131\u011f\u0131 konulmas\u0131 da vard\u0131. Toplant\u0131y\u0131 tamamlayan \u00e7ocuklar, Sami G\u00f6ksu Gastronomi Kona\u011f\u0131&#8217;n\u0131 da gezdiler.<\/p>\n\n\n\n<p><strong>\u00d6zt\u00fcrk: &#8220;2025 y\u0131l\u0131n\u0131n ilk \u00c7ocuk Meclisi&#8217;ni Silifke&#8217;de yapt\u0131k&#8221;<\/strong><\/p>\n\n\n\n<p>Kad\u0131n ve Aile Hizmetleri Dairesi Kad\u0131n ve \u00c7ocuk \u015eube M\u00fcd\u00fcr\u00fc \u00d6zay \u00d6zt\u00fcrk, 2025 y\u0131l\u0131n\u0131n ilk toplant\u0131s\u0131n\u0131 Silifke&#8217;de yapt\u0131klar\u0131n\u0131 s\u00f6yleyerek,&nbsp;<strong>&#8220;\u00c7ocuk Meclisi&#8217;nde 8 komisyonumuz var. \u00c7ocuklar\u0131m\u0131z \u00f6nce komisyon toplant\u0131lar\u0131yla ba\u015flad\u0131lar.<\/strong>&nbsp;<strong>Silifke,<\/strong>&nbsp;<strong>bir kayna\u015fma ve bulu\u015fma noktas\u0131 gibi oldu. \u0130l\u00e7elerde yap\u0131lmas\u0131n\u0131n bir amac\u0131 da, \u00e7ocuklar\u0131m\u0131z\u0131n il\u00e7eleri tan\u0131malar\u0131 ve il\u00e7elerin sorunlar\u0131n\u0131 yak\u0131ndan g\u00f6rmeleri. \u00c7ocuk Meclisi&#8217;nde \u00e7ocuklar\u0131m\u0131z, demokrasi bilincini \u00f6\u011freniyorlar. Ya\u015fad\u0131klar\u0131 kenti tan\u0131ma f\u0131rsatlar\u0131 oluyor. Hem\u015fehrilik bilinci olu\u015fuyor ve birey olduklar\u0131n\u0131 hissediyorlar&#8221;&nbsp;<\/strong>diye konu\u015ftu.<\/p>\n\n\n\n<p><strong>Ye\u015fil\u00e7ay\u0131r: &#8220;\u00c7ocuk Meclisi&#8217;nin il\u00e7elerde yap\u0131lmas\u0131 ile il\u00e7eleri daha yak\u0131ndan tan\u0131yoruz&#8221;<\/strong><\/p>\n\n\n\n<p>Mersin B\u00fcy\u00fck\u015fehir Belediyesi \u00c7ocuk Meclisi Ba\u015fkan\u0131 Meri\u00e7 Ye\u015fil\u00e7ay\u0131r, mecliste g\u00f6r\u00fc\u015ft\u00fckleri konular\u0131 de\u011ferlendirerek,&nbsp;<strong>&#8220;\u00c7ok g\u00fczel \u00f6nergelerimiz oldu. Huzurevine folklor ekibi g\u00f6nderme ve An\u0131tkabir gezisi \u00f6nergemizi sunduk. En \u00f6nemlisi de kad\u0131n cinayetlerini azaltmak ad\u0131na parklar\u0131 ayd\u0131nlatmam\u0131z gerekti\u011fiyle ilgili Firdevs arkada\u015f\u0131m\u0131z\u0131n verdi\u011fi \u00f6nergeydi&#8221;<\/strong>&nbsp;dedi. \u00c7ocuk Meclisi&#8217;nin il\u00e7elere ta\u015f\u0131nmas\u0131n\u0131n da \u00f6nemli oldu\u011funu s\u00f6yleyen Ye\u015fil\u00e7ay\u0131r,&nbsp;<strong>&#8220;Meclis&#8217;in di\u011fer il\u00e7elerde, \u00f6zellikle de k\u0131rsal b\u00f6lgelerde yap\u0131lmas\u0131 ve o b\u00f6lgelerin de g\u00f6r\u00fclmesi gerekiyor. Hem o b\u00f6lgelerin taleplerini daha yak\u0131ndan al\u0131yoruz, hem de arkada\u015flar\u0131m\u0131zla o b\u00f6lgenin do\u011fal g\u00fczelliklerini g\u00f6rm\u00fc\u015f oluyoruz&#8221;<\/strong>&nbsp;diye konu\u015ftu.<\/p>\n\n\n\n<p><strong>Kaya: &#8220;En \u00f6nemli konumuz, kad\u0131n ve \u00e7ocu\u011fa y\u00f6nelik \u015fiddetin ele al\u0131nmas\u0131yd\u0131&#8221;<\/strong><\/p>\n\n\n\n<p>\u00c7ocuk Meclisi E\u011fitim Komisyonu \u00fcyesi Firdevs Kaya ise,&nbsp;<strong>&#8220;Toplant\u0131m\u0131zda, kad\u0131n ve \u00e7ocu\u011fa y\u00f6nelik \u015fiddetin ele al\u0131nmas\u0131 ile ilgili bir\u00e7ok konu vard\u0131. Bu ger\u00e7ekten beni \u00e7ok sevindirdi. Hayata ge\u00e7irilecek olan proje hakk\u0131nda \u00e7ok mutlu oldum. Daha bir\u00e7ok projelerimiz var&#8221;&nbsp;<\/strong>derken, \u00c7ocuk Meclisi&#8217;nin olmas\u0131n\u0131n kendilerini memnun etti\u011fini ifade ederek,&nbsp;<strong>&#8220;\u00c7ocuk Meclisi&#8217;nin kurulmas\u0131 beni \u00e7ok gururland\u0131rd\u0131. Bizim d\u00fc\u015f\u00fcncelerimizi, duygular\u0131m\u0131z\u0131 ve bizi \u00f6nemsediklerini g\u00f6rmek \u00e7ok g\u00fczel. Meclisimizi farkl\u0131 yerlerde yap\u0131yor olmam\u0131z da ayr\u0131ca g\u00fczel&#8221;&nbsp;<\/strong>ifadelerini kulland\u0131.<\/p>\n","protected":false},"excerpt":{"rendered":"<p>Mersin B\u00fcy\u00fck\u015fehir Belediyesi \u00c7ocuk Meclisi&#8217;nin 2025 y\u0131l\u0131 ilk toplant\u0131s\u0131 Silifke Belediyesi ev sahipli\u011finde Silifke&#8217;de ger\u00e7ekle\u015fti. \u00c7ocuklar, Meclis \u00f6ncesinde komisyon toplant\u0131s\u0131 ger\u00e7ekle\u015ftirdi. Mersin&#8217;in y\u00f6netiminde \u00e7ocuklar\u0131n da s\u00f6z sahibi olabilmesi, fikirlerini ve taleplerini \u00f6zg\u00fcrce ifade edebilmesi ve kentin ihtiya\u00e7lar\u0131n\u0131n \u00e7ocuklar\u0131n d\u00fcnyas\u0131ndan da g\u00f6r\u00fclebilmesi amac\u0131yla 2023 y\u0131l\u0131nda hayata ge\u00e7irilen Mersin B\u00fcy\u00fck\u015fehir Belediyesi \u00c7ocuk Meclisi il\u00e7elere ta\u015f\u0131nd\u0131. \u00c7ocuklar\u0131n Mersin&#8217;in [&hellip;]<\/p>\n","protected":false},"author":2,"featured_media":39600,"comment_status":"closed","ping_status":"closed","sticky":false,"template":"","format":"standard","meta":{"footnotes":""},"categories":[3],"tags":[],"class_list":["post-39599","post","type-post","status-publish","format-standard","has-post-thumbnail","hentry","category-manset"],"views":4,"_links":{"self":[{"href":"https:\/\/mersinkadingazetesi.com\/index.php?rest_route=\/wp\/v2\/posts\/39599"}],"collection":[{"href":"https:\/\/mersinkadingazetesi.com\/index.php?rest_route=\/wp\/v2\/posts"}],"about":[{"href":"https:\/\/mersinkadingazetesi.com\/index.php?rest_route=\/wp\/v2\/types\/post"}],"author":[{"embeddable":true,"href":"https:\/\/mersinkadingazetesi.com\/index.php?rest_route=\/wp\/v2\/users\/2"}],"replies":[{"embeddable":true,"href":"https:\/\/mersinkadingazetesi.com\/index.php?rest_route=%2Fwp%2Fv2%2Fcomments&post=39599"}],"version-history":[{"count":1,"href":"https:\/\/mersinkadingazetesi.com\/index.php?rest_route=\/wp\/v2\/posts\/39599\/revisions"}],"predecessor-version":[{"id":39601,"href":"https:\/\/mersinkadingazetesi.com\/index.php?rest_route=\/wp\/v2\/posts\/39599\/revisions\/39601"}],"wp:featuredmedia":[{"embeddable":true,"href":"https:\/\/mersinkadingazetesi.com\/index.php?rest_route=\/wp\/v2\/media\/39600"}],"wp:attachment":[{"href":"https:\/\/mersinkadingazetesi.com\/index.php?rest_route=%2Fwp%2Fv2%2Fmedia&parent=39599"}],"wp:term":[{"taxonomy":"category","embeddable":true,"href":"https:\/\/mersinkadingazetesi.com\/index.php?rest_route=%2Fwp%2Fv2%2Fcategories&post=39599"},{"taxonomy":"post_tag","embeddable":true,"href":"https:\/\/mersinkadingazetesi.com\/index.php?rest_route=%2Fwp%2Fv2%2Ftags&post=39599"}],"curies":[{"name":"wp","href":"https:\/\/api.w.org\/{rel}","templated":true}]}}