{"id":39602,"date":"2025-02-12T10:39:57","date_gmt":"2025-02-12T07:39:57","guid":{"rendered":"https:\/\/mersinkadingazetesi.com\/?p=39602"},"modified":"2025-02-12T10:39:58","modified_gmt":"2025-02-12T07:39:58","slug":"kontrol-noktalarinda-aramalarimiz-devam-ediyor","status":"publish","type":"post","link":"https:\/\/mersinkadingazetesi.com\/?p=39602","title":{"rendered":"Kontrol Noktalar\u0131nda Aramalar\u0131m\u0131z Devam Ediyor"},"content":{"rendered":"\n<p>Mersin Orman B\u00f6lge M\u00fcd\u00fcrl\u00fc\u011f\u00fcm\u00fcze ba\u011fl\u0131 Mut Orman \u0130\u015fletme M\u00fcd\u00fcrl\u00fc\u011f\u00fc taraf\u0131ndan, ormanlar\u0131m\u0131z\u0131n kanun d\u0131\u015f\u0131 m\u00fcdahalelerden korunmas\u0131 ve olas\u0131 usuls\u00fczl\u00fcklerin \u00f6n\u00fcne ge\u00e7ilmesi amac\u0131yla \u201c\u00d6nleme Aramas\u0131\u201d ger\u00e7ekle\u015ftirildi.<\/p>\n\n\n\n<p>G\u00f6\u011fden, Karacao\u011flan ve G\u00f6ksu \u0130\u015fletme \u015eeflikleri ile \u0130l\u00e7e Jandarma Komutanl\u0131\u011f\u0131 personeli koordineli bir \u015fekilde belirlenen noktalarda ve farkl\u0131 saatlerde denetimler yapt\u0131. Yap\u0131lan denetimlerde orman emvali ta\u015f\u0131yan&nbsp;ara\u00e7lar\u0131n sevk pusulas\u0131, nakliye, emval ve mesaha kontrol\u00fc ve di\u011fer \u015f\u00fcpheli ara\u00e7larda \u00f6nleme aramas\u0131 s\u0131ras\u0131nda herhangi bir usuls\u00fczl\u00fc\u011fe rastlanmam\u0131\u015ft\u0131r.<\/p>\n\n\n\n<p>Ormanlar\u0131m\u0131z\u0131n g\u00fcvenli\u011fini sa\u011flamak ve yasa d\u0131\u015f\u0131 m\u00fcdahaleleri \u00f6nlemek ad\u0131na \u201c\u00d6nleme Aramas\u0131\u201d uygulamalar\u0131, b\u00f6lgemiz genelinde d\u00fczenli olarak devam edecektir.<\/p>\n","protected":false},"excerpt":{"rendered":"<p>Mersin Orman B\u00f6lge M\u00fcd\u00fcrl\u00fc\u011f\u00fcm\u00fcze ba\u011fl\u0131 Mut Orman \u0130\u015fletme M\u00fcd\u00fcrl\u00fc\u011f\u00fc taraf\u0131ndan, ormanlar\u0131m\u0131z\u0131n kanun d\u0131\u015f\u0131 m\u00fcdahalelerden korunmas\u0131 ve olas\u0131 usuls\u00fczl\u00fcklerin \u00f6n\u00fcne ge\u00e7ilmesi amac\u0131yla \u201c\u00d6nleme Aramas\u0131\u201d ger\u00e7ekle\u015ftirildi. G\u00f6\u011fden, Karacao\u011flan ve G\u00f6ksu \u0130\u015fletme \u015eeflikleri ile \u0130l\u00e7e Jandarma Komutanl\u0131\u011f\u0131 personeli koordineli bir \u015fekilde belirlenen noktalarda ve farkl\u0131 saatlerde denetimler yapt\u0131. Yap\u0131lan denetimlerde orman emvali ta\u015f\u0131yan&nbsp;ara\u00e7lar\u0131n sevk pusulas\u0131, nakliye, emval ve [&hellip;]<\/p>\n","protected":false},"author":2,"featured_media":39603,"comment_status":"closed","ping_status":"closed","sticky":false,"template":"","format":"standard","meta":{"footnotes":""},"categories":[3],"tags":[],"class_list":["post-39602","post","type-post","status-publish","format-standard","has-post-thumbnail","hentry","category-manset"],"views":6,"_links":{"self":[{"href":"https:\/\/mersinkadingazetesi.com\/index.php?rest_route=\/wp\/v2\/posts\/39602"}],"collection":[{"href":"https:\/\/mersinkadingazetesi.com\/index.php?rest_route=\/wp\/v2\/posts"}],"about":[{"href":"https:\/\/mersinkadingazetesi.com\/index.php?rest_route=\/wp\/v2\/types\/post"}],"author":[{"embeddable":true,"href":"https:\/\/mersinkadingazetesi.com\/index.php?rest_route=\/wp\/v2\/users\/2"}],"replies":[{"embeddable":true,"href":"https:\/\/mersinkadingazetesi.com\/index.php?rest_route=%2Fwp%2Fv2%2Fcomments&post=39602"}],"version-history":[{"count":1,"href":"https:\/\/mersinkadingazetesi.com\/index.php?rest_route=\/wp\/v2\/posts\/39602\/revisions"}],"predecessor-version":[{"id":39604,"href":"https:\/\/mersinkadingazetesi.com\/index.php?rest_route=\/wp\/v2\/posts\/39602\/revisions\/39604"}],"wp:featuredmedia":[{"embeddable":true,"href":"https:\/\/mersinkadingazetesi.com\/index.php?rest_route=\/wp\/v2\/media\/39603"}],"wp:attachment":[{"href":"https:\/\/mersinkadingazetesi.com\/index.php?rest_route=%2Fwp%2Fv2%2Fmedia&parent=39602"}],"wp:term":[{"taxonomy":"category","embeddable":true,"href":"https:\/\/mersinkadingazetesi.com\/index.php?rest_route=%2Fwp%2Fv2%2Fcategories&post=39602"},{"taxonomy":"post_tag","embeddable":true,"href":"https:\/\/mersinkadingazetesi.com\/index.php?rest_route=%2Fwp%2Fv2%2Ftags&post=39602"}],"curies":[{"name":"wp","href":"https:\/\/api.w.org\/{rel}","templated":true}]}}