{"id":39611,"date":"2025-02-12T12:59:21","date_gmt":"2025-02-12T09:59:21","guid":{"rendered":"https:\/\/mersinkadingazetesi.com\/?p=39611"},"modified":"2025-02-12T12:59:22","modified_gmt":"2025-02-12T09:59:22","slug":"mersin-dobnden-sevgililer-gunune-ozel-konseri","status":"publish","type":"post","link":"https:\/\/mersinkadingazetesi.com\/?p=39611","title":{"rendered":"Mersin DOB\u2019nden Sevgililer G\u00fcn\u00fc\u2019ne \u00d6zel Konseri"},"content":{"rendered":"\n<p>Mersin Devlet Opera ve Balesi (MDOB), Sevgililer G\u00fcn\u00fc\u2019nde sanatseverlere unutulmaz bir m\u00fczik ziyafeti sunmaya haz\u0131rlan\u0131yor. 14 \u015eubat 2025 Cuma g\u00fcn\u00fc saat 20.00\u2019de, Mersin K\u00fclt\u00fcr Merkezi \u015eeref Salonu\u2019nda ger\u00e7ekle\u015fecek bu \u00f6zel konserde, a\u015fk\u0131n b\u00fcy\u00fcs\u00fcn\u00fc yans\u0131tan birbirinden de\u011ferli eserler seslendirilecek.<\/p>\n\n\n\n<p>Gecede, Soprano Av\u015fin Dilara Kaymak, Mezzosoprano Nisu Karaarslan, Tenor Ensar Alp Ak\u00e7a ve Tenor Sezgin Ham\u0131zo\u011flu sahne alacak. Sanat\u00e7\u0131lar, romantizmin en etkileyici eserleriyle dinleyicilere unutulmaz anlar ya\u015fatacak.<\/p>\n\n\n\n<p>Anlat\u0131c\u0131l\u0131\u011f\u0131n\u0131 Av\u015fin Alev Lal\u2019\u0131n \u00fcstlenece\u011fi &nbsp;konserin enstr\u00fcmantal b\u00f6l\u00fcm\u00fcnde ise kemanda Utku G\u00f6ksal, violonselde Mert K\u0131y\u0131c\u0131, fl\u00fctte F\u0131rat Esenerli ve piyanoda Tu\u011f\u00e7e G\u00f6ksal sahne alarak m\u00fczi\u011fin b\u00fcy\u00fcs\u00fcn\u00fc izleyicilerle bulu\u015fturacak.<\/p>\n\n\n\n<p>Sanat ve duygular\u0131n i\u00e7 i\u00e7e ge\u00e7ti\u011fi bu \u00f6zel etkinlikte, a\u015fk\u0131n ve m\u00fczi\u011fin e\u015fsiz uyumu izleyicilere sunulacak.<\/p>\n","protected":false},"excerpt":{"rendered":"<p>Mersin Devlet Opera ve Balesi (MDOB), Sevgililer G\u00fcn\u00fc\u2019nde sanatseverlere unutulmaz bir m\u00fczik ziyafeti sunmaya haz\u0131rlan\u0131yor. 14 \u015eubat 2025 Cuma g\u00fcn\u00fc saat 20.00\u2019de, Mersin K\u00fclt\u00fcr Merkezi \u015eeref Salonu\u2019nda ger\u00e7ekle\u015fecek bu \u00f6zel konserde, a\u015fk\u0131n b\u00fcy\u00fcs\u00fcn\u00fc yans\u0131tan birbirinden de\u011ferli eserler seslendirilecek. Gecede, Soprano Av\u015fin Dilara Kaymak, Mezzosoprano Nisu Karaarslan, Tenor Ensar Alp Ak\u00e7a ve Tenor Sezgin Ham\u0131zo\u011flu sahne [&hellip;]<\/p>\n","protected":false},"author":2,"featured_media":39612,"comment_status":"closed","ping_status":"closed","sticky":false,"template":"","format":"standard","meta":{"footnotes":""},"categories":[3],"tags":[],"class_list":["post-39611","post","type-post","status-publish","format-standard","has-post-thumbnail","hentry","category-manset"],"views":6,"_links":{"self":[{"href":"https:\/\/mersinkadingazetesi.com\/index.php?rest_route=\/wp\/v2\/posts\/39611"}],"collection":[{"href":"https:\/\/mersinkadingazetesi.com\/index.php?rest_route=\/wp\/v2\/posts"}],"about":[{"href":"https:\/\/mersinkadingazetesi.com\/index.php?rest_route=\/wp\/v2\/types\/post"}],"author":[{"embeddable":true,"href":"https:\/\/mersinkadingazetesi.com\/index.php?rest_route=\/wp\/v2\/users\/2"}],"replies":[{"embeddable":true,"href":"https:\/\/mersinkadingazetesi.com\/index.php?rest_route=%2Fwp%2Fv2%2Fcomments&post=39611"}],"version-history":[{"count":1,"href":"https:\/\/mersinkadingazetesi.com\/index.php?rest_route=\/wp\/v2\/posts\/39611\/revisions"}],"predecessor-version":[{"id":39613,"href":"https:\/\/mersinkadingazetesi.com\/index.php?rest_route=\/wp\/v2\/posts\/39611\/revisions\/39613"}],"wp:featuredmedia":[{"embeddable":true,"href":"https:\/\/mersinkadingazetesi.com\/index.php?rest_route=\/wp\/v2\/media\/39612"}],"wp:attachment":[{"href":"https:\/\/mersinkadingazetesi.com\/index.php?rest_route=%2Fwp%2Fv2%2Fmedia&parent=39611"}],"wp:term":[{"taxonomy":"category","embeddable":true,"href":"https:\/\/mersinkadingazetesi.com\/index.php?rest_route=%2Fwp%2Fv2%2Fcategories&post=39611"},{"taxonomy":"post_tag","embeddable":true,"href":"https:\/\/mersinkadingazetesi.com\/index.php?rest_route=%2Fwp%2Fv2%2Ftags&post=39611"}],"curies":[{"name":"wp","href":"https:\/\/api.w.org\/{rel}","templated":true}]}}