{"id":39617,"date":"2025-02-12T14:50:19","date_gmt":"2025-02-12T11:50:19","guid":{"rendered":"https:\/\/mersinkadingazetesi.com\/?p=39617"},"modified":"2025-02-12T14:50:21","modified_gmt":"2025-02-12T11:50:21","slug":"deniz-cayirlari-tehlikede","status":"publish","type":"post","link":"https:\/\/mersinkadingazetesi.com\/?p=39617","title":{"rendered":"Deniz \u00c7ay\u0131rlar\u0131 Tehlikede"},"content":{"rendered":"\n<p>Ayd\u0131nc\u0131k k\u0131y\u0131lar\u0131, Do\u011fu Akdeniz\u2019de Posidonia Oceanica t\u00fcr\u00fc deniz \u00e7ay\u0131rlar\u0131n\u0131n ya\u015fam alan\u0131 olarak bilinen en \u00f6nemli b\u00f6lgelerden biri. Deniz \u00e7ay\u0131rlar\u0131, oksijen \u00fcretimi, karbon depolama, k\u0131y\u0131 erozyonunu \u00f6nleme ve deniz canl\u0131lar\u0131na ya\u015fam alan\u0131 sunma gibi ekolojik fonksiyonlar\u0131 nedeniyle kritik \u00f6neme sahip. Ancak iklim de\u011fi\u015fikli\u011fi, deniz kirlili\u011fi &nbsp;ve bilin\u00e7siz \u00e7apalama gibi insan faaliyetleri nedeniyle bu hassas ekosistem b\u00fcy\u00fck bir tehdit alt\u0131nda.<\/p>\n\n\n\n<p>Akdeniz\u2019e \u00f6zg\u00fc deniz \u00e7ay\u0131r\u0131 t\u00fcrlerinin, iklim krizi ve insan kaynakl\u0131 etkiler nedeniyle yok olma tehlikesi Mersin Deniz Ticaret Odas\u0131\u2019nda d\u00fczenlenen panelde ele al\u0131nd\u0131.<\/p>\n\n\n\n<p>Mersin Deniz Ticaret Odas\u0131 (MDTO) ve Mersin Kent Konseyi Kent ve Deniz Komisyonu i\u015f birli\u011finde d\u00fczenlenen &nbsp;Deniz \u00c7ay\u0131rlar\u0131n\u0131n Son Kalesi: Ayd\u0131nc\u0131k ba\u015fl\u0131kl\u0131 panel MDTO Konferans Salonu\u2019nda ger\u00e7ekle\u015ftirildi.<\/p>\n\n\n\n<p>Mersin \u00dcniversitesi Su \u00dcr\u00fcnleri Fak\u00fcltesi \u00d6\u011fretim \u00dcyesi Prof. Dr. Deniz Ayas ve ODT\u00dc Deniz Bilimleri Enstit\u00fcs\u00fc \u00d6\u011fretim \u00dcyesi Dr. Evrim Kalkan Tezcan\u2019\u0131n konu\u015fmac\u0131 olarak yer ald\u0131\u011f\u0131 panelde, deniz \u00e7ay\u0131rlar\u0131n\u0131n ekosistem i\u00e7in kritik \u00f6nemi, korunma gereklili\u011fi ve insan kaynakl\u0131 tehditler ele al\u0131nd\u0131.<\/p>\n\n\n\n<p>Etkinli\u011fin a\u00e7\u0131l\u0131\u015f konu\u015fmas\u0131n\u0131 yapan Mersin Kent Konseyi Ba\u015fkan\u0131 Alper Girge\u00e7, Kent ve Deniz Komisyonu\u2019nun bu \u00e7al\u0131\u015fmaya \u00f6nc\u00fcl\u00fck etti\u011fini ve MDTO\u2019nun ise&nbsp; denizle ilgili her konuya sahip \u00e7\u0131kt\u0131\u011f\u0131n\u0131 belirterek eme\u011fi ge\u00e7enlere te\u015fekk\u00fcrlerini iletti.<\/p>\n\n\n\n<p><strong>Ayd\u0131nc\u0131k, Do\u011fu Akdeniz\u2019de Deniz \u00c7ay\u0131rlar\u0131n\u0131n Son S\u0131\u011f\u0131na\u011f\u0131<\/strong><\/p>\n\n\n\n<p>Ayd\u0131nc\u0131k k\u0131y\u0131lar\u0131nda ve \u00e7evresinde yayg\u0131n olarak g\u00f6r\u00fclen deniz \u00e7ay\u0131rlar\u0131 hakk\u0131nda bilgi veren Ayas, Akdeniz&#8217;e \u00f6zg\u00fc en \u00f6nemli deniz \u00e7ay\u0131r\u0131 t\u00fcr\u00fc olan Posidonia Oceanica\u2019n\u0131n Akdeniz ekosisteminde denizel biyo\u00e7e\u015fitlilik a\u00e7\u0131s\u0131ndan b\u00fcy\u00fck \u00f6nem ta\u015f\u0131d\u0131\u011f\u0131n\u0131, bu t\u00fcr\u00fcn kirlili\u011fe ve \u00e7evresel de\u011fi\u015fimlere \u00e7ok hassas oldu\u011funu ve son y\u0131llarda insan faaliyetlerinin bu hassas ekosistemi tehdit etti\u011fini anlatt\u0131. Deniz canl\u0131lar\u0131na ya\u015fam alan\u0131 sa\u011flayan, karbon depolayan, suyun kalitesini art\u0131ran ve k\u0131y\u0131lar\u0131 koruyan do\u011fal bariyerler olan deniz \u00e7ay\u0131rlar\u0131n\u0131n, \u00f6nlem al\u0131nmazsa zamanla yok olabilece\u011fini vurgulayan Ayas, koruma \u00f6nlemlerinin h\u0131zla hayata ge\u00e7irilmesi gerekti\u011fini ifade etti.<\/p>\n\n\n\n<p>Dr. Evrim Kalkan Tezcan ise sunumunda iklim de\u011fi\u015fikli\u011finin deniz \u00e7ay\u0131rlar\u0131 \u00fczerindeki etkilerini ele ald\u0131. Akdeniz\u2019in k\u00fcresel ortalamadan daha h\u0131zl\u0131 \u0131s\u0131nd\u0131\u011f\u0131n\u0131 ve bu s\u0131cakl\u0131k art\u0131\u015f\u0131n\u0131n deniz \u00e7ay\u0131rlar\u0131n\u0131 do\u011frudan etkiledi\u011fini belirtti.<\/p>\n\n\n\n<p>Posidonia Oceanica t\u00fcr\u00fc deniz \u00e7ay\u0131rlar\u0131n\u0131n&nbsp; T\u00fcrkiye k\u0131y\u0131lar\u0131ndaki da\u011f\u0131l\u0131m\u0131n\u0131n Do\u011fu Akdeniz\u2019deki en son noktas\u0131n\u0131n Ayd\u0131nc\u0131k Turgutlar Koyu oldu\u011funu belirten Tezcan, bu t\u00fcr\u00fcn&nbsp; y\u00fcksek s\u0131cakl\u0131klara duyarl\u0131l\u0131\u011f\u0131 nedeniyle Ayd\u0131nc\u0131k\u2019taki ya\u015fam alan\u0131n\u0131n giderek darald\u0131\u011f\u0131n\u0131, istilac\u0131 t\u00fcrlerin ise b\u00f6lgedeki yerel deniz \u00e7ay\u0131rlar\u0131n\u0131 tehdit etti\u011fini ifade etti.<\/p>\n\n\n\n<p>Panelde, deniz \u00e7ay\u0131rlar\u0131n\u0131n korunmas\u0131 i\u00e7in restorasyon projelerine ba\u015flanmas\u0131, bilimsel izleme \u00e7al\u0131\u015fmalar\u0131n\u0131n art\u0131r\u0131lmas\u0131 ve yerel y\u00f6netimler, akademisyenler, bal\u0131k\u00e7\u0131lar ve turizm sekt\u00f6r\u00fc temsilcilerinin dahil edildi\u011fi bilin\u00e7lendirme kampanyalar\u0131n\u0131n d\u00fczenlenmesi gerekti\u011fi kaydedildi.<\/p>\n\n\n\n<p>Panele, Sahil G\u00fcvenlik Akdeniz B\u00f6lge Komutanl\u0131\u011f\u0131, Mersin B\u00fcy\u00fck\u015fehir Belediyesi, Mersin \u00dcniversitesi, ODT\u00dc Deniz Bilimleri Enstit\u00fcs\u00fc, Mersin Deniz Ticaret Odas\u0131, &nbsp;\u00c7evre M\u00fchendisleri Odas\u0131 ve Mersin Kent Konseyi ve Mersin Rotary Kul\u00fcb\u00fc temsilcileri kat\u0131ld\u0131.<\/p>\n","protected":false},"excerpt":{"rendered":"<p>Ayd\u0131nc\u0131k k\u0131y\u0131lar\u0131, Do\u011fu Akdeniz\u2019de Posidonia Oceanica t\u00fcr\u00fc deniz \u00e7ay\u0131rlar\u0131n\u0131n ya\u015fam alan\u0131 olarak bilinen en \u00f6nemli b\u00f6lgelerden biri. Deniz \u00e7ay\u0131rlar\u0131, oksijen \u00fcretimi, karbon depolama, k\u0131y\u0131 erozyonunu \u00f6nleme ve deniz canl\u0131lar\u0131na ya\u015fam alan\u0131 sunma gibi ekolojik fonksiyonlar\u0131 nedeniyle kritik \u00f6neme sahip. Ancak iklim de\u011fi\u015fikli\u011fi, deniz kirlili\u011fi &nbsp;ve bilin\u00e7siz \u00e7apalama gibi insan faaliyetleri nedeniyle bu hassas ekosistem b\u00fcy\u00fck [&hellip;]<\/p>\n","protected":false},"author":2,"featured_media":39618,"comment_status":"closed","ping_status":"closed","sticky":false,"template":"","format":"standard","meta":{"footnotes":""},"categories":[34,1,2,3],"tags":[],"class_list":["post-39617","post","type-post","status-publish","format-standard","has-post-thumbnail","hentry","category-flas-haber","category-genel","category-gundem","category-manset"],"views":3,"_links":{"self":[{"href":"https:\/\/mersinkadingazetesi.com\/index.php?rest_route=\/wp\/v2\/posts\/39617"}],"collection":[{"href":"https:\/\/mersinkadingazetesi.com\/index.php?rest_route=\/wp\/v2\/posts"}],"about":[{"href":"https:\/\/mersinkadingazetesi.com\/index.php?rest_route=\/wp\/v2\/types\/post"}],"author":[{"embeddable":true,"href":"https:\/\/mersinkadingazetesi.com\/index.php?rest_route=\/wp\/v2\/users\/2"}],"replies":[{"embeddable":true,"href":"https:\/\/mersinkadingazetesi.com\/index.php?rest_route=%2Fwp%2Fv2%2Fcomments&post=39617"}],"version-history":[{"count":1,"href":"https:\/\/mersinkadingazetesi.com\/index.php?rest_route=\/wp\/v2\/posts\/39617\/revisions"}],"predecessor-version":[{"id":39619,"href":"https:\/\/mersinkadingazetesi.com\/index.php?rest_route=\/wp\/v2\/posts\/39617\/revisions\/39619"}],"wp:featuredmedia":[{"embeddable":true,"href":"https:\/\/mersinkadingazetesi.com\/index.php?rest_route=\/wp\/v2\/media\/39618"}],"wp:attachment":[{"href":"https:\/\/mersinkadingazetesi.com\/index.php?rest_route=%2Fwp%2Fv2%2Fmedia&parent=39617"}],"wp:term":[{"taxonomy":"category","embeddable":true,"href":"https:\/\/mersinkadingazetesi.com\/index.php?rest_route=%2Fwp%2Fv2%2Fcategories&post=39617"},{"taxonomy":"post_tag","embeddable":true,"href":"https:\/\/mersinkadingazetesi.com\/index.php?rest_route=%2Fwp%2Fv2%2Ftags&post=39617"}],"curies":[{"name":"wp","href":"https:\/\/api.w.org\/{rel}","templated":true}]}}