{"id":39620,"date":"2025-02-12T14:51:57","date_gmt":"2025-02-12T11:51:57","guid":{"rendered":"https:\/\/mersinkadingazetesi.com\/?p=39620"},"modified":"2025-02-12T15:26:41","modified_gmt":"2025-02-12T12:26:41","slug":"mhp-mersin-milletvekili-dr-levent-uysal-tbmm-baskanligina-ogrenci-affi-kanun-teklifi-sundu","status":"publish","type":"post","link":"https:\/\/mersinkadingazetesi.com\/?p=39620","title":{"rendered":"MHP MERS\u0130N M\u0130LLETVEK\u0130L\u0130 DR. LEVENT UYSAL TBMM BA\u015eKANLI\u011eINA \u00d6\u011eRENC\u0130 AFFI KANUN TEKL\u0130F\u0130 SUNDU"},"content":{"rendered":"\n<p>Milliyet\u00e7i Hareket Partisi Mersin Milletvekili, MYK \u00dcyesi ve TBMM Dijital Mecralar Komisyonu \u00dcyesi Dr. Levent Uysal, farkl\u0131 gerek\u00e7elerle \u00fcniversite hayat\u0131 yar\u0131da kalan \u00f6\u011frenciler i\u00e7in T\u00fcrkiye B\u00fcy\u00fck Millet Meclisi Ba\u015fkanl\u0131\u011f\u0131\u2019na Milliyet\u00e7i Hareket Partisi Grubu ad\u0131na \u201c\u00d6\u011frenci Aff\u0131 Kanun Teklifi\u201dni sundu. Milletvekili Uysal <strong>\u201c\u00dcniversite \u00f6\u011frenimine devam etmek isteyen gen\u00e7lerimiz i\u00e7in Milliyet\u00e7i Hareket Partisi ad\u0131na sundu\u011fumuz \u00d6\u011frenci Aff\u0131 kanun teklifimiz; TBMM Ba\u015fkanl\u0131\u011f\u0131nca Milli E\u011fitim, K\u00fclt\u00fcr, Gen\u00e7lik ve Spor Komisyonu\u2019na iletildi. Gen\u00e7lerimiz, gelece\u011fimiz ve biz onlar\u0131n her zaman yan\u0131nday\u0131z.\u201d<\/strong> a\u00e7\u0131klamas\u0131nda bulundu.<br><br>Milliyet\u00e7i Hareket Partisi Mersin Milletvekili Dr. Levent Uysal, T\u00fcrkiye B\u00fcy\u00fck Millet Meclisi Ba\u015fkanl\u0131\u011f\u0131\u2019na 2547 say\u0131l\u0131 Y\u00fcksek\u00f6\u011fretim Kanununda de\u011fi\u015fiklik yap\u0131lmas\u0131na ili\u015fkin ilgili komisyonlar\u0131n incelemesi \u00fczerine <strong>\u2018\u00d6\u011frenci Aff\u0131 Kanun Teklifi\u2019<\/strong> sundu. &nbsp;Milletvekili Uysal verdi\u011fi kanun teklifinin gerek\u00e7esinde ise \u00fcniversitelerin \u00fclkelerin kalk\u0131nmas\u0131nda b\u00fcy\u00fck \u00f6neme sahip oldu\u011funu ve bunun da s\u00fcrd\u00fcr\u00fclebilir \u00f6\u011frenci varl\u0131\u011f\u0131ndan ge\u00e7ti\u011fini beyan etti.<br><br><\/p>\n\n\n\n<p><strong>UYSAL, DEPREM B\u00d6LGES\u0130NDE \u00dcN\u0130VERS\u0130TE HAYATINA DEVAM EDEMEYEN \u00d6\u011eRENC\u0130LER\u0130N SES\u0130 OLDU<\/strong><br><br>Milliyet\u00e7i Hareket Partisi Mersin Milletvekili, MYK \u00dcyesi ve TBMM Dijital Mecralar Komisyonu \u00dcyesi Dr. Levent Uysal <strong>\u2018\u00d6\u011frenci Aff\u0131 Kanun Teklifi\u2019 <\/strong>dilek\u00e7esinin gerek\u00e7esinde 6 \u015eubat asr\u0131n felaketinden do\u011frudan etkilenen binlerce \u00f6\u011frencinin oldu\u011funu ve bu \u00f6\u011frencilerin \u00fcniversite hayatlar\u0131n\u0131 yar\u0131da b\u0131rakt\u0131klar\u0131n\u0131 belirterek <strong>\u201c\u00dcniversiteler, ulusal ve uluslararas\u0131 yay\u0131n faaliyetlerinin s\u00fcrd\u00fcr\u00fclmesinde, ara\u015ft\u0131rma ve geli\u015ftirme faaliyetlerinin ara\u015ft\u0131r\u0131lmas\u0131nda ve bu ba\u011flamda \u00fclkelerin s\u00fcrd\u00fcr\u00fclebilir kalk\u0131nmas\u0131nda kritik \u00f6neme sahip olan akademik yap\u0131lard\u0131r. \u00dcniversitelerin bu faaliyetleri sa\u011flamas\u0131ndaki temel unsur da s\u00fcrd\u00fcr\u00fclebilir \u00f6\u011frenci varl\u0131\u011f\u0131d\u0131r. \u00dclkemiz, 6 \u015eubat 202.3 tarihinde Kahramanmara\u015f merkezli iki b\u00fcy\u00fck deprem ile b\u00fcy\u00fck kay\u0131plar ya\u015fam\u0131\u015ft\u0131r. Depremler, G\u00fcneydo\u011fu Anadolu, Do\u011fu Anadolu, Akdeniz ve \u0130\u00e7 Anadolu B\u00f6lgelerini kapsayan geni\u015f bir alanda hissedilmi\u015f; Kahramanmara\u015f, Hatay, Ad\u0131yaman, \u015eanl\u0131urfa, Diyarbak\u0131r, Malatya, Gaziantep, Adana, Elaz\u0131\u011f, Kilis ve Osmaniye illerinde can kay\u0131plar\u0131na, yaralanmalara ve a\u011f\u0131r hasarlara sebep olmu\u015ftur. Depremden do\u011frudan veya dolayl\u0131 olarak etkilenen \u00e7ok say\u0131da gencimiz hem i\u00e7inde bulunulan hem de izleyen akademik y\u0131llarda y\u00fcksek\u00f6\u011fretim hayat\u0131na devam edememi\u015f veya kazanm\u0131\u015f oldu\u011fu y\u00fcksek\u00f6\u011fretim kurumunda e\u011fitimine ba\u015flayamam\u0131\u015ft\u0131r. \u00d6\u011frenci Aff\u0131 (7417 Say\u0131l\u0131 Kanun ile 2547 Say\u0131l\u0131 Kanun&#8217;a eklenen Ge\u00e7ici 83. Madde), en son 5 Temmuz 2022 tarih ve 31887 say\u0131l\u0131 Resmi Gazete&#8217;de yay\u0131mlanarak y\u00fcr\u00fcrl\u00fc\u011fe girmi\u015ftir. \u00c7e\u015fitli nedenlerle y\u00fcksek\u00f6\u011fretimlerini yar\u0131da b\u0131rakan veya kazanm\u0131\u015f oldu\u011fu y\u00fcksek\u00f6\u011fretim kurumuna kay\u0131t yapt\u0131ramayan \u00f6\u011frencilerin durumu birlikte de\u011ferlendirilerek 2547 Say\u0131l\u0131 Y\u00fcksek\u00f6\u011fretim Kanunu&#8217;na ekledi\u011fimiz ge\u00e7ici maddeyle \u00fcniversitelerde \u00f6\u011frenim g\u00f6rmekte iken ili\u015fi\u011fi kesilenler ile kay\u0131t hakk\u0131 elde etti\u011fi h\u00e2lde \u00e7e\u015fitli sebeplerle kay\u0131t yapt\u0131ramam\u0131\u015f \u00f6n lisans, lisans, y\u00fcksek lisans ve doktora \u00f6\u011frencilerine ge\u00e7mi\u015fe y\u00f6nelik s\u00fcre s\u0131n\u0131r\u0131 olmaks\u0131z\u0131n y\u00fcksek\u00f6\u011fretimlerine devam edebilme hakk\u0131 getirilmektedir.\u201d<\/strong> \u015feklinde gerek\u00e7ede bulundu.<br><br><\/p>\n\n\n\n<p>MHP Mersin Milletvekili Uysal sunmu\u015f olduklar\u0131 kanun teklifinin y\u00fcr\u00fcrl\u00fc\u011fe girdi\u011fi takdirde<strong>; ter\u00f6r su\u00e7undan h\u00fck\u00fcm giyenler ile ter\u00f6r \u00f6rg\u00fctleriyle irtibat, iltisaktan ili\u015fi\u011fi kesilenler, yine kasten adam \u00f6ld\u00fcrme su\u00e7lar\u0131ndan, i\u015fkence su\u00e7undan, eziyet su\u00e7undan, cinsel sald\u0131r\u0131, \u00e7ocuklar\u0131n cinsel istismar\u0131, uyu\u015fturucu ve uyar\u0131c\u0131 madde imal ve ticareti su\u00e7undan mahk\u00fbm olanlar ve kesinle\u015fmi\u015f mahkumiyeti olanlar<\/strong> <strong>hari\u00e7 <\/strong>her ne sebeple olursa olsun \u00fcniversiteler ile ili\u015fi\u011fi kesilen \u00f6\u011frencilerin yeniden \u00fcniversite hayatlar\u0131na d\u00f6nmelerinin \u00f6n\u00fcn\u00fcn a\u00e7\u0131laca\u011f\u0131n\u0131 vurgulayarak<strong> \u201cY\u00fcksek\u00f6\u011fretim kurumlar\u0131n\u0131n haz\u0131rl\u0131k d\u00e2hil b\u00fct\u00fcn s\u0131n\u0131flar\u0131nda intibak, \u00f6n lisans, lisans tamamlama, lisans, lisans\u00fcst\u00fc \u00f6\u011frenimi g\u00f6ren \u00f6\u011frencilerden bu maddenin y\u00fcr\u00fcrl\u00fc\u011fe girdi\u011fi tarihe kadar kendi iste\u011fiyle ili\u015fkileri kesilenler de d\u00e2hil her ne sebeple olursa olsun ili\u015fi\u011fi kesilenler ile bir program\u0131 kazanarak kay\u0131t yapma hakk\u0131 elde ettikleri h\u00e2lde \u00e7e\u015fitli nedenlerle kay\u0131t yapt\u0131ramayanlara bu maddenin y\u00fcr\u00fcrl\u00fc\u011fe girdi\u011fi tarihten 30 Ekim 2025 tarihine kadar ili\u015fkilerinin kesildi\u011fi veya kay\u0131l hakk\u0131 kazand\u0131klar\u0131 y\u00fcksek\u00f6\u011fretim kurumuna ba\u015fvuruda bulunmalar\u0131 \u015fart\u0131yla 2025 &#8211; 2026 e\u011fitim \u00f6\u011fretim y\u0131l\u0131nda \u00f6\u011frenimlerine ba\u015flayabilmelerinin \u00f6n\u00fcn\u00fc a\u00e7\u0131lmaktad\u0131r. Bunun yan\u0131 s\u0131ra ter\u00f6r su\u00e7undan h\u00fck\u00fcm giyenler ile ter\u00f6r \u00f6rg\u00fctleriyle irtibat, iltisaktan ili\u015fi\u011fi kesilenler, yine kasten adam \u00f6ld\u00fcrme su\u00e7lar\u0131ndan, i\u015fkence su\u00e7undan, eziyet su\u00e7undan, cinsel sald\u0131r\u0131, \u00e7ocuklar\u0131n cinsel istismar\u0131, uyu\u015fturucu ve uyar\u0131c\u0131 madde imal ve ticareti su\u00e7undan mahk\u00fbm olanlar ve kesinle\u015fmi\u015f mahkumiyeti olanlar bu imk\u00e2ndan yararlanamayacakt\u0131r.\u201d <\/strong>ifadelerinin kanun teklifi gerek\u00e7esinde yer buldu\u011funu belirtti.<br><br><\/p>\n","protected":false},"excerpt":{"rendered":"<p>Milliyet\u00e7i Hareket Partisi Mersin Milletvekili, MYK \u00dcyesi ve TBMM Dijital Mecralar Komisyonu \u00dcyesi Dr. Levent Uysal, farkl\u0131 gerek\u00e7elerle \u00fcniversite hayat\u0131 yar\u0131da kalan \u00f6\u011frenciler i\u00e7in T\u00fcrkiye B\u00fcy\u00fck Millet Meclisi Ba\u015fkanl\u0131\u011f\u0131\u2019na Milliyet\u00e7i Hareket Partisi Grubu ad\u0131na \u201c\u00d6\u011frenci Aff\u0131 Kanun Teklifi\u201dni sundu. Milletvekili Uysal \u201c\u00dcniversite \u00f6\u011frenimine devam etmek isteyen gen\u00e7lerimiz i\u00e7in Milliyet\u00e7i Hareket Partisi ad\u0131na sundu\u011fumuz \u00d6\u011frenci Aff\u0131 [&hellip;]<\/p>\n","protected":false},"author":2,"featured_media":39623,"comment_status":"closed","ping_status":"closed","sticky":false,"template":"","format":"standard","meta":{"footnotes":""},"categories":[1,3],"tags":[],"class_list":["post-39620","post","type-post","status-publish","format-standard","has-post-thumbnail","hentry","category-genel","category-manset"],"views":6,"_links":{"self":[{"href":"https:\/\/mersinkadingazetesi.com\/index.php?rest_route=\/wp\/v2\/posts\/39620"}],"collection":[{"href":"https:\/\/mersinkadingazetesi.com\/index.php?rest_route=\/wp\/v2\/posts"}],"about":[{"href":"https:\/\/mersinkadingazetesi.com\/index.php?rest_route=\/wp\/v2\/types\/post"}],"author":[{"embeddable":true,"href":"https:\/\/mersinkadingazetesi.com\/index.php?rest_route=\/wp\/v2\/users\/2"}],"replies":[{"embeddable":true,"href":"https:\/\/mersinkadingazetesi.com\/index.php?rest_route=%2Fwp%2Fv2%2Fcomments&post=39620"}],"version-history":[{"count":1,"href":"https:\/\/mersinkadingazetesi.com\/index.php?rest_route=\/wp\/v2\/posts\/39620\/revisions"}],"predecessor-version":[{"id":39622,"href":"https:\/\/mersinkadingazetesi.com\/index.php?rest_route=\/wp\/v2\/posts\/39620\/revisions\/39622"}],"wp:featuredmedia":[{"embeddable":true,"href":"https:\/\/mersinkadingazetesi.com\/index.php?rest_route=\/wp\/v2\/media\/39623"}],"wp:attachment":[{"href":"https:\/\/mersinkadingazetesi.com\/index.php?rest_route=%2Fwp%2Fv2%2Fmedia&parent=39620"}],"wp:term":[{"taxonomy":"category","embeddable":true,"href":"https:\/\/mersinkadingazetesi.com\/index.php?rest_route=%2Fwp%2Fv2%2Fcategories&post=39620"},{"taxonomy":"post_tag","embeddable":true,"href":"https:\/\/mersinkadingazetesi.com\/index.php?rest_route=%2Fwp%2Fv2%2Ftags&post=39620"}],"curies":[{"name":"wp","href":"https:\/\/api.w.org\/{rel}","templated":true}]}}