{"id":39627,"date":"2025-02-12T15:48:59","date_gmt":"2025-02-12T12:48:59","guid":{"rendered":"https:\/\/mersinkadingazetesi.com\/?p=39627"},"modified":"2025-02-12T15:49:00","modified_gmt":"2025-02-12T12:49:00","slug":"deva-partili-ekmen-depremden-sonra-verilen-sozler-tutulmadi","status":"publish","type":"post","link":"https:\/\/mersinkadingazetesi.com\/?p=39627","title":{"rendered":"DEVA Partili Ekmen: Depremden sonra verilen s\u00f6zler tutulmad\u0131!\u00a0"},"content":{"rendered":"\n<figure class=\"wp-block-table\"><table class=\"has-fixed-layout\"><tbody><tr><td><strong>DEVA Partisi Genel Ba\u015fkan Yard\u0131mc\u0131s\u0131 Mehmet Emin Ekmen, Kahramanmara\u015f depremlerinin ikinci y\u0131l\u0131nda TBMM Genel Kurulunda yapt\u0131\u011f\u0131 konu\u015fmada, Cumhurba\u015fkan\u0131 Erdo\u011fan\u2019\u0131<\/strong><strong>n de<\/strong><strong>\u011fi\u015fik konu\u015fmalarda ifade etti\u011fi 31 ayr\u0131 vaadi hat\u0131rlatarak, iktidar\u0131n 11 ilde 53 bin 537 vatanda\u015f\u0131n hayat\u0131n\u0131 kaybetti\u011fi depremlerin ard\u0131ndan verdi\u011fi s<\/strong><strong>\u00f6<\/strong><strong>zleri tutmad\u0131\u011f\u0131n\u0131 vurgulad\u0131.<\/strong><strong>&nbsp;<\/strong><strong>Afet Y<\/strong><strong>\u00f6<\/strong><strong>netimi Politika Kurulu kurulaca\u011f\u0131ndan bahsedilmesine ra\u011fmen kurul hakk\u0131nda bir bilginin olmad\u0131\u011f\u0131na, \u00fcyelerinin kimler oldu\u011funun bilinmedi\u011fine dikkat \u00e7eken Ekmen, 2023 y\u0131l\u0131nda do\u011fal afetler ve fay yasas\u0131n\u0131n \u00e7\u0131kaca\u011f\u0131n\u0131n s<\/strong><strong>\u00f6<\/strong><strong>ylemesine ra\u011fmen herhangi bir \u00e7al\u0131\u015fman\u0131n Meclise gelmedi\u011fini belirterek,&nbsp;<\/strong><strong>\u201c<\/strong><strong>Aradan ge\u00e7en s\u00fcrede yine at\u0131lan bir ad\u0131m yok. T\u00fcrkiye Afet M\u00fcdahale Plan\u0131 g\u00fcncellenmedi. Buna benzer \u00e7ok say\u0131<\/strong><strong>da&nbsp;<\/strong><strong>\u00f6<\/strong><strong>rnek verebiliriz\u201d dedi.<\/strong><strong>&nbsp;<\/strong><strong>&nbsp;<\/strong>DEVA Partisi Genel Ba\u015fkan Yard\u0131mc\u0131s\u0131 ve Mersin Milletvekili Mehmet Emin Ekmen, Kahramanmara\u015f depremlerinin y\u0131l d\u00f6n\u00fcm\u00fcnde T\u00fcrkiye B\u00fcy\u00fck Millet Meclisi (TBMM) Genel Kurulunda, iktidar\u0131n deprem sonras\u0131 ve afetlere kar\u015f\u0131 verdi\u011fi taahh\u00fctleri tek tek hat\u0131rlatt\u0131.&nbsp;<strong>20 y\u0131l \u00f6nce depremi tecr\u00fcbe etmi\u015ftik!<\/strong>Ekmen, 11 ili etkileyen depremlerde 53 bin 537 vatanda\u015f\u0131m\u0131z\u0131 kaybetti\u011fimizi hat\u0131rlatarak, \u201c\u0130nsanlar\u0131n doksan alt\u0131 saat arama ve kurtarma faaliyetlerine kavu\u015famad\u0131\u011f\u0131 ve cesedini bulan ailenin dahi kendini mutlu ve bahtiyar hissetti\u011fi b\u00fcy\u00fck bir trajediydi. 107 bin 213 vatanda\u015f\u0131m\u0131zdan da bir\u00e7o\u011fu bug\u00fcn v\u00fccudunda bir eksilmeyle bu depremin ya\u015fatt\u0131\u011f\u0131 travmay\u0131 her an ya\u015f\u0131yor ve bize de hat\u0131rlat\u0131yor. Arkada\u015flar\u0131m\u0131z \u015f\u00f6yle bir \u00e7al\u0131\u015fma yapm\u0131\u015flar. Bu depremde, kurtarma faaliyetleriyle ilgili \u00e7ok konu tart\u0131\u015f\u0131ld\u0131, kurtaramama hali b\u00fcy\u00fck bir faciaya d\u00f6nd\u00fc. Deprem sonras\u0131 haz\u0131rl\u0131klar\u0131n yetersizli\u011fini iliklerimize kadar ya\u015fad\u0131k. Oysaki biz daha yirmi y\u0131l&nbsp;\u00f6nce&nbsp;\u0130stanbul depremi, Yalova depremi nedeniyle zaten b\u00fcy\u00fck bir tecr\u00fcbe ya\u015fam\u0131\u015ft\u0131k\u201d ifadelerini kulland\u0131.&nbsp;<strong>Taahh\u00fctlerin bir\u00e7o\u011fu ger\u00e7ekle\u015fmedi<\/strong>Cumhurba\u015fkan\u0131 Recep Tayyip Erdo\u011fan ve h\u00fck\u00fcmet yetkililerin deprem b\u00f6lgesiyle ilgili verdi\u011fi vaatlere dikkat \u00e7eken Ekmen, \u201cSay\u0131n Cumhurba\u015fkan\u0131 depremden sonra, ilk \u00fc\u00e7&nbsp;ay i\u00e7erisinde temel atma t\u00f6renlerinde, grup toplant\u0131lar\u0131nda, Dolmabah\u00e7e toplant\u0131lar\u0131nda ve kabine toplant\u0131lar\u0131n\u0131n \u00e7\u0131k\u0131\u015f\u0131nda baz\u0131 vaatler ve taahh\u00fctler veriyor topluma. Bunlar\u0131n, hepsini de\u011fil, bir k\u0131sm\u0131n\u0131 arkada\u015flar\u0131m\u0131z listelemi\u015f; tamamen veya k\u0131smen tutulmayan vaat say\u0131s\u0131 31 adet. Say\u0131n Cumhurba\u015fkan\u0131n\u0131n hi\u00e7bir zorunluluk alt\u0131nda olmadan, tek y\u00f6nl\u00fc bir iradeyle ortaya koydu\u011fu taahh\u00fctlerin bir\u00e7o\u011fu ger\u00e7ekle\u015fmi\u015f de\u011fil. Ke\u015fke K\u00fclliyede, AK Parti&#8217;de bir birim Say\u0131n Cumhurba\u015fkan\u0131n\u0131n yapm\u0131\u015f oldu\u011fu bu konu\u015fmalar\u0131 mutat aral\u0131klarla takip etse ka\u00e7\u0131 uyguland\u0131 , ka\u00e7\u0131 hayata ge\u00e7emedi, bu takibin sonu\u00e7lar\u0131 ile hem kendileri tedbir alsalar hem de toplumu bilgilendirseler. &nbsp;Bu 31&nbsp;\u00f6rnekten sadece birka\u00e7\u0131n\u0131 sayaca\u011f\u0131m diyen Ekmen&nbsp;\u2018Bir y\u0131l i\u00e7erisinde 319 bin, toplamda 650 bin konut yap\u0131lacak denmi\u015fti. 1&#8217;inci y\u0131lda 46 bin, 2&#8217;nci y\u0131lda 201 bin konutla d\u00fcnyada emsali olmayan bir \u00e7al\u0131\u015fmadan bahsediliyor. Bu 201 bini de depremzedenin i\u00e7ine yerle\u015fti\u011fi 201 bin de\u011fil arkada\u015flar, kuras\u0131 \u00e7ekilmi\u015f h\u00e2l\u00e2 sorunlar\u0131 devam eden konutlar\u201d ifadelerini kulland\u0131.&nbsp;<br><br><strong>Do\u011fal Afetler Yasas\u0131, Meclise ne zaman gelecek?<\/strong>Taahh\u00fct edilen Ulusal Risk Kalkan\u0131 Projesi\u2019nin hangi a\u015famada oldu\u011funu soran Ekmen, Afet Y\u00f6netimi Politika Kurulu kurulaca\u011f\u0131ndan bahsedilmesine ra\u011fmen kurul, \u00fcyeleri ve faaliyetleri hakk\u0131nda bilgi olmad\u0131\u011f\u0131na vurgu yapt\u0131.&nbsp;&nbsp;Fiber altyap\u0131s\u0131, GSM tesis ve uydu ba\u011flant\u0131lar\u0131yla ilgili olarak birtak\u0131m vaatlerin verildi\u011fini hat\u0131rlatan Ekmen, \u015f\u00f6yle devam etti:&nbsp;\u201cBizim son bir y\u0131lda g\u00fcndemimize gelen tek \u015fey bu operat\u00f6rlerin \u00fccretlerini 3 kat art\u0131rmas\u0131 oldu, bu fahi\u015f \u00fccretlere kar\u015f\u0131 altyap\u0131da nas\u0131l iyile\u015ftirmeler yap\u0131ld\u0131\u011f\u0131n\u0131 bilmiyoruz. Mecliste s\u00fcrekli olarak torba yasalarla Meclis \u00e7al\u0131\u015ft\u0131r\u0131lmaya \u00e7al\u0131\u015f\u0131l\u0131yor ama se\u00e7im beyannamesinde AK Parti&nbsp;\u2018do\u011fal afetler ve fay yasas\u0131n\u0131 \u00e7\u0131kartaca\u011fz\u2019&nbsp;&nbsp;diye 2023&#8217;te taahh\u00fctte bulunmu\u015f, Grup Ba\u015fkan Vekili arkada\u015f\u0131m\u0131za soruyoruz: 2023&#8217;te taahh\u00fct edilen do\u011fal afetler ve fay yasas\u0131 ne a\u015famada, bunu Meclise ne zaman sunmay\u0131 d\u00fc\u015f\u00fcn\u00fcyorsunuz? Kendi evini d\u00f6n\u00fc\u015ft\u00fcrmek i\u00e7in yeni arsalar Say\u0131n \u00d6zhaseki taraf\u0131ndan vaat edilmi\u015f; bu konuda at\u0131lan bir ad\u0131m yok.\u201d&nbsp;<strong>\u0130ktidar verdi\u011fi s\u00f6zleri tutmad\u0131<\/strong>Diren\u00e7li kamu yat\u0131r\u0131mlar\u0131 yap\u0131lar\u0131 projesinde sadece \u0130stanbul&#8217;da \u0130SMEP&#8217;te k\u0131smi iyile\u015ftirmelerin oldu\u011funu s\u00f6yleyen Ekmen, Diren\u00e7li \u015eehir Konut Finansman Modeli\u2019nin AK Parti\u2019nin 2023 beyannamesinde olmas\u0131na ra\u011fmen herhangi bir ad\u0131m\u0131n at\u0131lmad\u0131\u011f\u0131n\u0131n alt\u0131n\u0131 \u00e7izerek, \u015funlar\u0131 kaydetti:&nbsp;&nbsp;\u201cDijital yap\u0131 bilgi bankas\u0131 kuraca\u011f\u0131z ve iki y\u0131l i\u00e7erisinde b\u00fct\u00fcn T\u00fcrkiye&#8217;yi bu bilgi bankas\u0131na kaydedece\u011fiz\u2019&nbsp;denilmi\u015fti. Aradan ge\u00e7en s\u00fcrede yine at\u0131lan bir ad\u0131m yok. T\u00fcrkiye Afet M\u00fcdahale Plan\u0131 g\u00fcncellenmedi. Buna benzer \u00e7ok say\u0131da&nbsp;\u00f6rnek verebiliriz. Say\u0131n Murat Kurum kampanyas\u0131n\u0131&nbsp;olas\u0131 b\u00fcy\u00fck \u0130stanbul depremi \u00fczerine kurmu\u015ftu. Se\u00e7imi kaybetmi\u015f olabilir, bug\u00fcn Bakan. Aradan ge\u00e7en s\u00fcre i\u00e7erisinde \u0130stanbul B\u00fcy\u00fck\u015fehir Belediyesini, gerekirse cebren de olsa bu y\u00f6ne sevk etmek d\u00e2hil merkez\u00ee H\u00fck\u00fbmet olarak olas\u0131 b\u00fcy\u00fck \u0130stanbul depremine kar\u015f\u0131 hangi haz\u0131rl\u0131klar yap\u0131ld\u0131? Bu konuda hi\u00e7bir a\u00e7\u0131k kaynakta ge\u00e7en sa\u011fl\u0131kl\u0131 bir bilgi yok. Bunlar\u0131 da gerekirse arkada\u015flar\u0131m\u0131za takdim edebiliriz. Maalesef verilen s\u00f6zler tutulamam\u0131\u015ft\u0131r.\u201d<\/td><\/tr><\/tbody><\/table><\/figure>\n","protected":false},"excerpt":{"rendered":"<p>DEVA Partisi Genel Ba\u015fkan Yard\u0131mc\u0131s\u0131 Mehmet Emin Ekmen, Kahramanmara\u015f depremlerinin ikinci y\u0131l\u0131nda TBMM Genel Kurulunda yapt\u0131\u011f\u0131 konu\u015fmada, Cumhurba\u015fkan\u0131 Erdo\u011fan\u2019\u0131n de\u011fi\u015fik konu\u015fmalarda ifade etti\u011fi 31 ayr\u0131 vaadi hat\u0131rlatarak, iktidar\u0131n 11 ilde 53 bin 537 vatanda\u015f\u0131n hayat\u0131n\u0131 kaybetti\u011fi depremlerin ard\u0131ndan verdi\u011fi s\u00f6zleri tutmad\u0131\u011f\u0131n\u0131 vurgulad\u0131.&nbsp;Afet Y\u00f6netimi Politika Kurulu kurulaca\u011f\u0131ndan bahsedilmesine ra\u011fmen kurul hakk\u0131nda bir bilginin olmad\u0131\u011f\u0131na, \u00fcyelerinin kimler [&hellip;]<\/p>\n","protected":false},"author":2,"featured_media":39585,"comment_status":"closed","ping_status":"closed","sticky":false,"template":"","format":"standard","meta":{"footnotes":""},"categories":[3],"tags":[],"class_list":["post-39627","post","type-post","status-publish","format-standard","has-post-thumbnail","hentry","category-manset"],"views":3,"_links":{"self":[{"href":"https:\/\/mersinkadingazetesi.com\/index.php?rest_route=\/wp\/v2\/posts\/39627"}],"collection":[{"href":"https:\/\/mersinkadingazetesi.com\/index.php?rest_route=\/wp\/v2\/posts"}],"about":[{"href":"https:\/\/mersinkadingazetesi.com\/index.php?rest_route=\/wp\/v2\/types\/post"}],"author":[{"embeddable":true,"href":"https:\/\/mersinkadingazetesi.com\/index.php?rest_route=\/wp\/v2\/users\/2"}],"replies":[{"embeddable":true,"href":"https:\/\/mersinkadingazetesi.com\/index.php?rest_route=%2Fwp%2Fv2%2Fcomments&post=39627"}],"version-history":[{"count":1,"href":"https:\/\/mersinkadingazetesi.com\/index.php?rest_route=\/wp\/v2\/posts\/39627\/revisions"}],"predecessor-version":[{"id":39628,"href":"https:\/\/mersinkadingazetesi.com\/index.php?rest_route=\/wp\/v2\/posts\/39627\/revisions\/39628"}],"wp:featuredmedia":[{"embeddable":true,"href":"https:\/\/mersinkadingazetesi.com\/index.php?rest_route=\/wp\/v2\/media\/39585"}],"wp:attachment":[{"href":"https:\/\/mersinkadingazetesi.com\/index.php?rest_route=%2Fwp%2Fv2%2Fmedia&parent=39627"}],"wp:term":[{"taxonomy":"category","embeddable":true,"href":"https:\/\/mersinkadingazetesi.com\/index.php?rest_route=%2Fwp%2Fv2%2Fcategories&post=39627"},{"taxonomy":"post_tag","embeddable":true,"href":"https:\/\/mersinkadingazetesi.com\/index.php?rest_route=%2Fwp%2Fv2%2Ftags&post=39627"}],"curies":[{"name":"wp","href":"https:\/\/api.w.org\/{rel}","templated":true}]}}