{"id":39634,"date":"2025-02-12T16:50:05","date_gmt":"2025-02-12T13:50:05","guid":{"rendered":"https:\/\/mersinkadingazetesi.com\/?p=39634"},"modified":"2025-02-12T16:50:06","modified_gmt":"2025-02-12T13:50:06","slug":"secer-akdeniz-halkinin-iradesi-yok-sayildi","status":"publish","type":"post","link":"https:\/\/mersinkadingazetesi.com\/?p=39634","title":{"rendered":"SE\u00c7ER: \u2018AKDEN\u0130Z HALKININ \u0130RADES\u0130 YOK SAYILDI\u2019"},"content":{"rendered":"\n<p>Mersin B\u00fcy\u00fck\u015fehir Belediye Ba\u015fkan\u0131 Vahap Se\u00e7er, yakla\u015f\u0131k 1 ay \u00f6nce d\u00fczenlenen operasyon sonras\u0131nda tutuklanarak K\u0131r\u015fehir S Tipi Kapal\u0131 Cezaevi\u2019nde tutulan Akdeniz Belediyesi E\u015f Ba\u015fkan\u0131 Ho\u015fyar Sar\u0131y\u0131ld\u0131z\u2019\u0131 ziyaret etti.<\/p>\n\n\n\n<p>Se\u00e7er: \u201c1 y\u0131ll\u0131k g\u00f6rev s\u00fcresini doldurmadan tutukland\u0131\u201d<\/p>\n\n\n\n<p>Yerine kayy\u0131m atanarak tutuklanan Akdeniz Belediyesi E\u015f Ba\u015fkan\u0131 Ho\u015fyar Sar\u0131y\u0131ld\u0131z\u2019\u0131 ziyaretinin ard\u0131ndan a\u00e7\u0131klamalarda bulunan Ba\u015fkan Se\u00e7er, \u201cHo\u015fyar Ba\u015fkan, partisince yap\u0131lan \u00f6n se\u00e7imde Akdeniz Belediye Ba\u015fkan Aday\u0131 oldu ve Belediye Ba\u015fkan\u0131 se\u00e7ildi. Yani hem parti \u00fcyelerinin hem de Akdeniz halk\u0131n\u0131n deste\u011fiyle se\u00e7ildi. Daha 1 y\u0131ll\u0131k g\u00f6rev s\u00fcresini doldurmadan tutukland\u0131 ve Akdeniz Belediyesi\u2019ne kayy\u0131m atand\u0131, Akdeniz halk\u0131n\u0131n iradesi yok say\u0131ld\u0131. Ba\u015fkanl\u0131k yapt\u0131\u011f\u0131 s\u00fcre\u00e7te il\u00e7esine hizmet i\u00e7in var g\u00fcc\u00fcyle \u00e7al\u0131\u015ft\u0131 ve ba\u015far\u0131l\u0131 bir Ba\u015fkan profili \u00e7izdi. Demokrasilerde ve hukuk devletlerinde g\u00f6r\u00fclmeyen bir anlay\u0131\u015fla Ba\u015fkan\u2019a g\u00f6revden el \u00e7ektirildi\u201d dedi.<\/p>\n\n\n\n<p>\u201cHukuk d\u0131\u015f\u0131 y\u00f6ntemlerle \u00f6zg\u00fcrl\u00fc\u011f\u00fcm\u00fcz\u00fcn k\u0131s\u0131tlanmas\u0131n\u0131 kabul edemeyiz\u201d<\/p>\n\n\n\n<p>Gelinen noktada yarg\u0131 s\u00fcre\u00e7lerine siyasetin g\u00f6lgesinin d\u00fc\u015ft\u00fc\u011f\u00fcn\u00fc g\u00f6rd\u00fcklerinden s\u00f6z eden Se\u00e7er, \u201cEndi\u015femiz; tarafs\u0131z ve ba\u011f\u0131ms\u0131z yarg\u0131n\u0131n ve adil yarg\u0131lama s\u00fcre\u00e7lerinin siyasetin etkisinde kalmas\u0131. Hi\u00e7birimiz su\u00e7 i\u015fleme \u00f6zg\u00fcrl\u00fc\u011f\u00fcne sahip de\u011filiz ancak hukuk d\u0131\u015f\u0131 y\u00f6ntemlerle \u00f6zg\u00fcrl\u00fc\u011f\u00fcm\u00fcz\u00fcn k\u0131s\u0131tlanmas\u0131n\u0131 kabul edemeyiz. Yarg\u0131lama s\u00fcre\u00e7leri uzun s\u00fcr\u00fcyor ve su\u00e7suz yere insanlar cezaevinde tutuluyor. Haks\u0131z yere hi\u00e7 kimsenin b\u0131rak\u0131n 1 g\u00fcn; 1 saniye bile cezaevinde tutulmas\u0131 hi\u00e7bir hukuk devletinde olmaz.\u201d diye konu\u015ftu.<\/p>\n","protected":false},"excerpt":{"rendered":"<p>Mersin B\u00fcy\u00fck\u015fehir Belediye Ba\u015fkan\u0131 Vahap Se\u00e7er, yakla\u015f\u0131k 1 ay \u00f6nce d\u00fczenlenen operasyon sonras\u0131nda tutuklanarak K\u0131r\u015fehir S Tipi Kapal\u0131 Cezaevi\u2019nde tutulan Akdeniz Belediyesi E\u015f Ba\u015fkan\u0131 Ho\u015fyar Sar\u0131y\u0131ld\u0131z\u2019\u0131 ziyaret etti. Se\u00e7er: \u201c1 y\u0131ll\u0131k g\u00f6rev s\u00fcresini doldurmadan tutukland\u0131\u201d Yerine kayy\u0131m atanarak tutuklanan Akdeniz Belediyesi E\u015f Ba\u015fkan\u0131 Ho\u015fyar Sar\u0131y\u0131ld\u0131z\u2019\u0131 ziyaretinin ard\u0131ndan a\u00e7\u0131klamalarda bulunan Ba\u015fkan Se\u00e7er, \u201cHo\u015fyar Ba\u015fkan, partisince yap\u0131lan [&hellip;]<\/p>\n","protected":false},"author":2,"featured_media":39635,"comment_status":"closed","ping_status":"closed","sticky":false,"template":"","format":"standard","meta":{"footnotes":""},"categories":[34,3,6],"tags":[],"class_list":["post-39634","post","type-post","status-publish","format-standard","has-post-thumbnail","hentry","category-flas-haber","category-manset","category-siyaset-2"],"views":11,"_links":{"self":[{"href":"https:\/\/mersinkadingazetesi.com\/index.php?rest_route=\/wp\/v2\/posts\/39634"}],"collection":[{"href":"https:\/\/mersinkadingazetesi.com\/index.php?rest_route=\/wp\/v2\/posts"}],"about":[{"href":"https:\/\/mersinkadingazetesi.com\/index.php?rest_route=\/wp\/v2\/types\/post"}],"author":[{"embeddable":true,"href":"https:\/\/mersinkadingazetesi.com\/index.php?rest_route=\/wp\/v2\/users\/2"}],"replies":[{"embeddable":true,"href":"https:\/\/mersinkadingazetesi.com\/index.php?rest_route=%2Fwp%2Fv2%2Fcomments&post=39634"}],"version-history":[{"count":1,"href":"https:\/\/mersinkadingazetesi.com\/index.php?rest_route=\/wp\/v2\/posts\/39634\/revisions"}],"predecessor-version":[{"id":39636,"href":"https:\/\/mersinkadingazetesi.com\/index.php?rest_route=\/wp\/v2\/posts\/39634\/revisions\/39636"}],"wp:featuredmedia":[{"embeddable":true,"href":"https:\/\/mersinkadingazetesi.com\/index.php?rest_route=\/wp\/v2\/media\/39635"}],"wp:attachment":[{"href":"https:\/\/mersinkadingazetesi.com\/index.php?rest_route=%2Fwp%2Fv2%2Fmedia&parent=39634"}],"wp:term":[{"taxonomy":"category","embeddable":true,"href":"https:\/\/mersinkadingazetesi.com\/index.php?rest_route=%2Fwp%2Fv2%2Fcategories&post=39634"},{"taxonomy":"post_tag","embeddable":true,"href":"https:\/\/mersinkadingazetesi.com\/index.php?rest_route=%2Fwp%2Fv2%2Ftags&post=39634"}],"curies":[{"name":"wp","href":"https:\/\/api.w.org\/{rel}","templated":true}]}}