{"id":39641,"date":"2025-02-13T09:38:13","date_gmt":"2025-02-13T06:38:13","guid":{"rendered":"https:\/\/mersinkadingazetesi.com\/?p=39641"},"modified":"2025-02-13T09:38:14","modified_gmt":"2025-02-13T06:38:14","slug":"beyin-temelli-ogrenme-ve-motivasyon-semineri-ogrenciler-tarafindan-buyuk-ilgi-gordu","status":"publish","type":"post","link":"https:\/\/mersinkadingazetesi.com\/?p=39641","title":{"rendered":"&#8220;BEY\u0130N TEMELL\u0130 \u00d6\u011eRENME VE MOT\u0130VASYON&#8221; SEM\u0130NER\u0130 \u00d6\u011eRENC\u0130LER TARAFINDAN B\u00dcY\u00dcK \u0130LG\u0130 G\u00d6RD\u00dc"},"content":{"rendered":"\n<p>Mersin E\u011fitim Akademisi taraf\u0131ndan d\u00fczenlenen &#8220;Beyin Temelli \u00d6\u011frenme ve Motivasyon&#8221; konulu e\u011fitim semineri, lise d\u00fczeyindeki 11. ve 12. s\u0131n\u0131f \u00f6\u011frencilerimizin yo\u011fun kat\u0131l\u0131m\u0131yla ger\u00e7ekle\u015fti. E\u011fitimci ve yazar S\u00fcleyman Beledio\u011flu&#8217;nun konu\u015fmac\u0131 olarak kat\u0131ld\u0131\u011f\u0131 seminer, \u00f6\u011frencilere \u00f6\u011frenme s\u00fcre\u00e7lerini daha etkili h\u00e2le getirme ve motivasyonlar\u0131n\u0131 art\u0131rma konusunda \u00f6nemli bilgiler verdi.<\/p>\n\n\n\n<p>Seminere kat\u0131larak \u00f6\u011frencilerimizin yan\u0131nda olan \u0130l Mill\u00ee E\u011fitim M\u00fcd\u00fcr\u00fc Fazilet Durmu\u015f, bu t\u00fcr etkinliklerin \u00f6\u011frencilerin geli\u015fimine katk\u0131 sa\u011flad\u0131\u011f\u0131n\u0131 vurgulayarak, e\u011fitim akademisinin \u00e7al\u0131\u015fmalar\u0131n\u0131n \u00f6nemine de\u011findi. Fazilet Durmu\u015f: &#8220;Bug\u00fcn burada s\u0131nav ba\u015far\u0131s\u0131ndan bahsedece\u011fiz, akademik anlamda bir noktadan ba\u015fka bir noktaya varabilmek i\u00e7in \u00f6n\u00fcm\u00fcze \u00e7\u0131kan s\u0131navlarda nas\u0131l bir yol izleyece\u011fimizi konu\u015faca\u011f\u0131z. Ancak &#8216;Ba\u015far\u0131n\u0131n bir var\u0131\u015f noktas\u0131 de\u011fil; bir yolculuk.&#8217; oldu\u011fu ger\u00e7e\u011fini de g\u00f6z ard\u0131 etmemiz gerekiyor.&nbsp;<\/p>\n\n\n\n<p>Zira \u00f6n\u00fcm\u00fczdeki s\u0131nav ba\u015far\u0131lar\u0131n\u0131, T\u00fcrkiye Y\u00fczy\u0131l\u0131&#8217;n\u0131n Kahramanlar\u0131 olma yolculu\u011fumuzda birer k\u00fc\u00e7\u00fck ad\u0131m olarak de\u011ferlendirmeliyiz. B\u00fcy\u00fck ba\u015far\u0131lar\u0131n k\u00fc\u00e7\u00fck ad\u0131mlarla ba\u015flad\u0131\u011f\u0131 ger\u00e7e\u011fini zihnimizden asla \u00e7\u0131karmadan gelece\u011fe yazaca\u011f\u0131m\u0131z hik\u00e2yeleri \u015fimdiden tasarlamal\u0131y\u0131z.<\/p>\n\n\n\n<p>Elbette biz \u00f6\u011fretmenler ve i\u015fin uzmanlar\u0131 s\u0131nav ba\u015far\u0131s\u0131yla ilgili sizlere bir\u00e7ok yol g\u00f6sterici bilgi veriyoruz. Birazdan bu i\u015fin Piri K\u0131ymetli Bonus Hocam\u0131z S\u00fcleyman Beledio\u011flu da sizlere bu konuda \u00e7ok de\u011ferli bilgiler sunacak. Ancak sevgili evlatlar\u0131m, \u015funu asla unutmay\u0131n:&#8217;Ba\u015far\u0131n\u0131n anahtar\u0131, i\u00e7inizdeki g\u00fcc\u00fc ke\u015ffetmek ve ona inanmakt\u0131r.&#8217; Dolay\u0131s\u0131yla size en b\u00fcy\u00fck tavsiyem i\u00e7inizdeki g\u00fcc\u00fc ve enerjiyi ke\u015ffedin ve kendinize inan.&#8221; ifadelerini kulland\u0131.&nbsp;<\/p>\n\n\n\n<p>S\u00fcleyman Beledio\u011flu, seminerde beyin temelli \u00f6\u011frenme y\u00f6ntemleri, \u00f6\u011frenme stilleri, motivasyon kaynaklar\u0131 ve s\u0131nav kayg\u0131s\u0131yla ba\u015fa \u00e7\u0131kma gibi konulara de\u011findi. \u00d6\u011frencilere, \u00f6\u011frenme s\u00fcre\u00e7lerini daha iyi anlamalar\u0131 ve kendi \u00f6\u011frenme stillerine uygun stratejiler geli\u015ftirmeleri konusunda rehberlik etti. Ayr\u0131ca, motivasyonlar\u0131n\u0131 y\u00fcksek tutman\u0131n ve hedeflerine ula\u015fmak i\u00e7in nas\u0131l \u00e7al\u0131\u015fmalar\u0131 gerekti\u011fini anlatt\u0131.<\/p>\n\n\n\n<p>Seminerde \u00f6\u011frencilerin sorular\u0131n\u0131 da yan\u0131tlayan Beledio\u011flu, onlarla interaktif bir ileti\u015fim kurarak konular\u0131n daha iyi anla\u015f\u0131lmas\u0131n\u0131 sa\u011flad\u0131.&nbsp;<\/p>\n\n\n\n<p>Seminerin sonunda \u0130l Mill\u00ee E\u011fitim M\u00fcd\u00fcr\u00fc Fazilet Durmu\u015f, S\u00fcleyman Beledio\u011flu&#8217;na&nbsp; katk\u0131lar\u0131ndan dolay\u0131 te\u015fekk\u00fcr ederek Te\u015fekk\u00fcr Belgesi takdim etti.<\/p>\n\n\n\n<p>Seminere \u0130l Mill\u00ee E\u011fitim M\u00fcd\u00fcr\u00fc Fazilet Durmu\u015f, Toroslar \u0130l\u00e7e Mill\u00ee E\u011fitim M\u00fcd\u00fcr Vekili \u015eaban T\u00fcrkmen, \u0130l Mill\u00ee E\u011fitim \u015eube M\u00fcd\u00fcr\u00fc \u00c7a\u011fatay \u00c7etin, Toroslar \u0130l\u00e7e Mill\u00ee E\u011fitim \u015eube M\u00fcd\u00fcrleri, \u00e7ok say\u0131da y\u00f6netici, \u00f6\u011fretmen ve \u00f6\u011frenci kat\u0131ld\u0131.<\/p>\n\n\n\n<p><a href=\"https:\/\/mersin.meb.gov.tr\/meb_iys_dosyalar\/2025_02\/12134418_whatsappimage20250212at13.41.56.jpg\" target=\"_blank\" rel=\"noreferrer noopener\"><\/a><\/p>\n","protected":false},"excerpt":{"rendered":"<p>Mersin E\u011fitim Akademisi taraf\u0131ndan d\u00fczenlenen &#8220;Beyin Temelli \u00d6\u011frenme ve Motivasyon&#8221; konulu e\u011fitim semineri, lise d\u00fczeyindeki 11. ve 12. s\u0131n\u0131f \u00f6\u011frencilerimizin yo\u011fun kat\u0131l\u0131m\u0131yla ger\u00e7ekle\u015fti. E\u011fitimci ve yazar S\u00fcleyman Beledio\u011flu&#8217;nun konu\u015fmac\u0131 olarak kat\u0131ld\u0131\u011f\u0131 seminer, \u00f6\u011frencilere \u00f6\u011frenme s\u00fcre\u00e7lerini daha etkili h\u00e2le getirme ve motivasyonlar\u0131n\u0131 art\u0131rma konusunda \u00f6nemli bilgiler verdi. Seminere kat\u0131larak \u00f6\u011frencilerimizin yan\u0131nda olan \u0130l Mill\u00ee E\u011fitim M\u00fcd\u00fcr\u00fc [&hellip;]<\/p>\n","protected":false},"author":2,"featured_media":39642,"comment_status":"closed","ping_status":"closed","sticky":false,"template":"","format":"standard","meta":{"footnotes":""},"categories":[3],"tags":[],"class_list":["post-39641","post","type-post","status-publish","format-standard","has-post-thumbnail","hentry","category-manset"],"views":8,"_links":{"self":[{"href":"https:\/\/mersinkadingazetesi.com\/index.php?rest_route=\/wp\/v2\/posts\/39641"}],"collection":[{"href":"https:\/\/mersinkadingazetesi.com\/index.php?rest_route=\/wp\/v2\/posts"}],"about":[{"href":"https:\/\/mersinkadingazetesi.com\/index.php?rest_route=\/wp\/v2\/types\/post"}],"author":[{"embeddable":true,"href":"https:\/\/mersinkadingazetesi.com\/index.php?rest_route=\/wp\/v2\/users\/2"}],"replies":[{"embeddable":true,"href":"https:\/\/mersinkadingazetesi.com\/index.php?rest_route=%2Fwp%2Fv2%2Fcomments&post=39641"}],"version-history":[{"count":1,"href":"https:\/\/mersinkadingazetesi.com\/index.php?rest_route=\/wp\/v2\/posts\/39641\/revisions"}],"predecessor-version":[{"id":39643,"href":"https:\/\/mersinkadingazetesi.com\/index.php?rest_route=\/wp\/v2\/posts\/39641\/revisions\/39643"}],"wp:featuredmedia":[{"embeddable":true,"href":"https:\/\/mersinkadingazetesi.com\/index.php?rest_route=\/wp\/v2\/media\/39642"}],"wp:attachment":[{"href":"https:\/\/mersinkadingazetesi.com\/index.php?rest_route=%2Fwp%2Fv2%2Fmedia&parent=39641"}],"wp:term":[{"taxonomy":"category","embeddable":true,"href":"https:\/\/mersinkadingazetesi.com\/index.php?rest_route=%2Fwp%2Fv2%2Fcategories&post=39641"},{"taxonomy":"post_tag","embeddable":true,"href":"https:\/\/mersinkadingazetesi.com\/index.php?rest_route=%2Fwp%2Fv2%2Ftags&post=39641"}],"curies":[{"name":"wp","href":"https:\/\/api.w.org\/{rel}","templated":true}]}}