{"id":39644,"date":"2025-02-13T09:41:51","date_gmt":"2025-02-13T06:41:51","guid":{"rendered":"https:\/\/mersinkadingazetesi.com\/?p=39644"},"modified":"2025-02-13T09:41:51","modified_gmt":"2025-02-13T06:41:51","slug":"durmus-tarimsal-egitim-ve-yayim-calistayina-katildi","status":"publish","type":"post","link":"https:\/\/mersinkadingazetesi.com\/?p=39644","title":{"rendered":"DURMU\u015e, &#8220;TARIMSAL E\u011e\u0130T\u0130M VE YAYIM \u00c7ALI\u015eTAYI&#8221;NA KATILDI"},"content":{"rendered":"\n<p>\u0130l Mill\u00ee E\u011fitim M\u00fcd\u00fcr\u00fc Fazilet Durmu\u015f,&nbsp; Tar\u0131m ve Orman Bakanl\u0131\u011f\u0131 E\u011fitim ve Yay\u0131n Dairesi Ba\u015fkanl\u0131\u011f\u0131 taraf\u0131ndan Silifke&#8217; Atat\u00fcrk El Sanatlar\u0131 E\u011fitim Merkezinde d\u00fczenlenen &#8220;Tar\u0131msal E\u011fitim ve Yay\u0131m \u00c7al\u0131\u015ftay\u0131&#8221;n\u0131n &#8220;El Sanatlar\u0131 E\u011fitim Merkezlerinin D\u00fcn\u00fc, Bug\u00fcn\u00fc, Yar\u0131n\u0131&#8221; oturumuna kat\u0131ld\u0131.&nbsp;<\/p>\n\n\n\n<p>Alan uzmanlar\u0131n\u0131n konu\u015fmalar yapt\u0131\u011f\u0131 oturumda bir konu\u015fma ger\u00e7ekle\u015ftiren Fazilet Durmu\u015f: &#8220;E\u011fitim camias\u0131 olarak evlatlar\u0131m\u0131z\u0131n her alanda beceri ve donan\u0131m sahibi olmas\u0131n\u0131 arzu etti\u011fimiz gibi tar\u0131m alan\u0131nda da gereken t\u00fcm bilgi ve beceriye haiz olmalar\u0131n\u0131 hedefliyoruz.&nbsp;<\/p>\n\n\n\n<p>Bu kapsamda ilimizde bulunan, Erdemli Tar\u0131m Mesleki ve Teknik Anadolu Lisesi ve Tarsus TOBB Mesleki ve Teknik Anadolu Lisesi tar\u0131m alan\u0131nda, \u00e7a\u011f\u0131n gerekliliklerini yerine getirerek dijital tar\u0131m\u0131 \u00f6n planda tutan, mesleki becerileri en \u00fcst seviyede, tar\u0131mda \u00e7ift\u00e7ilerimize \u00f6nc\u00fcl\u00fck eden bireyler yeti\u015ftirerek bu alanda \u00f6nemli hizmetler sunmaktad\u0131r.<\/p>\n\n\n\n<p>T\u00fcrkiye&#8217;nin tar\u0131m \u00fcss\u00fc h\u00e2line getirilmesine katk\u0131 sunmak amac\u0131yla tar\u0131m meslek liselerine y\u00f6nelik \u00e7al\u0131\u015fmalar\u0131m\u0131z artarak devam ediyor. Tar\u0131m tekniklerinin uygulamal\u0131 olarak \u00f6\u011fretildi\u011fi Tar\u0131m Meslek Lisesi \u00f6\u011frencileri, tohumdan hasada kadar \u00fcr\u00fcn yeti\u015ftirme a\u015famalar\u0131nda deneyim kazanarak gelece\u011fin tar\u0131m\u0131n\u0131 tasarlama yolunda \u00f6nemli bir g\u00f6rev \u00fcstleniyor.<\/p>\n\n\n\n<p>Ayr\u0131ca T\u00fcrkiye Y\u00fczy\u0131l\u0131 Maarif Modeli&#8217;mizin &#8216;Beceri temelli \u00f6\u011fretim yakla\u015f\u0131m\u0131&#8217; kapsam\u0131nda tar\u0131m e\u011fitimi ve el sanatlar\u0131 \u00f6nemli bir yer tutmaktad\u0131r. Olgunla\u015fma Enstit\u00fcm\u00fcz ve Halk E\u011fitim Merkezlerimiz vas\u0131tas\u0131yla el sanatlar\u0131 alan\u0131nda da e\u011fitimler sonunda \u00e7ok say\u0131da sergi d\u00fczenledik.&#8221; dedi. \u00c7al\u0131\u015ftay\u0131n yeni ba\u015far\u0131 hik\u00e2yelerine vesile olmas\u0131n\u0131 temenni eden Fazilet Durmu\u015f, \u00fclkemizin ve \u015fehrimizin tar\u0131msal geli\u015fimine katk\u0131 sunmak ad\u0131na kurumlar\u0131m\u0131zla i\u015f birliklerine her daim haz\u0131r olduklar\u0131n\u0131 ifade etti.&nbsp;<\/p>\n\n\n\n<p>\u00c7al\u0131\u015ftaya kat\u0131l\u0131m sa\u011flad\u0131klar\u0131 i\u00e7in \u0130l Mill\u00ee E\u011fitim M\u00fcd\u00fcr\u00fc Fazilet Durmu\u015f&#8217;a plaket ve Kat\u0131l\u0131m Sertifikas\u0131; \u0130l Mill\u00ee E\u011fitim M\u00fcd\u00fcr Yard\u0131mc\u0131s\u0131 Nazmi Kendigelen&#8217;e plaket takdim edildi.&nbsp;<\/p>\n\n\n\n<p>Fazilet Durmu\u015f&#8217;a \u0130l Mill\u00ee E\u011fitim M\u00fcd\u00fcr Yard\u0131mc\u0131s\u0131 Nazmi Kendigelen e\u015flik etti.<\/p>\n\n\n\n<p><a href=\"https:\/\/mersin.meb.gov.tr\/meb_iys_dosyalar\/2025_02\/12183907_whatsappimage20250212at17.49.221.jpg\" target=\"_blank\" rel=\"noreferrer noopener\"><\/a><\/p>\n","protected":false},"excerpt":{"rendered":"<p>\u0130l Mill\u00ee E\u011fitim M\u00fcd\u00fcr\u00fc Fazilet Durmu\u015f,&nbsp; Tar\u0131m ve Orman Bakanl\u0131\u011f\u0131 E\u011fitim ve Yay\u0131n Dairesi Ba\u015fkanl\u0131\u011f\u0131 taraf\u0131ndan Silifke&#8217; Atat\u00fcrk El Sanatlar\u0131 E\u011fitim Merkezinde d\u00fczenlenen &#8220;Tar\u0131msal E\u011fitim ve Yay\u0131m \u00c7al\u0131\u015ftay\u0131&#8221;n\u0131n &#8220;El Sanatlar\u0131 E\u011fitim Merkezlerinin D\u00fcn\u00fc, Bug\u00fcn\u00fc, Yar\u0131n\u0131&#8221; oturumuna kat\u0131ld\u0131.&nbsp; Alan uzmanlar\u0131n\u0131n konu\u015fmalar yapt\u0131\u011f\u0131 oturumda bir konu\u015fma ger\u00e7ekle\u015ftiren Fazilet Durmu\u015f: &#8220;E\u011fitim camias\u0131 olarak evlatlar\u0131m\u0131z\u0131n her alanda beceri ve [&hellip;]<\/p>\n","protected":false},"author":2,"featured_media":39645,"comment_status":"closed","ping_status":"closed","sticky":false,"template":"","format":"standard","meta":{"footnotes":""},"categories":[3],"tags":[],"class_list":["post-39644","post","type-post","status-publish","format-standard","has-post-thumbnail","hentry","category-manset"],"views":4,"_links":{"self":[{"href":"https:\/\/mersinkadingazetesi.com\/index.php?rest_route=\/wp\/v2\/posts\/39644"}],"collection":[{"href":"https:\/\/mersinkadingazetesi.com\/index.php?rest_route=\/wp\/v2\/posts"}],"about":[{"href":"https:\/\/mersinkadingazetesi.com\/index.php?rest_route=\/wp\/v2\/types\/post"}],"author":[{"embeddable":true,"href":"https:\/\/mersinkadingazetesi.com\/index.php?rest_route=\/wp\/v2\/users\/2"}],"replies":[{"embeddable":true,"href":"https:\/\/mersinkadingazetesi.com\/index.php?rest_route=%2Fwp%2Fv2%2Fcomments&post=39644"}],"version-history":[{"count":1,"href":"https:\/\/mersinkadingazetesi.com\/index.php?rest_route=\/wp\/v2\/posts\/39644\/revisions"}],"predecessor-version":[{"id":39646,"href":"https:\/\/mersinkadingazetesi.com\/index.php?rest_route=\/wp\/v2\/posts\/39644\/revisions\/39646"}],"wp:featuredmedia":[{"embeddable":true,"href":"https:\/\/mersinkadingazetesi.com\/index.php?rest_route=\/wp\/v2\/media\/39645"}],"wp:attachment":[{"href":"https:\/\/mersinkadingazetesi.com\/index.php?rest_route=%2Fwp%2Fv2%2Fmedia&parent=39644"}],"wp:term":[{"taxonomy":"category","embeddable":true,"href":"https:\/\/mersinkadingazetesi.com\/index.php?rest_route=%2Fwp%2Fv2%2Fcategories&post=39644"},{"taxonomy":"post_tag","embeddable":true,"href":"https:\/\/mersinkadingazetesi.com\/index.php?rest_route=%2Fwp%2Fv2%2Ftags&post=39644"}],"curies":[{"name":"wp","href":"https:\/\/api.w.org\/{rel}","templated":true}]}}