{"id":39656,"date":"2025-02-13T09:50:19","date_gmt":"2025-02-13T06:50:19","guid":{"rendered":"https:\/\/mersinkadingazetesi.com\/?p=39656"},"modified":"2025-02-13T09:50:20","modified_gmt":"2025-02-13T06:50:20","slug":"chpli-gulcan-kistan-malatyadaki-toki-kamulastirmalarina-tepki-gosterdi-halkin-mulkiyet-hakki-ihlal-ediliyor","status":"publish","type":"post","link":"https:\/\/mersinkadingazetesi.com\/?p=39656","title":{"rendered":"CHP&#8217;li G\u00fclcan K\u0131\u015f&#8217;tan Malatya&#8217;daki TOK\u0130 Kamula\u015ft\u0131rmalar\u0131na Tepki G\u00f6sterdi: &#8220;Halk\u0131n M\u00fclkiyet Hakk\u0131 \u0130hlal Ediliyor&#8221;"},"content":{"rendered":"\n<p>CHP Mersin Milletvekili G\u00fclcan K\u0131\u015f, TBMM Genel Kurulu&#8217;nda yapt\u0131\u011f\u0131 konu\u015fmada Malatya&#8217;n\u0131n Ye\u015filyurt il\u00e7esi \u0130kizce Mahallesi&#8217;nde TOK\u0130 taraf\u0131ndan ger\u00e7ekle\u015ftirilen kamula\u015ft\u0131rma s\u00fcrecine tepki g\u00f6sterdi. G\u00fclcan K\u0131\u015f, &#8220;sosyal konut projesi&#8221; ad\u0131 alt\u0131nda yap\u0131lan uygulaman\u0131n yurtta\u015flar\u0131n anayasal m\u00fclkiyet hakk\u0131n\u0131 a\u00e7\u0131k\u00e7a ihlal etti\u011fini belirtti.<\/p>\n\n\n\n<p>Depremin yaralar\u0131n\u0131 sarmaya \u00e7al\u0131\u015fan vatanda\u015flar\u0131n tapulu m\u00fclklerine kamula\u015ft\u0131rmas\u0131z el konuldu\u011funu vurgulayan CHP&#8217;li G\u00fclcan K\u0131\u015f, &#8220;Bir sabah SMS&#8217;le &#8216;Mal\u0131n\u0131za el konulmu\u015ftur.&#8217; mesaj\u0131 alan vatanda\u015flar\u0131m\u0131z y\u0131llard\u0131r emek verdikleri evlerini, i\u015f yerlerini ve tar\u0131m arazilerini kaybetmektedir. Hayvanc\u0131l\u0131k ve kay\u0131s\u0131 \u00fcretimiyle ge\u00e7imini sa\u011flayan aileler yok say\u0131lm\u0131\u015f, i\u015f makineleri arazilerine girmi\u015ftir.&#8221; dedi.<\/p>\n\n\n\n<p>\u0130ktidara sert s\u00f6zlerle y\u00fcklenen CHP Mersin Milletvekili G\u00fclcan K\u0131\u015f, &#8220;Depremzedelere yard\u0131m etmek i\u00e7in \u00e7\u0131kt\u0131\u011f\u0131n\u0131z bu yolda, onlar\u0131n evlerini y\u0131kmak hangi vicdana s\u0131\u011far? Cumhurba\u015fkan\u0131 Malatya&#8217;da &#8216;Ev yuvad\u0131r.&#8217; dedi. Peki, bu insanlar\u0131n yuvalar\u0131 neden ellerinden al\u0131n\u0131yor?&#8221; diye sordu.<\/p>\n\n\n\n<p>Bu hukuksuz uygulamadan derh\u00e2l vazge\u00e7ilmesi gerekti\u011fini vurgulayan G\u00fclcan K\u0131\u015f, &#8220;Vatanda\u015flar\u0131m\u0131z\u0131n tapulu m\u00fclkleri korunmal\u0131, keyf\u00ee kamula\u015ft\u0131rmalara son verilmelidir.&#8221; ifadelerini kulland\u0131.<\/p>\n\n\n\n<p>Konu\u015fmas\u0131 CHP s\u0131ralar\u0131ndan alk\u0131\u015flarla desteklenen G\u00fclcan K\u0131\u015f, Malatya&#8217;daki yurtta\u015flar\u0131n haklar\u0131n\u0131 savunmaya devam edeceklerini belirtti.<\/p>\n","protected":false},"excerpt":{"rendered":"<p>CHP Mersin Milletvekili G\u00fclcan K\u0131\u015f, TBMM Genel Kurulu&#8217;nda yapt\u0131\u011f\u0131 konu\u015fmada Malatya&#8217;n\u0131n Ye\u015filyurt il\u00e7esi \u0130kizce Mahallesi&#8217;nde TOK\u0130 taraf\u0131ndan ger\u00e7ekle\u015ftirilen kamula\u015ft\u0131rma s\u00fcrecine tepki g\u00f6sterdi. G\u00fclcan K\u0131\u015f, &#8220;sosyal konut projesi&#8221; ad\u0131 alt\u0131nda yap\u0131lan uygulaman\u0131n yurtta\u015flar\u0131n anayasal m\u00fclkiyet hakk\u0131n\u0131 a\u00e7\u0131k\u00e7a ihlal etti\u011fini belirtti. Depremin yaralar\u0131n\u0131 sarmaya \u00e7al\u0131\u015fan vatanda\u015flar\u0131n tapulu m\u00fclklerine kamula\u015ft\u0131rmas\u0131z el konuldu\u011funu vurgulayan CHP&#8217;li G\u00fclcan K\u0131\u015f, &#8220;Bir sabah [&hellip;]<\/p>\n","protected":false},"author":2,"featured_media":39657,"comment_status":"closed","ping_status":"closed","sticky":false,"template":"","format":"standard","meta":{"footnotes":""},"categories":[3,6],"tags":[],"class_list":["post-39656","post","type-post","status-publish","format-standard","has-post-thumbnail","hentry","category-manset","category-siyaset-2"],"views":6,"_links":{"self":[{"href":"https:\/\/mersinkadingazetesi.com\/index.php?rest_route=\/wp\/v2\/posts\/39656"}],"collection":[{"href":"https:\/\/mersinkadingazetesi.com\/index.php?rest_route=\/wp\/v2\/posts"}],"about":[{"href":"https:\/\/mersinkadingazetesi.com\/index.php?rest_route=\/wp\/v2\/types\/post"}],"author":[{"embeddable":true,"href":"https:\/\/mersinkadingazetesi.com\/index.php?rest_route=\/wp\/v2\/users\/2"}],"replies":[{"embeddable":true,"href":"https:\/\/mersinkadingazetesi.com\/index.php?rest_route=%2Fwp%2Fv2%2Fcomments&post=39656"}],"version-history":[{"count":1,"href":"https:\/\/mersinkadingazetesi.com\/index.php?rest_route=\/wp\/v2\/posts\/39656\/revisions"}],"predecessor-version":[{"id":39658,"href":"https:\/\/mersinkadingazetesi.com\/index.php?rest_route=\/wp\/v2\/posts\/39656\/revisions\/39658"}],"wp:featuredmedia":[{"embeddable":true,"href":"https:\/\/mersinkadingazetesi.com\/index.php?rest_route=\/wp\/v2\/media\/39657"}],"wp:attachment":[{"href":"https:\/\/mersinkadingazetesi.com\/index.php?rest_route=%2Fwp%2Fv2%2Fmedia&parent=39656"}],"wp:term":[{"taxonomy":"category","embeddable":true,"href":"https:\/\/mersinkadingazetesi.com\/index.php?rest_route=%2Fwp%2Fv2%2Fcategories&post=39656"},{"taxonomy":"post_tag","embeddable":true,"href":"https:\/\/mersinkadingazetesi.com\/index.php?rest_route=%2Fwp%2Fv2%2Ftags&post=39656"}],"curies":[{"name":"wp","href":"https:\/\/api.w.org\/{rel}","templated":true}]}}