{"id":39668,"date":"2025-02-13T12:22:19","date_gmt":"2025-02-13T09:22:19","guid":{"rendered":"https:\/\/mersinkadingazetesi.com\/?p=39668"},"modified":"2025-02-13T12:22:19","modified_gmt":"2025-02-13T09:22:19","slug":"baskan-yildiz-toroslarin-tamami-tertemiz-olacak","status":"publish","type":"post","link":"https:\/\/mersinkadingazetesi.com\/?p=39668","title":{"rendered":"BA\u015eKAN YILDIZ: TOROSLAR&#8217;IN TAMAMI TERTEM\u0130Z OLACAK"},"content":{"rendered":"\n<p>Toroslar Belediye Ba\u015fkan\u0131 Abdurrahman Y\u0131ld\u0131z, mahallelerdeki temizlik \u00e7al\u0131\u015fmalar\u0131n\u0131 yerinde incelemek, vatanda\u015flar\u0131n taleplerini dinlemek ve temizlik konusunda fark\u0131ndal\u0131k yaratmak i\u00e7in ba\u015flatt\u0131\u011f\u0131 saha \u00e7al\u0131\u015fmalar\u0131na devam ediyor. Ba\u015fkan Y\u0131ld\u0131z son olarak Yal\u0131nayak Mahallesi&#8217;ndeki temizlik \u00e7al\u0131\u015fmalar\u0131n\u0131 yerinde inceledi. Ba\u015fkan Y\u0131ld\u0131z, Yal\u0131nayak ve \u00e7evresinde ya\u015fayan gen\u00e7lere okuma salonu m\u00fcjdesi de verdi.<\/p>\n\n\n\n<p>Toroslar Belediye Ba\u015fkan\u0131 Abdurrahman Y\u0131ld\u0131z&#8217;\u0131n temizlik konusunda fark\u0131ndal\u0131k yaratmak amac\u0131yla ba\u015flatt\u0131\u011f\u0131 &#8220;Mahallede Temizlik Var&#8221; kampanyas\u0131 devam ediyor.<\/p>\n\n\n\n<p>Kampanya kapsam\u0131nda Ba\u015fkan Y\u0131ld\u0131z, belediye ba\u015fkan yard\u0131mc\u0131lar\u0131, meclis \u00fcyeleri, mahalle muhtarlar\u0131 ve mahalle sakinleriyle birlikte Yal\u0131nayak Mahallesi&#8217;ndeki temizlik \u00e7al\u0131\u015fmalar\u0131na kat\u0131ld\u0131.<\/p>\n\n\n\n<p>Temizlik \u0130\u015fleri M\u00fcd\u00fcrl\u00fc\u011f\u00fc ekipleri yol s\u00fcp\u00fcrme ve y\u0131kama, ila\u00e7lama, budama, at\u0131k toplama faaliyetleri ger\u00e7ekle\u015ftirdi.<\/p>\n\n\n\n<p>\u00c7al\u0131\u015fmalar\u0131 yerinde inceleyen Ba\u015fkan Y\u0131ld\u0131z, Yal\u0131nayak&#8217;ta ayr\u0131ca, kapat\u0131lan Yal\u0131nayak Belediyesinin \u015fu an at\u0131l durumda olan eski binas\u0131n\u0131 da gezerek binan\u0131n durumu hakk\u0131nda bilgi ald\u0131.<\/p>\n\n\n\n<p><strong>&#8220;TOROSLAR B\u0130R B\u00dcT\u00dcN OLARAK TERTEM\u0130Z OLACAK&#8221;<\/strong><\/p>\n\n\n\n<p>Yal\u0131nayak Mahallesi&#8217;ndeki \u00e7al\u0131\u015fmalar\u0131n ard\u0131ndan bir a\u00e7\u0131klama yapan Ba\u015fkan Y\u0131ld\u0131z, &#8220;Mahallede temizlik var kampanyam\u0131z\u0131n bu haftaki aya\u011f\u0131 Yal\u0131nayak Mahallemiz. Merkezde bulunan 32 mahallemizin tamam\u0131nda bu hassasiyetin yarat\u0131lmas\u0131 i\u00e7in \u00e7al\u0131\u015fmalar\u0131m\u0131z\u0131 s\u00fcrd\u00fcr\u00fcyoruz. Yal\u0131nayak Mahallemizde de ayn\u0131 \u015feyleri yap\u0131yor, ayn\u0131 \u015feyleri s\u00f6yl\u00fcyoruz. Toroslar bir b\u00fct\u00fcn olarak ger\u00e7ekten tertemiz oluncaya kadar, belediye ba\u015fkan\u0131 olarak; belediye ba\u015fkan yard\u0131mc\u0131lar\u0131m\u0131z, meclis \u00fcyelerimiz, muhtarlar\u0131m\u0131z ve mahalle halk\u0131m\u0131zla birlikte bu hassasiyeti yaratmak ad\u0131na kamusal alanda bir temizlik hassasiyeti i\u00e7in elimizden gelen her \u015feyi yapt\u0131k, bundan sonra da yapmaya devam edece\u011fiz. Temizlik \u0130\u015fleri M\u00fcd\u00fcrl\u00fc\u011f\u00fcm\u00fcz, S\u0131f\u0131r At\u0131k M\u00fcd\u00fcrl\u00fc\u011f\u00fcm\u00fcz ve Fen \u0130\u015flerine ba\u011fl\u0131 bir k\u0131s\u0131m \u015fefliklerimiz kentin temizlenmesi noktas\u0131nda, molozlar\u0131n kald\u0131r\u0131lmas\u0131, dallar\u0131n ve yapraklar\u0131n s\u00fcp\u00fcr\u00fclmesi konusunda ger\u00e7ekten \u00e7ok ciddi \u00e7aba sarf ediyorlar.&nbsp; Alet, edevat ve makine park\u0131m\u0131z\u0131 g\u00fc\u00e7lendirdik, personel say\u0131m\u0131z\u0131 art\u0131rd\u0131k ve art\u0131rmaya devam ediyoruz. Sokaklar\u0131m\u0131z\u0131 daha temiz hale getirecek personelleri almaya devam edece\u011fiz&#8221; dedi.<\/p>\n\n\n\n<p><strong>&#8220;ATIL DURUMDAK\u0130 3 TEM\u0130ZL\u0130K ARACINI YEN\u0130DEN H\u0130ZMETE KAZANDIRDIK&#8221;<\/strong><\/p>\n\n\n\n<p>Uzunca bir zamand\u0131r \u00e7\u00fcr\u00fcmeye terk edilen 3 adet sokak s\u00fcp\u00fcrgesi arac\u0131n\u0131 yeniden aya\u011fa kald\u0131rd\u0131klar\u0131n\u0131 anlatan Ba\u015fkan Y\u0131ld\u0131z, &#8220;Bunlarla ilgili \u00e7al\u0131\u015fmalar\u0131m\u0131z\u0131 tamamlad\u0131k. Bu hafta sonu itibariyle onlar da kentimizin hizmetine girecek ve Toroslar&#8217;\u0131n temizlenmesi i\u00e7in g\u00f6rev yapacaklar. Yani, bir b\u00fct\u00fcn olarak Toroslar&#8217;\u0131 tertemiz hale getirece\u011fiz. Toroslar&#8217;\u0131 daha ya\u015fan\u0131r, daha kaliteli ve daha konforlu bir il\u00e7e yapmak i\u00e7in se\u00e7ildi\u011fimiz g\u00fcnden beri elimizden geleni yap\u0131yoruz, bundan sonra da g\u00f6revde oldu\u011fumuz her saniyede bu \u015fiarla \u00e7al\u0131\u015fmaya devam edece\u011fiz. Son olarak bir kez daha s\u00f6yl\u00fcyorum ki Toroslar, ger\u00e7ekten daha ya\u015fan\u0131l\u0131r, daha konforlu ve daha kaliteli bir il\u00e7e oluncaya kadar hi\u00e7 durmadan, 7\/24 esas\u0131na g\u00f6re \u00e7al\u0131\u015fmaya devam edece\u011fiz. Tertemiz sokaklar\u0131, tertemiz caddeleri ve tertemiz parklar\u0131 olan bir kent yaratmak i\u00e7in s\u00f6z verdik ve s\u00f6z\u00fcm\u00fcz\u00fcn arkas\u0131nday\u0131z. Bu hedef ger\u00e7ekle\u015finceye kadar \u00e7al\u0131\u015fmay\u0131 s\u00fcrd\u00fcrece\u011fiz&#8221; ifadelerini kulland\u0131.<\/p>\n\n\n\n<p><strong>OKUMA SALONU M\u00dcJDES\u0130N\u0130 VERD\u0130<\/strong><\/p>\n\n\n\n<p>Toroslar Belediye Ba\u015fkan\u0131 Abdurrahman Y\u0131ld\u0131z, y\u0131llard\u0131r at\u0131l durumda olan eski Yal\u0131nayak Belediye binas\u0131yla ilgili mahalle gen\u00e7lerine bir m\u00fcjde de verdi.<\/p>\n\n\n\n<p>Ba\u015fkan Y\u0131ld\u0131z, &#8220;Eskiden Yal\u0131nayak Belediyesi olarak bilinen binan\u0131n \u00f6n\u00fcndeyiz. \u015eu anda buras\u0131 Toroslar Belediyemizin uhdesinde bir bina. Bir k\u0131sm\u0131n\u0131 MESK\u0130 kullan\u0131yor, bir k\u0131sm\u0131 mahallemizin postane sorunlar\u0131n\u0131n \u00e7\u00f6z\u00fclmesi konusunda PTT \u015fubesi a\u00e7\u0131lm\u0131\u015f durumda. Biz de bu binam\u0131z\u0131 ba\u015ftan yenileyerek, tamir edip g\u00fc\u00e7lendirerek Yal\u0131nayak, Arpa\u00e7sakarlar Mahallesi&#8217;ndeki ve \u00e7evrede ya\u015fayan gen\u00e7lerimizin g\u00fcvenle gelip ders \u00e7al\u0131\u015fabilecekleri, okuma yapabilecekleri bir salon haline getirece\u011fiz. Bu bina, uzun zamand\u0131r terk edilmi\u015f ve bak\u0131ms\u0131z b\u0131rak\u0131lm\u0131\u015ft\u0131. Ancak biz buray\u0131 tertemiz yap\u0131p sa\u011flamla\u015ft\u0131rarak, Yal\u0131nayak Mahallesi Okuma Salonu haline getirece\u011fiz. Bunun m\u00fcjdesini \u015fimdiden vermek isterim&#8221; dedi.<\/p>\n\n\n\n<p><strong>MAHALLE MUHTARINDAN TE\u015eEKK\u00dcR<\/strong><\/p>\n\n\n\n<p>Yal\u0131nayak Mahallesi Muhtar\u0131 Faruk Ceylan da &#8220;Toroslar Belediyesinin, Say\u0131n Abdurrahman Y\u0131ld\u0131z ba\u015fkan\u0131m\u0131z \u00f6nc\u00fcl\u00fc\u011f\u00fcnde y\u00fcr\u00fctt\u00fc\u011f\u00fc Mahallede Temizlik Var kampanyas\u0131 i\u00e7in kendisine te\u015fekk\u00fcr ederiz&#8221; dedi.<\/p>\n","protected":false},"excerpt":{"rendered":"<p>Toroslar Belediye Ba\u015fkan\u0131 Abdurrahman Y\u0131ld\u0131z, mahallelerdeki temizlik \u00e7al\u0131\u015fmalar\u0131n\u0131 yerinde incelemek, vatanda\u015flar\u0131n taleplerini dinlemek ve temizlik konusunda fark\u0131ndal\u0131k yaratmak i\u00e7in ba\u015flatt\u0131\u011f\u0131 saha \u00e7al\u0131\u015fmalar\u0131na devam ediyor. Ba\u015fkan Y\u0131ld\u0131z son olarak Yal\u0131nayak Mahallesi&#8217;ndeki temizlik \u00e7al\u0131\u015fmalar\u0131n\u0131 yerinde inceledi. Ba\u015fkan Y\u0131ld\u0131z, Yal\u0131nayak ve \u00e7evresinde ya\u015fayan gen\u00e7lere okuma salonu m\u00fcjdesi de verdi. Toroslar Belediye Ba\u015fkan\u0131 Abdurrahman Y\u0131ld\u0131z&#8217;\u0131n temizlik konusunda fark\u0131ndal\u0131k yaratmak [&hellip;]<\/p>\n","protected":false},"author":2,"featured_media":39669,"comment_status":"closed","ping_status":"closed","sticky":false,"template":"","format":"standard","meta":{"footnotes":""},"categories":[3],"tags":[],"class_list":["post-39668","post","type-post","status-publish","format-standard","has-post-thumbnail","hentry","category-manset"],"views":5,"_links":{"self":[{"href":"https:\/\/mersinkadingazetesi.com\/index.php?rest_route=\/wp\/v2\/posts\/39668"}],"collection":[{"href":"https:\/\/mersinkadingazetesi.com\/index.php?rest_route=\/wp\/v2\/posts"}],"about":[{"href":"https:\/\/mersinkadingazetesi.com\/index.php?rest_route=\/wp\/v2\/types\/post"}],"author":[{"embeddable":true,"href":"https:\/\/mersinkadingazetesi.com\/index.php?rest_route=\/wp\/v2\/users\/2"}],"replies":[{"embeddable":true,"href":"https:\/\/mersinkadingazetesi.com\/index.php?rest_route=%2Fwp%2Fv2%2Fcomments&post=39668"}],"version-history":[{"count":1,"href":"https:\/\/mersinkadingazetesi.com\/index.php?rest_route=\/wp\/v2\/posts\/39668\/revisions"}],"predecessor-version":[{"id":39670,"href":"https:\/\/mersinkadingazetesi.com\/index.php?rest_route=\/wp\/v2\/posts\/39668\/revisions\/39670"}],"wp:featuredmedia":[{"embeddable":true,"href":"https:\/\/mersinkadingazetesi.com\/index.php?rest_route=\/wp\/v2\/media\/39669"}],"wp:attachment":[{"href":"https:\/\/mersinkadingazetesi.com\/index.php?rest_route=%2Fwp%2Fv2%2Fmedia&parent=39668"}],"wp:term":[{"taxonomy":"category","embeddable":true,"href":"https:\/\/mersinkadingazetesi.com\/index.php?rest_route=%2Fwp%2Fv2%2Fcategories&post=39668"},{"taxonomy":"post_tag","embeddable":true,"href":"https:\/\/mersinkadingazetesi.com\/index.php?rest_route=%2Fwp%2Fv2%2Ftags&post=39668"}],"curies":[{"name":"wp","href":"https:\/\/api.w.org\/{rel}","templated":true}]}}