{"id":39674,"date":"2025-02-13T13:13:08","date_gmt":"2025-02-13T10:13:08","guid":{"rendered":"https:\/\/mersinkadingazetesi.com\/?p=39674"},"modified":"2025-02-13T13:13:10","modified_gmt":"2025-02-13T10:13:10","slug":"elektrik-faturalarinda-yeni-donem-degil-zam-ve-zulum-donemi-basliyor","status":"publish","type":"post","link":"https:\/\/mersinkadingazetesi.com\/?p=39674","title":{"rendered":"&#8220;Elektrik faturalar\u0131nda yeni d\u00f6nem de\u011fil, zam ve zul\u00fcm d\u00f6nemi ba\u015fl\u0131yor!&#8221;"},"content":{"rendered":"\n<p>CHP Mersin Milletvekili G\u00fclcan K\u0131\u015f, fahi\u015f zamlarla bo\u011fu\u015fan vatanda\u015flar\u0131n \u015fimdi de elektrik faturalar\u0131yla a\u011f\u0131r bir y\u00fck alt\u0131na sokulmas\u0131na tepki g\u00f6sterdi. Kiralardan do\u011falgaza, g\u0131dadan ula\u015f\u0131ma kadar her alanda ya\u015fanan fiyat art\u0131\u015flar\u0131n\u0131n ard\u0131ndan, vatanda\u015f\u0131n en temel ihtiyac\u0131 olan elektri\u011fe de devasa bir zam yap\u0131ld\u0131\u011f\u0131n\u0131 vurgulayan G\u00fclcan K\u0131\u015f, &#8220;1.050 TL&#8217;nin \u00fczerindeki faturalar yeniden hesaplanarak iki kat\u0131na \u00e7\u0131kacak! Bu adaletsiz uygulamadan yakla\u015f\u0131k 1,2 milyon mesken abonesi etkilenecek&#8221; dedi.<\/p>\n\n\n\n<p>H\u00fck\u00fbmetin bu zamm\u0131 &#8220;\u00e7ok t\u00fcketen \u00e7ok \u00f6deyecek&#8221; s\u00f6ylemiyle makul g\u00f6stermeye \u00e7al\u0131\u015ft\u0131\u011f\u0131n\u0131 belirten CHP&#8217;li G\u00fclcan K\u0131\u015f, bu d\u00fczenlemenin kimleri vuraca\u011f\u0131n\u0131 net bir \u015fekilde ortaya koydu:<\/p>\n\n\n\n<ul class=\"wp-block-list\">\n<li>Elektrikli \u0131s\u0131t\u0131c\u0131yla \u0131s\u0131nmak zorunda kalan dar gelirli vatanda\u015flar,<\/li>\n\n\n\n<li>Kalabal\u0131k aileler,<\/li>\n\n\n\n<li>Hasta ve ya\u015fl\u0131 bak\u0131m\u0131 yapanlar,<\/li>\n\n\n\n<li>\u00d6\u011frenciler,<\/li>\n\n\n\n<li>Enerji tasarruflu cihazlara eri\u015femeyen d\u00fc\u015f\u00fck gelirli kesimler.<\/li>\n<\/ul>\n\n\n\n<p>&#8220;Bu d\u00fczenleme, en k\u0131r\u0131lgan gruplar\u0131 ve yoksullu\u011fa mahk\u00fbm edilen milyonlar\u0131 do\u011frudan hedef al\u0131yor&#8221; diyen CHP&#8217;li G\u00fclcan K\u0131\u015f, T\u00fcrkiye&#8217;de ekonomik krizin derinle\u015fti\u011fini ve vatanda\u015flar\u0131n her ge\u00e7en g\u00fcn daha da fakirle\u015fti\u011fini belirtti. A\u00e7l\u0131k s\u0131n\u0131r\u0131n\u0131n 25 bin TL&#8217;yi, yoksulluk s\u0131n\u0131r\u0131n\u0131n ise 72 bin TL&#8217;yi a\u015ft\u0131\u011f\u0131n\u0131 hat\u0131rlatan G\u00fclcan K\u0131\u015f, milyonlarca insan\u0131n ay sonunu getiremedi\u011fini ve faturalar\u0131n\u0131 bile \u00f6deyemez hale geldi\u011fini s\u00f6yledi.<\/p>\n\n\n\n<p>&#8220;En d\u00fc\u015f\u00fck emekli maa\u015f\u0131 sefalet seviyesinde!&#8221;<\/p>\n\n\n\n<p>Elektrik zamlar\u0131n\u0131n yan\u0131 s\u0131ra emeklilerin i\u00e7ine s\u00fcr\u00fcklendi\u011fi yoksullu\u011fa da dikkat \u00e7eken CHP Mersin Milletvekili G\u00fclcan K\u0131\u015f, en d\u00fc\u015f\u00fck emekli maa\u015f\u0131n\u0131n a\u00e7l\u0131k s\u0131n\u0131r\u0131n\u0131n \u00e7ok alt\u0131nda, 14.469 TL olarak belirlendi\u011fini vurgulad\u0131.<\/p>\n\n\n\n<p>&#8220;Emekliyi a\u00e7l\u0131k s\u0131n\u0131r\u0131n\u0131n bile alt\u0131nda bir maa\u015fa mahk\u00fbm ettiler. \u00dcst\u00fcne bir de bayram ikramiyesi ad\u0131 alt\u0131nda 3 bin TL gibi komik bir rakam belirleyip bunun \u00fczerinden pazarl\u0131k yap\u0131yorlar. Neyini de\u011ferlendiriyorsunuz? A\u00e7l\u0131k s\u0131n\u0131r\u0131n\u0131n 25 bin TL&#8217;ye dayand\u0131\u011f\u0131 bir \u00fclkede, emeklileri sefalet maa\u015f\u0131na mahk\u00fbm etmeyi mi?&#8221; diyerek h\u00fck\u00fcmetin ekonomi politikalar\u0131na sert ele\u015ftiriler y\u00f6neltti.<\/p>\n\n\n\n<p>&#8220;Halk bu zulm\u00fc unutmaz, g\u00fcn\u00fc geldi\u011finde hesab\u0131n\u0131 sorar!&#8221;<\/p>\n\n\n\n<p>CHP&#8217;li G\u00fclcan K\u0131\u015f, h\u00fck\u00fcmete a\u00e7\u0131k \u00e7a\u011fr\u0131da bulunarak elektrik zamlar\u0131n\u0131n derh\u00e2l geri \u00e7ekilmesi gerekti\u011fini s\u00f6yledi. &#8220;Bu zamlar dar gelirli vatanda\u015flar\u0131m\u0131z\u0131 daha da zora sokacak. H\u00fck\u00fbmetin asli g\u00f6revi halk\u0131n ya\u015fam\u0131n\u0131 kolayla\u015ft\u0131rmak olmal\u0131, onlar\u0131 daha da yoksullu\u011fa itmek de\u011fil!&#8221; ifadelerini kullanan G\u00fclcan K\u0131\u015f, asgari \u00fccretin insanca ya\u015fanabilecek seviyeye \u00e7\u0131kar\u0131lmas\u0131 ve emekli maa\u015flar\u0131n\u0131n en az asgari \u00fccret d\u00fczeyine y\u00fckseltilmesi gerekti\u011fini belirtti.<\/p>\n\n\n\n<p>&#8220;Elektrik faturalar\u0131nda yeni d\u00f6nem de\u011fil, zam ve zul\u00fcm d\u00f6nemi ba\u015flat\u0131l\u0131yor! Ancak halk\u0131m\u0131z bu adaletsizli\u011fi unutmaz. Sand\u0131kta bu zulm\u00fcn hesab\u0131n\u0131 soracak!&#8221; diyerek iktidara sert bir mesaj verdi.<\/p>\n","protected":false},"excerpt":{"rendered":"<p>CHP Mersin Milletvekili G\u00fclcan K\u0131\u015f, fahi\u015f zamlarla bo\u011fu\u015fan vatanda\u015flar\u0131n \u015fimdi de elektrik faturalar\u0131yla a\u011f\u0131r bir y\u00fck alt\u0131na sokulmas\u0131na tepki g\u00f6sterdi. Kiralardan do\u011falgaza, g\u0131dadan ula\u015f\u0131ma kadar her alanda ya\u015fanan fiyat art\u0131\u015flar\u0131n\u0131n ard\u0131ndan, vatanda\u015f\u0131n en temel ihtiyac\u0131 olan elektri\u011fe de devasa bir zam yap\u0131ld\u0131\u011f\u0131n\u0131 vurgulayan G\u00fclcan K\u0131\u015f, &#8220;1.050 TL&#8217;nin \u00fczerindeki faturalar yeniden hesaplanarak iki kat\u0131na \u00e7\u0131kacak! Bu [&hellip;]<\/p>\n","protected":false},"author":2,"featured_media":39657,"comment_status":"closed","ping_status":"closed","sticky":false,"template":"","format":"standard","meta":{"footnotes":""},"categories":[8,34,3],"tags":[],"class_list":["post-39674","post","type-post","status-publish","format-standard","has-post-thumbnail","hentry","category-ekonomi","category-flas-haber","category-manset"],"views":10,"_links":{"self":[{"href":"https:\/\/mersinkadingazetesi.com\/index.php?rest_route=\/wp\/v2\/posts\/39674"}],"collection":[{"href":"https:\/\/mersinkadingazetesi.com\/index.php?rest_route=\/wp\/v2\/posts"}],"about":[{"href":"https:\/\/mersinkadingazetesi.com\/index.php?rest_route=\/wp\/v2\/types\/post"}],"author":[{"embeddable":true,"href":"https:\/\/mersinkadingazetesi.com\/index.php?rest_route=\/wp\/v2\/users\/2"}],"replies":[{"embeddable":true,"href":"https:\/\/mersinkadingazetesi.com\/index.php?rest_route=%2Fwp%2Fv2%2Fcomments&post=39674"}],"version-history":[{"count":1,"href":"https:\/\/mersinkadingazetesi.com\/index.php?rest_route=\/wp\/v2\/posts\/39674\/revisions"}],"predecessor-version":[{"id":39675,"href":"https:\/\/mersinkadingazetesi.com\/index.php?rest_route=\/wp\/v2\/posts\/39674\/revisions\/39675"}],"wp:featuredmedia":[{"embeddable":true,"href":"https:\/\/mersinkadingazetesi.com\/index.php?rest_route=\/wp\/v2\/media\/39657"}],"wp:attachment":[{"href":"https:\/\/mersinkadingazetesi.com\/index.php?rest_route=%2Fwp%2Fv2%2Fmedia&parent=39674"}],"wp:term":[{"taxonomy":"category","embeddable":true,"href":"https:\/\/mersinkadingazetesi.com\/index.php?rest_route=%2Fwp%2Fv2%2Fcategories&post=39674"},{"taxonomy":"post_tag","embeddable":true,"href":"https:\/\/mersinkadingazetesi.com\/index.php?rest_route=%2Fwp%2Fv2%2Ftags&post=39674"}],"curies":[{"name":"wp","href":"https:\/\/api.w.org\/{rel}","templated":true}]}}