{"id":39676,"date":"2025-02-13T13:52:50","date_gmt":"2025-02-13T10:52:50","guid":{"rendered":"https:\/\/mersinkadingazetesi.com\/?p=39676"},"modified":"2025-02-13T13:52:50","modified_gmt":"2025-02-13T10:52:50","slug":"baskan-tuncer-sahil-bolgesinde-incelemelerde-bulundu","status":"publish","type":"post","link":"https:\/\/mersinkadingazetesi.com\/?p=39676","title":{"rendered":"BA\u015eKAN TUNCER SAH\u0130L B\u00d6LGES\u0130NDE \u0130NCELEMELERDE BULUNDU"},"content":{"rendered":"\n<p>Mezitli Belediye Ba\u015fkan\u0131 Ahmet Serkan Tuncer, Mezitli&#8217;nin sahil \u015feridini yaz sezonuna en iyi \u015fekilde haz\u0131rlamak i\u00e7in kapsaml\u0131 bir \u00e7al\u0131\u015fma ba\u015flat\u0131yor. Sahilde yap\u0131lacak d\u00fczenlemeler kapsam\u0131nda yeni bisiklet ve y\u00fcr\u00fcy\u00fc\u015f yollar\u0131, sosyal tesisler, du\u015f alanlar\u0131 vb. noktalar vatanda\u015flar\u0131n hizmetine sunulacak. \u00c7al\u0131\u015fmalar\u0131n start\u0131na ba\u015flanmak \u00fczere Ba\u015fkan Tuncer alanda incelemelerde bulunarak, ekiplerden bilgi ald\u0131.<\/p>\n\n\n\n<p>Ba\u015fkan Tuncer, sahil b\u00f6lgesinde ekipleriyle birlikte incelemelerde bulunarak \u00e7al\u0131\u015fma yap\u0131lacak yerleri detayl\u0131ca inceledi. Konuyla ilgili a\u00e7\u0131klamalarda bulunan Ba\u015fkan Tuncer, &#8220;Mezitli&#8217;mizin e\u015fsiz sahilinde hayata ge\u00e7irece\u011fimiz y\u00fcr\u00fcy\u00fc\u015f ve bisiklet yollar\u0131 i\u00e7in alanda incelemelerde bulunduk, ekiplerimizden \u00e7al\u0131\u015fmalar hakk\u0131nda bilgi ald\u0131k. Vatanda\u015flar\u0131m\u0131z\u0131n keyifli vakit ge\u00e7irebilece\u011fi \u00e7e\u015fitli sosyal donat\u0131larla da b\u00f6lgeyi zenginle\u015ftirmeye haz\u0131rlan\u0131yoruz. Mezitlimiz i\u00e7in \u00e7al\u0131\u015fmaya, g\u00fczelle\u015ftirmeye ve yenilikler katmaya devam edece\u011fiz!&#8221; dedi.<\/p>\n\n\n\n<p><strong>VATANDA\u015eLAR MEMNUN\u0130YET\u0130N\u0130 D\u0130LE GET\u0130RD\u0130<\/strong><\/p>\n\n\n\n<p>Ba\u015fkan Tuncer alanda incelemelerde bulunurken vatanda\u015flar, Ba\u015fkan Tuncer&#8217;in hizmetlerinden duyduklar\u0131 memnuniyeti ifade etti. Sahil esnaf\u0131 ve vatanda\u015flar, sahillerin her y\u0131l daha da g\u00fczelle\u015fti\u011fini belirterek projeleri desteklediklerini dile getirdi.<\/p>\n\n\n\n<p>Mezitli&#8217;de ya\u015fayan Emine Akarca, &#8220;Belediyemizin yapt\u0131\u011f\u0131 hizmetlerden \u00e7ok memnunuz. Ge\u00e7en y\u0131l \u00fccretsiz \u015fezlong ve \u015femsiye uygulamas\u0131 sayesinde rahat\u00e7a deniz keyfi yapabildik. \u015eimdi de yeni y\u00fcr\u00fcy\u00fc\u015f yollar\u0131 ve sosyal alanlar yap\u0131laca\u011f\u0131 m\u00fcjdesini \u00f6\u011frendik. Mezitli her ge\u00e7en g\u00fcn daha g\u00fczel hale geliyor.&#8221; dedi.<\/p>\n\n\n\n<p><strong>MEZ\u0130TL\u0130 SAH\u0130LLER\u0130 TUR\u0130ZME KATKI SA\u011eLAYACAK<\/strong><\/p>\n\n\n\n<p>\u00d6nceki y\u0131llarda b\u00fcy\u00fck be\u011feni toplayan \u00fccretsiz \u015fezlong ve \u015femsiye hizmetinin bu y\u0131l da devam edece\u011fini belirten Ba\u015fkan Tuncer, Mezitli sahillerini herkes i\u00e7in daha konforlu ve keyifli hale getirmeyi ama\u00e7lad\u0131klar\u0131n\u0131 vurgulad\u0131. Yeni sosyal tesislerin yan\u0131 s\u0131ra, art\u0131r\u0131lacak hizmetlerle Mezitli&#8217;nin turizm potansiyelinin g\u00fc\u00e7lendirilmesi ama\u00e7lan\u0131yor.<\/p>\n\n\n\n<p>Ba\u015fkan Tuncer, kentin g\u00f6z bebe\u011fi sahil b\u00f6lgesini daha ya\u015fanabilir hale getirmek i\u00e7in \u00e7al\u0131\u015fmalar\u0131na h\u0131z kesmeden devam edece\u011fini belirtti.&nbsp;<\/p>\n","protected":false},"excerpt":{"rendered":"<p>Mezitli Belediye Ba\u015fkan\u0131 Ahmet Serkan Tuncer, Mezitli&#8217;nin sahil \u015feridini yaz sezonuna en iyi \u015fekilde haz\u0131rlamak i\u00e7in kapsaml\u0131 bir \u00e7al\u0131\u015fma ba\u015flat\u0131yor. Sahilde yap\u0131lacak d\u00fczenlemeler kapsam\u0131nda yeni bisiklet ve y\u00fcr\u00fcy\u00fc\u015f yollar\u0131, sosyal tesisler, du\u015f alanlar\u0131 vb. noktalar vatanda\u015flar\u0131n hizmetine sunulacak. \u00c7al\u0131\u015fmalar\u0131n start\u0131na ba\u015flanmak \u00fczere Ba\u015fkan Tuncer alanda incelemelerde bulunarak, ekiplerden bilgi ald\u0131. Ba\u015fkan Tuncer, sahil b\u00f6lgesinde ekipleriyle [&hellip;]<\/p>\n","protected":false},"author":2,"featured_media":39677,"comment_status":"closed","ping_status":"closed","sticky":false,"template":"","format":"standard","meta":{"footnotes":""},"categories":[3],"tags":[],"class_list":["post-39676","post","type-post","status-publish","format-standard","has-post-thumbnail","hentry","category-manset"],"views":4,"_links":{"self":[{"href":"https:\/\/mersinkadingazetesi.com\/index.php?rest_route=\/wp\/v2\/posts\/39676"}],"collection":[{"href":"https:\/\/mersinkadingazetesi.com\/index.php?rest_route=\/wp\/v2\/posts"}],"about":[{"href":"https:\/\/mersinkadingazetesi.com\/index.php?rest_route=\/wp\/v2\/types\/post"}],"author":[{"embeddable":true,"href":"https:\/\/mersinkadingazetesi.com\/index.php?rest_route=\/wp\/v2\/users\/2"}],"replies":[{"embeddable":true,"href":"https:\/\/mersinkadingazetesi.com\/index.php?rest_route=%2Fwp%2Fv2%2Fcomments&post=39676"}],"version-history":[{"count":1,"href":"https:\/\/mersinkadingazetesi.com\/index.php?rest_route=\/wp\/v2\/posts\/39676\/revisions"}],"predecessor-version":[{"id":39678,"href":"https:\/\/mersinkadingazetesi.com\/index.php?rest_route=\/wp\/v2\/posts\/39676\/revisions\/39678"}],"wp:featuredmedia":[{"embeddable":true,"href":"https:\/\/mersinkadingazetesi.com\/index.php?rest_route=\/wp\/v2\/media\/39677"}],"wp:attachment":[{"href":"https:\/\/mersinkadingazetesi.com\/index.php?rest_route=%2Fwp%2Fv2%2Fmedia&parent=39676"}],"wp:term":[{"taxonomy":"category","embeddable":true,"href":"https:\/\/mersinkadingazetesi.com\/index.php?rest_route=%2Fwp%2Fv2%2Fcategories&post=39676"},{"taxonomy":"post_tag","embeddable":true,"href":"https:\/\/mersinkadingazetesi.com\/index.php?rest_route=%2Fwp%2Fv2%2Ftags&post=39676"}],"curies":[{"name":"wp","href":"https:\/\/api.w.org\/{rel}","templated":true}]}}