{"id":39679,"date":"2025-02-13T15:21:32","date_gmt":"2025-02-13T12:21:32","guid":{"rendered":"https:\/\/mersinkadingazetesi.com\/?p=39679"},"modified":"2025-02-13T15:21:33","modified_gmt":"2025-02-13T12:21:33","slug":"deva-partili-ekmenden-zahide-yetis-tepkisi-komisyon-yetisten-ne-ogrenecek","status":"publish","type":"post","link":"https:\/\/mersinkadingazetesi.com\/?p=39679","title":{"rendered":"DEVA Partili Ekmen\u2019den Zahide Yeti\u015f tepkisi: \u201cKomisyon, Yeti\u015f\u2019ten ne \u00f6\u011frenecek\u201c\u00a0"},"content":{"rendered":"\n<figure class=\"wp-block-table\"><table class=\"has-fixed-layout\"><tbody><tr><td><strong>DEVA Partisi Genel Ba\u015fkan Yard\u0131mc\u0131s\u0131 Mehmet Emin Ekmen, g\u00fcnd\u00fcz ku\u015fa\u011f\u0131 programc\u0131s\u0131 Zahide Yeti\u015f\u2019in TBMM Kad\u0131na Kar\u015f\u0131 \u015eiddet ve Ayr\u0131mc\u0131l\u0131\u011f\u0131 Ara\u015ft\u0131rma Komisyonunda sunum yapmas\u0131na sert tepki g<\/strong><strong>\u00f6<\/strong><strong>sterdi.<\/strong><strong>&nbsp;<\/strong><strong>Yeti\u015f\u2019in toplumun manevi de\u011ferlerini hi\u00e7e sayan yay\u0131nlar\u0131 tek tek hat\u0131rlatan Ekmen, rezaletlerle dolu g\u00fcnd\u00fcz ku\u015fa\u011f\u0131 program sunucusunun Meclis \u00e7at\u0131s\u0131 alt\u0131nda sunum yapmas\u0131n\u0131 ele\u015ftirdi. Kad\u0131na Kar\u015f\u0131 \u015eiddet ve Ayr\u0131mc\u0131l\u0131\u011f\u0131 Ara\u015ft\u0131rma Komisyonu Ba\u015fkan\u0131 Hulki Cevizo\u011flu<\/strong><strong>\u2019<\/strong><strong>nun g\u00fcnd\u00fcz ku\u015fa\u011f\u0131 program sunucusunu davet etmesine ili\u015fkin,&nbsp;<\/strong><strong>\u201c<\/strong><strong>Merak ediyorum, Say\u0131n Hulki Cevizo\u011flu ve komisyonun, RT<\/strong><strong>\u00dc<\/strong><strong>K\u2019\u00fcn bile dayanamay\u0131p soru\u015fturma a\u00e7t\u0131\u011f\u0131 Zahide Yeti\u015f&#8217;ten komisyon ne \u00f6\u011frenecek!\u201d dedi.<\/strong><strong>&nbsp;<\/strong>DEVA Partisi Genel Ba\u015fkan Yard\u0131mc\u0131s\u0131 ve Mersin Milletvekili Mehmet Emin Ekmen, g\u00fcnd\u00fcz ku\u015fa\u011f\u0131 programc\u0131s\u0131 Zahide Yeti\u015f\u2019in TBMM Kad\u0131na Kar\u015f\u0131 \u015eiddet ve Ayr\u0131mc\u0131l\u0131\u011f\u0131 Ara\u015ft\u0131rma Komisyonunda sunum yapmas\u0131na sert tepki g\u00f6sterdi.&nbsp;&nbsp;<strong>&nbsp;<\/strong><strong>&nbsp;<\/strong><strong>KOM<\/strong><strong>\u0130SYON ZAH\u0130DE YET\u0130\u015e<\/strong><strong>TEN NE&nbsp;<\/strong><strong>\u00d6\u011e<\/strong><strong>RENEB<\/strong><strong>\u0130L\u0130<\/strong><strong>R!<\/strong>Ekmen, toplumun manevi dinamiklerini ve aile kurumunu hi\u00e7e sayan g\u00fcnd\u00fcz ku\u015fa\u011f\u0131 program sunucusunun TBMM \u00e7at\u0131s\u0131 alt\u0131nda sunum yapmas\u0131 i\u00e7in davet edilmesini ele\u015ftirdi. Genel Kurul\u2019da konu\u015fan Ekmen, Kad\u0131na Kar\u015f\u0131 \u015eiddet ve Ayr\u0131mc\u0131l\u0131\u011f\u0131 Ara\u015ft\u0131rma Komisyonu Ba\u015fkan\u0131 Hulki Cevizo\u011flu\u2019nun g\u00fcnd\u00fcz ku\u015fa\u011f\u0131 program sunucusunu davet etmesine ili\u015fkin,&nbsp;\u201cMerak ediyorum, Say\u0131n Hulki Cevizo\u011flu ve komisyonun, RT\u00dcK\u2019\u00fcn bile dayanamay\u0131p soru\u015fturma a\u00e7t\u0131\u011f\u0131 Zahide Yeti\u015f&#8217;ten komisyon ne \u00f6\u011frenecek!\u201d dedi.&nbsp;<strong>BU REZALET TBMM<\/strong><strong>\u2019<\/strong><strong>YE YAKI\u015e<\/strong><strong>MADI<\/strong>G\u00fcnd\u00fcz ku\u015fa\u011f\u0131 program\u0131 sunucusu Zahide Yeti\u015f\u2019in yay\u0131n\u0131nda baz\u0131 kesitleri hat\u0131rlatan Ekmen, \u201c\u0130ktidara yak\u0131n medyayla ilgili RT\u00dcK uygulamalar\u0131na hepimiz tan\u0131\u011f\u0131z. Dayanamay\u0131p soru\u015fturma a\u00e7t\u0131\u011f\u0131 bu Han\u0131mefendiden bu Komisyonun ne \u00f6\u011frenecek? Mesela&nbsp;\u2018benim kay\u0131nbabamla on g\u00fcn evli kald\u0131. Makbule&#8217;nin evlilik say\u0131s\u0131 13&#8217;e \u00e7\u0131kt\u0131.\u2019&nbsp;Bunu mu \u00f6\u011frenece\u011fiz? Yani Makbule&#8217;nin ni\u00e7in bu h\u00e2le geldi\u011fini mi Zahide anlatacak?&nbsp;\u2018Kar\u0131 kocan\u0131n b\u00fcy\u00fck y\u00fczle\u015fmesi: Kar\u0131m beni asans\u00f6rc\u00fcyle aldatt\u0131.\u2019&nbsp;Bunu mu Zahide Han\u0131m bug\u00fcn Komisyonda anlatacak.&nbsp;\u2018Baba olam\u0131yorum ama \u00e7ocu\u011fum var.\u2019&nbsp;Bu trajediyi mi Zahide Han\u0131m acaba Meclis Komisyonunda bize anlatacak? T\u00fcrkiye bu olay\u0131 konu\u015fuyor. Hele hele bu olay; Bir kad\u0131n\u0131n -\u00e7ok&nbsp;\u00f6z\u00fcr diliyorum- porno videosunu, o zavall\u0131 kad\u0131n diye izlettiler o kad\u0131n bile de\u011fildi. Kocas\u0131 o g\u00fcn onu&nbsp;\u00f6ld\u00fcrse sorumlu kim olacakt\u0131? RT\u00dcK soru\u015fturma a\u00e7t\u0131. Zahide Yeti\u015f canl\u0131 yay\u0131nda bir kocaya kar\u0131s\u0131na ait diye sahte porno video izletti\u011fini mi bize anlatacak? Dilek&#8217;in ak\u0131l almaz ili\u015fkileri: Ayn\u0131 st\u00fcdyoda 3 tane yasak a\u015fk\u0131 konu\u015fuyor sevgili AK Partili arkada\u015flar. Dilek 7&#8217;nci a\u015fk\u0131na diyor ki:&nbsp;\u2018Benim kocam olacak.\u2019&nbsp;Zahide Yeti\u015f bug\u00fcn, bu T\u00fcrkiye B\u00fcy\u00fck Millet Meclisinde, bu Komisyonda bunlar\u0131 m\u0131 anlatacak? Vaktimiz var. Bu sunumun behemeh\u00e2l iptal edilmesi gerekiyor. Bu rezalete, bu \u00e7irkefli\u011fe T\u00fcrkiye B\u00fcy\u00fck Millet Meclisinin \u00e7at\u0131s\u0131 alt\u0131nda m\u00fcsaade edilmemesi gerekiyor\u201d ifadeleriyle tepki g\u00f6sterdi.&nbsp;<strong>BU REZALET RT\u00dc<\/strong><strong>K EL<\/strong><strong>\u0130<\/strong><strong>YLE&nbsp;<\/strong><strong>\u00c7\u00d6Z<\/strong><strong>\u00dcLEB<\/strong><strong>\u0130L\u0130R<\/strong>AK Parti Grup Ba\u015fkanvekili \u00d6zlem Zengin\u2019e yan\u0131t veren Ekmen,&nbsp;\u201cBulundu\u011fu pozisyon ile ya\u015fanan sorunlar ve bunlara cevap arama noktas\u0131nda kendisi a\u00e7\u0131s\u0131ndan \u00e7ok zor bir konu\u015fma yapt\u0131\u011f\u0131n\u0131 tahmin ediyorum, bunu da anlay\u0131\u015fla kar\u015f\u0131l\u0131yorum. Ama birka\u00e7 konuya mademki hep beraber \u00e7\u00f6z\u00fcm arayaca\u011f\u0131z, birka\u00e7 konuya k\u0131saca de\u011finmek gerekiyor&nbsp;\u00f6nce programlar a\u00e7\u0131s\u0131ndan, sonra Komisyon Ba\u015fkan\u0131m\u0131z\u0131n verdi\u011fi cevap a\u00e7\u0131s\u0131ndan. \u015eimdi, muhalefetten \u00e7ok az yard\u0131m istiyorsunuz, bu konuda yard\u0131m istemi\u015f olman\u0131zdan memnun kald\u0131k ama konu bizim yard\u0131m\u0131m\u0131zla \u00e7\u00f6z\u00fclecek a\u015famaya gelmeden&nbsp;\u00f6nce RT\u00dcK eliyle \u00e7\u00f6z\u00fclebilir. Sadece son iki ayda 15 civar\u0131nda gazeteci yay\u0131nlar\u0131 ve muhalefet ettikleri i\u00e7in g\u00f6zalt\u0131na al\u0131nd\u0131lar. Yani su\u00e7lama bu, hani bir ajitasyon yapm\u0131yoruz, su\u00e7lama bu. Bunlarla ilgili olarak RT\u00dcK&#8217;\u00fcn denetim yetkisini hi\u00e7bir \u015fekilde neredeyse kullanmad\u0131\u011f\u0131n\u0131 biliyoruz\u201d de\u011ferlendirmesinde bulundu.&nbsp;&nbsp;<strong>&nbsp;<\/strong><strong>KAMU REKLAM \u00dcCRETLER<\/strong><strong>\u0130 SIFIRLANAB\u0130L\u0130R<\/strong>G\u00fcnd\u00fcz ku\u015fa\u011f\u0131 yay\u0131n\u0131 yapan kanallara kamu reklamlar\u0131n\u0131n ak\u0131t\u0131ld\u0131\u011f\u0131n\u0131 dile getiren Ekmen, \u015f\u00f6yle devam etti;&nbsp;\u201cKamu bankalar\u0131 reklam veren olarak bu kanallara reklamlar\u0131n\u0131 keserek bir katk\u0131da bulunabilirler. Mesela T\u00fcrkiye&#8217;nin en hay\u0131rsever ki\u015fisi olan Say\u0131n Genel M\u00fcd\u00fcr bu kanallara reklam vermeyerek bunlar\u0131 beslemeyi kesebilir. Sonra di\u011fer kamu otoriteleri arac\u0131l\u0131\u011f\u0131yla aktar\u0131lan reklam paylar\u0131 s\u0131f\u0131rlanabilir. Bunlar\u0131n tamam\u0131 \u0130leti\u015fim Ba\u015fkanl\u0131\u011f\u0131yla ayn\u0131 dalga boyunda yay\u0131n yapan kanallar. S\u00f6zc\u00fc TV&#8217;den, Halk TV&#8217;den, \u0130lke TV&#8217;den bahsetmiyoruz; Acun Medyadan Demir\u00f6ren Medyadan, \u015eahenk Medyadan, Turkuaz Medyadan bahsediyoruz. Bunlara kar\u015f\u0131 mademki bu&nbsp;\u00f6fke toplumda var, me\u015fru ve Meclis de bunun bir zemini, o zaman iktidar tek y\u00f6nl\u00fc tedbirlerle bunlar\u0131 \u00e7ok rahatl\u0131kla \u00e7\u00f6zebilir.\u201d&nbsp;<strong>BETON&nbsp;<\/strong><strong>\u00c7<\/strong><strong>ALAN M<\/strong><strong>\u00dc<\/strong><strong>TEAHH\u0130<\/strong><strong>TLER<\/strong><strong>\u0130 DAVET ED\u0130YOR MUYUZ?<\/strong>Ekmen, TBMM Kad\u0131na Kar\u015f\u0131 \u015eiddet ve Ayr\u0131mc\u0131l\u0131\u011f\u0131 Ara\u015ft\u0131rma Komisyonu Ba\u015fkan\u0131 Hulki Cevizo\u011flu\u2019nun g\u00fcnd\u00fcz ku\u015fa\u011f\u0131 yay\u0131n\u0131 yapan programc\u0131lar\u0131 davet etmesine ili\u015fkin,&nbsp;\u201cBunlar tepkimizi dinlemeye de\u011fil bir bilirki\u015fi, bir \u00fcstat edas\u0131yla Komisyona sunum yapmaya, anlat\u0131m yapmaya geliyorlar. Dolay\u0131s\u0131yla bunlar gelsin de Meclisin tepkisini dinlesin diye bir \u015fey s\u00f6z konusu de\u011fil.&nbsp;\u0130kinci olarak, bunun anlam\u0131, bu han\u0131mefendi gibi en az 4-5 ayr\u0131 ki\u015finin de gelip Komisyonu saatlerce me\u015fgul edece\u011fidir. Mesela, Deprem Ara\u015ft\u0131rma Komisyonunda beton \u00e7alan m\u00fcteahhitleri de \u00e7a\u011f\u0131r\u0131p tepkimizi dinlesinler diye davet ediyor muyuz? Mesela, sokak hayvanlar\u0131n\u0131 itlaf eden insanlar\u0131 da Meclise \u00e7a\u011f\u0131r\u0131p bizim buna kar\u015f\u0131 tepkimizi g\u00f6rs\u00fcnler diyor muyuz? Sizin buldu\u011fumuz en uygun c\u00fcmle bu. \u0130tiraz etmiyorum ama Komisyon behemeh\u00e2l bu karar\u0131n\u0131 g\u00f6zden ge\u00e7irmelidir ve muhalefet milletvekilleri de bu sunumlara kat\u0131lma karar\u0131n\u0131 grup y\u00f6netimleri olarak dikkate almal\u0131d\u0131r. Komisyon Ba\u015fkan\u0131 bunda \u0131srar edecekse o zaman muhalefet milletvekilleri bu rezalete taraf olmamal\u0131d\u0131r diyorum\u201d \u015feklinde konu\u015ftu.<\/td><\/tr><\/tbody><\/table><\/figure>\n","protected":false},"excerpt":{"rendered":"<p>DEVA Partisi Genel Ba\u015fkan Yard\u0131mc\u0131s\u0131 Mehmet Emin Ekmen, g\u00fcnd\u00fcz ku\u015fa\u011f\u0131 programc\u0131s\u0131 Zahide Yeti\u015f\u2019in TBMM Kad\u0131na Kar\u015f\u0131 \u015eiddet ve Ayr\u0131mc\u0131l\u0131\u011f\u0131 Ara\u015ft\u0131rma Komisyonunda sunum yapmas\u0131na sert tepki g\u00f6sterdi.&nbsp;Yeti\u015f\u2019in toplumun manevi de\u011ferlerini hi\u00e7e sayan yay\u0131nlar\u0131 tek tek hat\u0131rlatan Ekmen, rezaletlerle dolu g\u00fcnd\u00fcz ku\u015fa\u011f\u0131 program sunucusunun Meclis \u00e7at\u0131s\u0131 alt\u0131nda sunum yapmas\u0131n\u0131 ele\u015ftirdi. Kad\u0131na Kar\u015f\u0131 \u015eiddet ve Ayr\u0131mc\u0131l\u0131\u011f\u0131 Ara\u015ft\u0131rma Komisyonu [&hellip;]<\/p>\n","protected":false},"author":2,"featured_media":39585,"comment_status":"closed","ping_status":"closed","sticky":false,"template":"","format":"standard","meta":{"footnotes":""},"categories":[3],"tags":[],"class_list":["post-39679","post","type-post","status-publish","format-standard","has-post-thumbnail","hentry","category-manset"],"views":5,"_links":{"self":[{"href":"https:\/\/mersinkadingazetesi.com\/index.php?rest_route=\/wp\/v2\/posts\/39679"}],"collection":[{"href":"https:\/\/mersinkadingazetesi.com\/index.php?rest_route=\/wp\/v2\/posts"}],"about":[{"href":"https:\/\/mersinkadingazetesi.com\/index.php?rest_route=\/wp\/v2\/types\/post"}],"author":[{"embeddable":true,"href":"https:\/\/mersinkadingazetesi.com\/index.php?rest_route=\/wp\/v2\/users\/2"}],"replies":[{"embeddable":true,"href":"https:\/\/mersinkadingazetesi.com\/index.php?rest_route=%2Fwp%2Fv2%2Fcomments&post=39679"}],"version-history":[{"count":1,"href":"https:\/\/mersinkadingazetesi.com\/index.php?rest_route=\/wp\/v2\/posts\/39679\/revisions"}],"predecessor-version":[{"id":39680,"href":"https:\/\/mersinkadingazetesi.com\/index.php?rest_route=\/wp\/v2\/posts\/39679\/revisions\/39680"}],"wp:featuredmedia":[{"embeddable":true,"href":"https:\/\/mersinkadingazetesi.com\/index.php?rest_route=\/wp\/v2\/media\/39585"}],"wp:attachment":[{"href":"https:\/\/mersinkadingazetesi.com\/index.php?rest_route=%2Fwp%2Fv2%2Fmedia&parent=39679"}],"wp:term":[{"taxonomy":"category","embeddable":true,"href":"https:\/\/mersinkadingazetesi.com\/index.php?rest_route=%2Fwp%2Fv2%2Fcategories&post=39679"},{"taxonomy":"post_tag","embeddable":true,"href":"https:\/\/mersinkadingazetesi.com\/index.php?rest_route=%2Fwp%2Fv2%2Ftags&post=39679"}],"curies":[{"name":"wp","href":"https:\/\/api.w.org\/{rel}","templated":true}]}}