{"id":39684,"date":"2025-02-13T15:24:33","date_gmt":"2025-02-13T12:24:33","guid":{"rendered":"https:\/\/mersinkadingazetesi.com\/?p=39684"},"modified":"2025-02-13T15:24:34","modified_gmt":"2025-02-13T12:24:34","slug":"baskan-secer-mersinde-sosyal-konut-donemini-baslatiyor","status":"publish","type":"post","link":"https:\/\/mersinkadingazetesi.com\/?p=39684","title":{"rendered":"BA\u015eKAN SE\u00c7ER, MERS\u0130N&#8217;DE &#8216;SOSYAL KONUT&#8217; D\u00d6NEM\u0130N\u0130 BA\u015eLATIYOR"},"content":{"rendered":"\n<p>Mersin B\u00fcy\u00fck\u015fehir Belediye Ba\u015fkan\u0131 Vahap Se\u00e7er, hayata ge\u00e7irdi\u011fi projelerle dar gelirli yurtta\u015flar\u0131n yan\u0131nda olmaya devam ediyor. Gelir da\u011f\u0131l\u0131m\u0131ndaki adaletsizli\u011fi \u00f6nlemek ad\u0131na \u015fimdiye kadar onlarca projeyi Mersinlilerin hizmetine sunan Mersin B\u00fcy\u00fck\u015fehir Belediye Ba\u015fkan\u0131 Vahap Se\u00e7er, \u015fimdi de se\u00e7im \u00f6ncesi vaatleri aras\u0131nda bulunan&nbsp;<strong>Sosyal<\/strong>&nbsp;<strong>Konut Projesi<\/strong>&#8216;ni hayata ge\u00e7iriyor.<\/p>\n\n\n\n<p>Mersin B\u00fcy\u00fck\u015fehir Belediyesi taraf\u0131ndan, orta ve alt gelir grubundaki yurtta\u015flar\u0131n da ev sahibi olabilmesinin hedeflendi\u011fi proje kapsam\u0131nda ilk etapta Tarsus, Toroslar ve Silifke il\u00e7elerinde konut \u00fcretimi yap\u0131lacak. Tarsus&#8217;ta 352, Toroslar&#8217;da 232 ve Silifke&#8217;de 150 konut \u00fcretecek olan B\u00fcy\u00fck\u015fehir Belediyesi,&nbsp;<strong>Sosyal<\/strong>&nbsp;<strong>Konut Projesi<\/strong>&nbsp;ile e\u015f zamanl\u0131 olarak Akdeniz il\u00e7esinde y\u00fcr\u00fct\u00fclen&nbsp;<strong>Ada Bazl\u0131 Yerinde D\u00f6n\u00fc\u015f\u00fcm<\/strong>&nbsp;<strong>Projesi<\/strong>&nbsp;ile de toplamda 1000 konut \u00fcreterek, orta ve alt grup gelir grubuna mensup vatanda\u015flar\u0131n hem konut edinmelerinin yolunu a\u00e7may\u0131 hem de onlar\u0131n depremlere kar\u015f\u0131 diren\u00e7li yap\u0131larda ya\u015famalar\u0131n\u0131 sa\u011flamay\u0131 hedefliyor.&nbsp;<\/p>\n\n\n\n<p>Ya\u015fan\u0131lan 6 \u015eubat depremlerinin ard\u0131ndan kurulan Afet \u0130\u015fleri Dairesi Ba\u015fkanl\u0131\u011f\u0131 koordinesinde y\u00fcr\u00fct\u00fclen \u00e7al\u0131\u015fmalar kapsam\u0131nda ayr\u0131ca, kentin jeolojik tehlike ve risklerinin belirlendi\u011fi bilimsel teknik bir rapor haz\u0131rland\u0131. Mersin&#8217;i etkileme ihtimali bulunan jeolojik fay hatlar\u0131n\u0131n ve zemin \u00f6zelliklerinin belirlendi\u011fi rapor sonucunda olas\u0131 depremlerin Mersin&#8217;i nas\u0131l etkileyece\u011fine dair \u00e7al\u0131\u015fmalar y\u00fcr\u00fcten ekipler, bu \u00e7al\u0131\u015fmalar neticesinde de Mersin Deprem Sak\u0131n\u0131m Stratejik Eylem Plan\u0131&#8217;n\u0131 haz\u0131rlad\u0131.<\/p>\n\n\n\n<p>Plan \u00e7er\u00e7evesinde Erdemli, Toroslar, Akdeniz, Yeni\u015fehir, Mezitli ve Tarsus&#8217;un zemin \u00f6zelliklerini inceleyerek s\u0131v\u0131la\u015fma riski bulunan alanlar tespit edilirken, yine ayn\u0131 il\u00e7elerin yap\u0131 sto\u011fuyla ilgili de yap\u0131ld\u0131klar\u0131 y\u0131llar\u0131 ve tabi olduklar\u0131 y\u00f6netmelikleri baz alarak bir makro b\u00f6lgelendirme \u00e7al\u0131\u015fmas\u0131 ger\u00e7ekle\u015ftirildi. Bu makro belgelendirme \u00e7al\u0131\u015fmas\u0131 kapsam\u0131nda s\u00f6z konusu 6 il\u00e7ede 5 ile 20 d\u00f6n\u00fcm aras\u0131nda de\u011fi\u015fen toplam 64 tane makro d\u00f6n\u00fc\u015f\u00fcm alan\u0131 belirleyen B\u00fcy\u00fck\u015fehir ekipleri, bu alanlarda ada bazl\u0131 yerinde d\u00f6n\u00fc\u015f\u00fcm \u00e7al\u0131\u015fmalar\u0131n\u0131 (Akdeniz il\u00e7esi) h\u0131zla s\u00fcrd\u00fcr\u00fcyor.<\/p>\n","protected":false},"excerpt":{"rendered":"<p>Mersin B\u00fcy\u00fck\u015fehir Belediye Ba\u015fkan\u0131 Vahap Se\u00e7er, hayata ge\u00e7irdi\u011fi projelerle dar gelirli yurtta\u015flar\u0131n yan\u0131nda olmaya devam ediyor. Gelir da\u011f\u0131l\u0131m\u0131ndaki adaletsizli\u011fi \u00f6nlemek ad\u0131na \u015fimdiye kadar onlarca projeyi Mersinlilerin hizmetine sunan Mersin B\u00fcy\u00fck\u015fehir Belediye Ba\u015fkan\u0131 Vahap Se\u00e7er, \u015fimdi de se\u00e7im \u00f6ncesi vaatleri aras\u0131nda bulunan&nbsp;Sosyal&nbsp;Konut Projesi&#8216;ni hayata ge\u00e7iriyor. Mersin B\u00fcy\u00fck\u015fehir Belediyesi taraf\u0131ndan, orta ve alt gelir grubundaki yurtta\u015flar\u0131n da [&hellip;]<\/p>\n","protected":false},"author":2,"featured_media":39685,"comment_status":"closed","ping_status":"closed","sticky":false,"template":"","format":"standard","meta":{"footnotes":""},"categories":[34,3,5],"tags":[],"class_list":["post-39684","post","type-post","status-publish","format-standard","has-post-thumbnail","hentry","category-flas-haber","category-manset","category-mersin"],"views":8,"_links":{"self":[{"href":"https:\/\/mersinkadingazetesi.com\/index.php?rest_route=\/wp\/v2\/posts\/39684"}],"collection":[{"href":"https:\/\/mersinkadingazetesi.com\/index.php?rest_route=\/wp\/v2\/posts"}],"about":[{"href":"https:\/\/mersinkadingazetesi.com\/index.php?rest_route=\/wp\/v2\/types\/post"}],"author":[{"embeddable":true,"href":"https:\/\/mersinkadingazetesi.com\/index.php?rest_route=\/wp\/v2\/users\/2"}],"replies":[{"embeddable":true,"href":"https:\/\/mersinkadingazetesi.com\/index.php?rest_route=%2Fwp%2Fv2%2Fcomments&post=39684"}],"version-history":[{"count":1,"href":"https:\/\/mersinkadingazetesi.com\/index.php?rest_route=\/wp\/v2\/posts\/39684\/revisions"}],"predecessor-version":[{"id":39686,"href":"https:\/\/mersinkadingazetesi.com\/index.php?rest_route=\/wp\/v2\/posts\/39684\/revisions\/39686"}],"wp:featuredmedia":[{"embeddable":true,"href":"https:\/\/mersinkadingazetesi.com\/index.php?rest_route=\/wp\/v2\/media\/39685"}],"wp:attachment":[{"href":"https:\/\/mersinkadingazetesi.com\/index.php?rest_route=%2Fwp%2Fv2%2Fmedia&parent=39684"}],"wp:term":[{"taxonomy":"category","embeddable":true,"href":"https:\/\/mersinkadingazetesi.com\/index.php?rest_route=%2Fwp%2Fv2%2Fcategories&post=39684"},{"taxonomy":"post_tag","embeddable":true,"href":"https:\/\/mersinkadingazetesi.com\/index.php?rest_route=%2Fwp%2Fv2%2Ftags&post=39684"}],"curies":[{"name":"wp","href":"https:\/\/api.w.org\/{rel}","templated":true}]}}