{"id":39691,"date":"2025-02-14T11:24:32","date_gmt":"2025-02-14T08:24:32","guid":{"rendered":"https:\/\/mersinkadingazetesi.com\/?p=39691"},"modified":"2025-02-14T11:24:33","modified_gmt":"2025-02-14T08:24:33","slug":"berat-kandilinde-buyuksehir-15-bin-kandil-simidi-dagitti","status":"publish","type":"post","link":"https:\/\/mersinkadingazetesi.com\/?p=39691","title":{"rendered":"BERAT KAND\u0130L\u0130&#8217;NDE B\u00dcY\u00dcK\u015eEH\u0130R 15 B\u0130N KAND\u0130L S\u0130M\u0130D\u0130 DA\u011eITTI"},"content":{"rendered":"\n<p>Mersin B\u00fcy\u00fck\u015fehir Belediyesi, her kandilde oldu\u011fu gibi Berat Kandili&#8217;nde de vatanda\u015flara kandil simidi ikram\u0131nda bulundu. 13 il\u00e7ede 36 farkl\u0131 noktada kurulan stantlarda e\u015f zamanl\u0131 yap\u0131lan da\u011f\u0131t\u0131mlarda, toplam 15 bin kandil simidi vatanda\u015flara ikram edildi.<\/p>\n\n\n\n<p><strong>Gelenekler, kandil simidi ikramlar\u0131yla s\u00fcrd\u00fcr\u00fcl\u00fcyor<\/strong><\/p>\n\n\n\n<p>Sevgi, sayg\u0131, ho\u015fg\u00f6r\u00fc, birlik ve beraberli\u011fin en g\u00fczel ya\u015fand\u0131\u011f\u0131 g\u00fcnlerden olan kandilleri hat\u0131rlatmak ve gelenekleri ya\u015fatmak i\u00e7in \u00e7al\u0131\u015fmalar\u0131n\u0131 s\u00fcrd\u00fcren Mersin B\u00fcy\u00fck\u015fehir Belediyesi; camiler ba\u015fta olmak \u00fczere, kentte vatanda\u015f sirk\u00fclasyonunun yo\u011fun oldu\u011fu alanlarda kurdu\u011fu stantlarda kandil simidi da\u011f\u0131t\u0131m\u0131 ger\u00e7ekle\u015ftirdi.<\/p>\n\n\n\n<p>Vatanda\u015flar\u0131n memnuniyetle kar\u015f\u0131lad\u0131\u011f\u0131 kandil simidi da\u011f\u0131tma etkinli\u011finde, kent genelinde 15 bin adet kandil simidi da\u011f\u0131t\u0131ld\u0131. Ekipler simitleri ikram ederken, vatanda\u015flar\u0131n kandilini de kutlad\u0131.<\/p>\n\n\n\n<p><strong>Bayraktar: &#8220;Kent genelinde 36 noktada 15 bin kandil simidi da\u011f\u0131tt\u0131k&#8221;&nbsp;<\/strong><\/p>\n\n\n\n<p>Mersin B\u00fcy\u00fck\u015fehir Belediyesi Sosyal Hizmetler Dairesi Ba\u015fkanl\u0131\u011f\u0131&#8217;nda g\u00f6rev yapan Ba\u015fak G\u00f6kdal Bayraktar,&nbsp;<strong>&#8220;B\u00fcy\u00fck\u015fehir Belediyesi olarak manevi duygular\u0131m\u0131z\u0131 korumak ve sosyal dayan\u0131\u015fmay\u0131 sa\u011flamak amac\u0131yla, her y\u0131l kandil g\u00fcnleri kapsam\u0131nda kandil simidi da\u011f\u0131t\u0131m\u0131 ger\u00e7ekle\u015ftiriyoruz. Yine ayn\u0131 \u015fekilde, Berat Kandili olmas\u0131 sebebiyle t\u00fcm il\u00e7elerde 36 farkl\u0131 noktada, 15 bin adet kandil simidi da\u011f\u0131t\u0131m\u0131 ger\u00e7ekle\u015ftirdik. Bu vesileyle t\u00fcm vatanda\u015flar\u0131m\u0131z\u0131n kandilini kutlar; bereket, sa\u011fl\u0131k ve huzur dileriz&#8221;<\/strong>&nbsp;dedi.<\/p>\n","protected":false},"excerpt":{"rendered":"<p>Mersin B\u00fcy\u00fck\u015fehir Belediyesi, her kandilde oldu\u011fu gibi Berat Kandili&#8217;nde de vatanda\u015flara kandil simidi ikram\u0131nda bulundu. 13 il\u00e7ede 36 farkl\u0131 noktada kurulan stantlarda e\u015f zamanl\u0131 yap\u0131lan da\u011f\u0131t\u0131mlarda, toplam 15 bin kandil simidi vatanda\u015flara ikram edildi. Gelenekler, kandil simidi ikramlar\u0131yla s\u00fcrd\u00fcr\u00fcl\u00fcyor Sevgi, sayg\u0131, ho\u015fg\u00f6r\u00fc, birlik ve beraberli\u011fin en g\u00fczel ya\u015fand\u0131\u011f\u0131 g\u00fcnlerden olan kandilleri hat\u0131rlatmak ve gelenekleri ya\u015fatmak [&hellip;]<\/p>\n","protected":false},"author":2,"featured_media":39692,"comment_status":"closed","ping_status":"closed","sticky":false,"template":"","format":"standard","meta":{"footnotes":""},"categories":[3],"tags":[],"class_list":["post-39691","post","type-post","status-publish","format-standard","has-post-thumbnail","hentry","category-manset"],"views":8,"_links":{"self":[{"href":"https:\/\/mersinkadingazetesi.com\/index.php?rest_route=\/wp\/v2\/posts\/39691"}],"collection":[{"href":"https:\/\/mersinkadingazetesi.com\/index.php?rest_route=\/wp\/v2\/posts"}],"about":[{"href":"https:\/\/mersinkadingazetesi.com\/index.php?rest_route=\/wp\/v2\/types\/post"}],"author":[{"embeddable":true,"href":"https:\/\/mersinkadingazetesi.com\/index.php?rest_route=\/wp\/v2\/users\/2"}],"replies":[{"embeddable":true,"href":"https:\/\/mersinkadingazetesi.com\/index.php?rest_route=%2Fwp%2Fv2%2Fcomments&post=39691"}],"version-history":[{"count":1,"href":"https:\/\/mersinkadingazetesi.com\/index.php?rest_route=\/wp\/v2\/posts\/39691\/revisions"}],"predecessor-version":[{"id":39693,"href":"https:\/\/mersinkadingazetesi.com\/index.php?rest_route=\/wp\/v2\/posts\/39691\/revisions\/39693"}],"wp:featuredmedia":[{"embeddable":true,"href":"https:\/\/mersinkadingazetesi.com\/index.php?rest_route=\/wp\/v2\/media\/39692"}],"wp:attachment":[{"href":"https:\/\/mersinkadingazetesi.com\/index.php?rest_route=%2Fwp%2Fv2%2Fmedia&parent=39691"}],"wp:term":[{"taxonomy":"category","embeddable":true,"href":"https:\/\/mersinkadingazetesi.com\/index.php?rest_route=%2Fwp%2Fv2%2Fcategories&post=39691"},{"taxonomy":"post_tag","embeddable":true,"href":"https:\/\/mersinkadingazetesi.com\/index.php?rest_route=%2Fwp%2Fv2%2Ftags&post=39691"}],"curies":[{"name":"wp","href":"https:\/\/api.w.org\/{rel}","templated":true}]}}