{"id":39694,"date":"2025-02-14T11:26:38","date_gmt":"2025-02-14T08:26:38","guid":{"rendered":"https:\/\/mersinkadingazetesi.com\/?p=39694"},"modified":"2025-02-14T11:26:39","modified_gmt":"2025-02-14T08:26:39","slug":"buyuksehir-ile-yollar-hep-acik","status":"publish","type":"post","link":"https:\/\/mersinkadingazetesi.com\/?p=39694","title":{"rendered":"B\u00dcY\u00dcK\u015eEH\u0130R \u0130LE YOLLAR HEP A\u00c7IK"},"content":{"rendered":"\n<p>Mersin B\u00fcy\u00fck\u015fehir Belediyesi ekipleri, kentin y\u00fcksek kesimlerinde etkili olan kar ya\u011f\u0131\u015f\u0131 dolay\u0131s\u0131yla ba\u015flatt\u0131\u011f\u0131 karla m\u00fccadele \u00e7al\u0131\u015fmalar\u0131n\u0131 etkin bir \u015fekilde s\u00fcrd\u00fcrmeye devam ediyor. Mersin B\u00fcy\u00fck\u015fehir Belediyesi Muhtarl\u0131k \u0130\u015fleri Dairesi Ba\u015fkanl\u0131\u011f\u0131 ile Yol Yap\u0131m Bak\u0131m ve Onar\u0131m Dairesi Ba\u015fkanl\u0131\u011f\u0131&#8217;na ba\u011fl\u0131 karla m\u00fccadele ekipleri, kar ya\u011f\u0131\u015f\u0131 dolay\u0131s\u0131yla ya\u015fanabilecek olumsuzluklar\u0131n da \u00f6n\u00fcne ge\u00e7iyor.<\/p>\n\n\n\n<p><strong>Ekipler, karla m\u00fccadelede canla ba\u015fla \u00e7al\u0131\u015ft\u0131<\/strong><\/p>\n\n\n\n<p>Karla m\u00fccadele konusunda canla ba\u015fla \u00e7al\u0131\u015fan ekipler; Erdemli, Silifke, Tarsus, \u00c7aml\u0131yayla, Mut, G\u00fclnar, Mezitli ve Toroslar il\u00e7eleri olmak \u00fczere toplam 8 il\u00e7ede 42 ara\u00e7 ve 62 personel ile y\u00fcr\u00fctt\u00fc\u011f\u00fc karla m\u00fccadele \u00e7al\u0131\u015fmalar\u0131na h\u0131zla devam ediyor. Greyder, kar k\u00fcreme ve tuzlama arac\u0131, servis ve ikmal arac\u0131, kaz\u0131c\u0131 y\u00fckleyici ve lastikli ekskavat\u00f6r ile \u00e7al\u0131\u015fmalar\u0131n\u0131 etkin bir \u015fekilde y\u00fcr\u00fcten ekipler, il\u00e7elerde kapanan yollar\u0131 a\u00e7\u0131p, vatanda\u015flar\u0131n ma\u011fduriyetlerini \u00f6nlemenin yan\u0131 s\u0131ra, olas\u0131 yol kapanmalar\u0131na kar\u015f\u0131 da sahada \u00e7al\u0131\u015fmalar\u0131n\u0131 s\u00fcrd\u00fcrmeye devam ediyor. Ekipler, Teksin \u00fczerinden gelen vatanda\u015f ihbarlar\u0131na da an\u0131nda d\u00f6nerek m\u00fcdahale ediyor.<\/p>\n\n\n\n<p><strong>B\u00fcy\u00fck\u015fehir ekiplerinden toplam 8 il\u00e7ede etkin \u00e7al\u0131\u015fma<\/strong><\/p>\n\n\n\n<p>Erdemli \u0130l\u00e7esi&#8217;nde; Hac\u0131alan\u0131, Ayd\u0131nlar, Ya\u011fda, Sorgun mahalleleri ile Tapureli-Albeyli-Elbeyli-Ya\u011fda-Harfilli grup yolu, Sorgun yolu, Sar\u0131kaya-K\u0131z\u0131len-Albeyli Grup Yolu, K\u0131z\u0131len-K\u00fcst\u00fcll\u00fc Ba\u011flant\u0131 Yolu, K\u00fcst\u00fcll\u00fc-H\u00fcsametli yolu ula\u015f\u0131ma a\u00e7\u0131lm\u0131\u015f olup, \u00e7al\u0131\u015fmalara da devam ediyor. Ekipler ayr\u0131ca; Mut \u0130l\u00e7esi&#8217;nde ise Kozlar-\u00c7ivi yaylas\u0131 aras\u0131, Da\u011fpazar\u0131-\u00c7ivi-Ball\u0131 grup yolu, Kavak\u00f6z\u00fc, Demirkap\u0131, G\u00fcme mahalleleri ile G\u00fcldere yolunda da \u00e7al\u0131\u015fmalar\u0131n\u0131 tamamlad\u0131.<\/p>\n\n\n\n<p>Ekipler, Toroslar \u0130l\u00e7esi&#8217;nde ise Arslank\u00f6y, T\u0131rtar, De\u011fnek, Alanyal\u0131, De\u011firmendere, Atl\u0131lar, Y\u00fcksekoluk,&nbsp;&nbsp;Ayvagedigi, G\u00fczelyayla, \u00c7a\u011flarca mahalleri ile Hangedi\u011fi yaylas\u0131nda \u00e7al\u0131\u015fmalar\u0131n\u0131 y\u00fcr\u00fctmenin yan\u0131 s\u0131ra; Mezitli \u0130l\u00e7esi&#8217;nde Demir\u0131\u015f\u0131k, F\u0131nd\u0131kp\u0131nar\u0131 ve Tepek\u00f6y mahallelerinde \u00e7al\u0131\u015fma y\u00fcr\u00fctt\u00fc.&nbsp;<\/p>\n\n\n\n<p>Silifke \u0130l\u00e7esi&#8217;nde ise Uzuncabur\u00e7, \u00d6renk\u00f6y, Seydili, \u015eahmurlu, K\u0131z\u0131lge\u00e7it, Kocaoluk, \u00c7atak mahalleleri ile Mara yaylas\u0131nda etkin m\u00fccadele eden ekipler; G\u00fclnar \u0130l\u00e7esi&#8217;nde de Bereket, \u0130shaklar, \u00dc\u00e7oluk, Bolyaran, Yarmasu ve K\u00f6se\u00e7obanl\u0131 mahallerinde \u00e7al\u0131\u015fmalar\u0131n\u0131 y\u00fcr\u00fctt\u00fc. Ekipler ayr\u0131ca Tarsus ve \u00c7aml\u0131yayla&#8217;n\u0131n y\u00fcksek kesimlerinde de karla m\u00fccadelesi \u00e7al\u0131\u015fmas\u0131 ger\u00e7ekle\u015ftirdi.&nbsp;<\/p>\n","protected":false},"excerpt":{"rendered":"<p>Mersin B\u00fcy\u00fck\u015fehir Belediyesi ekipleri, kentin y\u00fcksek kesimlerinde etkili olan kar ya\u011f\u0131\u015f\u0131 dolay\u0131s\u0131yla ba\u015flatt\u0131\u011f\u0131 karla m\u00fccadele \u00e7al\u0131\u015fmalar\u0131n\u0131 etkin bir \u015fekilde s\u00fcrd\u00fcrmeye devam ediyor. Mersin B\u00fcy\u00fck\u015fehir Belediyesi Muhtarl\u0131k \u0130\u015fleri Dairesi Ba\u015fkanl\u0131\u011f\u0131 ile Yol Yap\u0131m Bak\u0131m ve Onar\u0131m Dairesi Ba\u015fkanl\u0131\u011f\u0131&#8217;na ba\u011fl\u0131 karla m\u00fccadele ekipleri, kar ya\u011f\u0131\u015f\u0131 dolay\u0131s\u0131yla ya\u015fanabilecek olumsuzluklar\u0131n da \u00f6n\u00fcne ge\u00e7iyor. Ekipler, karla m\u00fccadelede canla ba\u015fla \u00e7al\u0131\u015ft\u0131 [&hellip;]<\/p>\n","protected":false},"author":2,"featured_media":39695,"comment_status":"closed","ping_status":"closed","sticky":false,"template":"","format":"standard","meta":{"footnotes":""},"categories":[3,9],"tags":[],"class_list":["post-39694","post","type-post","status-publish","format-standard","has-post-thumbnail","hentry","category-manset","category-saglik"],"views":6,"_links":{"self":[{"href":"https:\/\/mersinkadingazetesi.com\/index.php?rest_route=\/wp\/v2\/posts\/39694"}],"collection":[{"href":"https:\/\/mersinkadingazetesi.com\/index.php?rest_route=\/wp\/v2\/posts"}],"about":[{"href":"https:\/\/mersinkadingazetesi.com\/index.php?rest_route=\/wp\/v2\/types\/post"}],"author":[{"embeddable":true,"href":"https:\/\/mersinkadingazetesi.com\/index.php?rest_route=\/wp\/v2\/users\/2"}],"replies":[{"embeddable":true,"href":"https:\/\/mersinkadingazetesi.com\/index.php?rest_route=%2Fwp%2Fv2%2Fcomments&post=39694"}],"version-history":[{"count":1,"href":"https:\/\/mersinkadingazetesi.com\/index.php?rest_route=\/wp\/v2\/posts\/39694\/revisions"}],"predecessor-version":[{"id":39696,"href":"https:\/\/mersinkadingazetesi.com\/index.php?rest_route=\/wp\/v2\/posts\/39694\/revisions\/39696"}],"wp:featuredmedia":[{"embeddable":true,"href":"https:\/\/mersinkadingazetesi.com\/index.php?rest_route=\/wp\/v2\/media\/39695"}],"wp:attachment":[{"href":"https:\/\/mersinkadingazetesi.com\/index.php?rest_route=%2Fwp%2Fv2%2Fmedia&parent=39694"}],"wp:term":[{"taxonomy":"category","embeddable":true,"href":"https:\/\/mersinkadingazetesi.com\/index.php?rest_route=%2Fwp%2Fv2%2Fcategories&post=39694"},{"taxonomy":"post_tag","embeddable":true,"href":"https:\/\/mersinkadingazetesi.com\/index.php?rest_route=%2Fwp%2Fv2%2Ftags&post=39694"}],"curies":[{"name":"wp","href":"https:\/\/api.w.org\/{rel}","templated":true}]}}