{"id":39703,"date":"2025-02-14T11:31:30","date_gmt":"2025-02-14T08:31:30","guid":{"rendered":"https:\/\/mersinkadingazetesi.com\/?p=39703"},"modified":"2025-02-14T11:31:31","modified_gmt":"2025-02-14T08:31:31","slug":"cocuk-haklarindan-akran-egitimi","status":"publish","type":"post","link":"https:\/\/mersinkadingazetesi.com\/?p=39703","title":{"rendered":"\u00c7OCUK HAKLARINDAN AKRAN E\u011e\u0130T\u0130M\u0130"},"content":{"rendered":"\n<p>Aile ve Sosyal Hizmetler il m\u00fcd\u00fcrl\u00fc\u011f\u00fc b\u00fcnyesinde faaliyet g\u00f6steren \u00c7ocuk haklar\u0131 \u00e7ocuk komitesi \u00c7ocuklar\u0131na akran e\u011fitimi, akran zorbal\u0131\u011f\u0131 konular\u0131nda e\u011fitim verildi.<\/p>\n\n\n\n<p>Sosyal hizmet uzman\u0131 Dilek Erol taraf\u0131ndan verilen e\u011fitimlerde \u00e7ocuklara el becerileri ve el hareketleriyle de e\u011fitim zenginle\u015ftirildi<\/p>\n\n\n\n<p>\u0130l \u00c7ocuk Haklar\u0131 koordinat\u00f6r\u00fc Mustafa Sar\u0131, &#8220;\u00c7ocuklar\u0131m\u0131z\u0131n sosyal gelisimine katk\u0131 sa\u011flayacak e\u011fitimlere h\u0131z vermekteyiz.&nbsp;\u00d6zellikle \u00e7ocuklar\u0131m\u0131z\u0131n rehberlik ve ders d\u0131\u015f\u0131 zamanlar\u0131nda e\u011fitim materyallerimizle&nbsp;birlikte oluyoruz. \u00d6nemli olan gen\u00e7 kulaklar\u0131m\u0131z\u0131n ki\u015fisel geli\u015fimlerine katk\u0131 vermek onlar\u0131n sa\u011fl\u0131kl\u0131 bireyler olmas\u0131n\u0131 sa\u011flamakt\u0131r.&#8221; dedi.<\/p>\n\n\n\n<p>\u00c7ocuklar e\u011fitim sonras\u0131nda \u00f6\u011fretmenleri Atat\u00fcrk Evi \u00f6n\u00fcnde foto\u011fraf \u00e7ektirdiler.<\/p>\n","protected":false},"excerpt":{"rendered":"<p>Aile ve Sosyal Hizmetler il m\u00fcd\u00fcrl\u00fc\u011f\u00fc b\u00fcnyesinde faaliyet g\u00f6steren \u00c7ocuk haklar\u0131 \u00e7ocuk komitesi \u00c7ocuklar\u0131na akran e\u011fitimi, akran zorbal\u0131\u011f\u0131 konular\u0131nda e\u011fitim verildi. Sosyal hizmet uzman\u0131 Dilek Erol taraf\u0131ndan verilen e\u011fitimlerde \u00e7ocuklara el becerileri ve el hareketleriyle de e\u011fitim zenginle\u015ftirildi \u0130l \u00c7ocuk Haklar\u0131 koordinat\u00f6r\u00fc Mustafa Sar\u0131, &#8220;\u00c7ocuklar\u0131m\u0131z\u0131n sosyal gelisimine katk\u0131 sa\u011flayacak e\u011fitimlere h\u0131z vermekteyiz.&nbsp;\u00d6zellikle \u00e7ocuklar\u0131m\u0131z\u0131n rehberlik ve [&hellip;]<\/p>\n","protected":false},"author":2,"featured_media":39704,"comment_status":"closed","ping_status":"closed","sticky":false,"template":"","format":"standard","meta":{"footnotes":""},"categories":[3],"tags":[],"class_list":["post-39703","post","type-post","status-publish","format-standard","has-post-thumbnail","hentry","category-manset"],"views":7,"_links":{"self":[{"href":"https:\/\/mersinkadingazetesi.com\/index.php?rest_route=\/wp\/v2\/posts\/39703"}],"collection":[{"href":"https:\/\/mersinkadingazetesi.com\/index.php?rest_route=\/wp\/v2\/posts"}],"about":[{"href":"https:\/\/mersinkadingazetesi.com\/index.php?rest_route=\/wp\/v2\/types\/post"}],"author":[{"embeddable":true,"href":"https:\/\/mersinkadingazetesi.com\/index.php?rest_route=\/wp\/v2\/users\/2"}],"replies":[{"embeddable":true,"href":"https:\/\/mersinkadingazetesi.com\/index.php?rest_route=%2Fwp%2Fv2%2Fcomments&post=39703"}],"version-history":[{"count":1,"href":"https:\/\/mersinkadingazetesi.com\/index.php?rest_route=\/wp\/v2\/posts\/39703\/revisions"}],"predecessor-version":[{"id":39705,"href":"https:\/\/mersinkadingazetesi.com\/index.php?rest_route=\/wp\/v2\/posts\/39703\/revisions\/39705"}],"wp:featuredmedia":[{"embeddable":true,"href":"https:\/\/mersinkadingazetesi.com\/index.php?rest_route=\/wp\/v2\/media\/39704"}],"wp:attachment":[{"href":"https:\/\/mersinkadingazetesi.com\/index.php?rest_route=%2Fwp%2Fv2%2Fmedia&parent=39703"}],"wp:term":[{"taxonomy":"category","embeddable":true,"href":"https:\/\/mersinkadingazetesi.com\/index.php?rest_route=%2Fwp%2Fv2%2Fcategories&post=39703"},{"taxonomy":"post_tag","embeddable":true,"href":"https:\/\/mersinkadingazetesi.com\/index.php?rest_route=%2Fwp%2Fv2%2Ftags&post=39703"}],"curies":[{"name":"wp","href":"https:\/\/api.w.org\/{rel}","templated":true}]}}