{"id":39712,"date":"2025-02-14T13:09:43","date_gmt":"2025-02-14T10:09:43","guid":{"rendered":"https:\/\/mersinkadingazetesi.com\/?p=39712"},"modified":"2025-02-14T13:09:43","modified_gmt":"2025-02-14T10:09:43","slug":"yenisehir-belediyesinden-kar-temizleme-ve-yol-acma-calismasi","status":"publish","type":"post","link":"https:\/\/mersinkadingazetesi.com\/?p=39712","title":{"rendered":"Yeni\u015fehir Belediyesinden kar temizleme ve yol a\u00e7ma \u00e7al\u0131\u015fmas\u0131"},"content":{"rendered":"\n<p>Mersin Yeni\u015fehir Belediyesi Fen \u0130\u015fleri M\u00fcd\u00fcrl\u00fc\u011f\u00fc ekipleri, y\u00fcksek rak\u0131ml\u0131 k\u0131rsal mahallelerden De\u011firmen\u00e7ay\u2019da kar temizleme ve yol a\u00e7ma \u00e7al\u0131\u015fmas\u0131 ger\u00e7ekle\u015ftirdi.<\/p>\n\n\n\n<p>Yeni\u015fehir Belediyesi, kentin y\u00fcksek kesimlerde etkili olan kar ya\u011f\u0131\u015f\u0131n\u0131n hayat\u0131 olumsuz etkilememesi ve vatanda\u015flar\u0131n g\u00fcvenli ula\u015f\u0131m\u0131n\u0131 sa\u011flamak amac\u0131yla \u00e7al\u0131\u015fmalar\u0131n\u0131 s\u00fcrd\u00fcrd\u00fc. Etkili olan kar ya\u011f\u0131\u015f\u0131 nedeniyle kar kal\u0131nl\u0131\u011f\u0131n\u0131n yer yer 30-40 santimetreye ula\u015ft\u0131\u011f\u0131 y\u00fcksek rak\u0131ml\u0131 De\u011firmen\u00e7ay Mahallesi\u2019nde yol a\u00e7ma \u00e7al\u0131\u015fmas\u0131 ger\u00e7ekle\u015ftiren Yeni\u015fehir Belediyesi, vatanda\u015flar\u0131n herhangi bir olumsuzluk ya\u015famamas\u0131 i\u00e7in teyakkuza ge\u00e7ti. Greyder ve kep\u00e7elerle yol a\u00e7ma \u00e7al\u0131\u015fmas\u0131 yapan Yeni\u015fehir Belediyesi ekipleri kapanan yollar\u0131 k\u0131sa s\u00fcrede a\u00e7arak, b\u00f6lgede g\u00fcnl\u00fck ula\u015f\u0131m\u0131 g\u00fcvenli hale getirdi.<\/p>\n","protected":false},"excerpt":{"rendered":"<p>Mersin Yeni\u015fehir Belediyesi Fen \u0130\u015fleri M\u00fcd\u00fcrl\u00fc\u011f\u00fc ekipleri, y\u00fcksek rak\u0131ml\u0131 k\u0131rsal mahallelerden De\u011firmen\u00e7ay\u2019da kar temizleme ve yol a\u00e7ma \u00e7al\u0131\u015fmas\u0131 ger\u00e7ekle\u015ftirdi. Yeni\u015fehir Belediyesi, kentin y\u00fcksek kesimlerde etkili olan kar ya\u011f\u0131\u015f\u0131n\u0131n hayat\u0131 olumsuz etkilememesi ve vatanda\u015flar\u0131n g\u00fcvenli ula\u015f\u0131m\u0131n\u0131 sa\u011flamak amac\u0131yla \u00e7al\u0131\u015fmalar\u0131n\u0131 s\u00fcrd\u00fcrd\u00fc. Etkili olan kar ya\u011f\u0131\u015f\u0131 nedeniyle kar kal\u0131nl\u0131\u011f\u0131n\u0131n yer yer 30-40 santimetreye ula\u015ft\u0131\u011f\u0131 y\u00fcksek rak\u0131ml\u0131 De\u011firmen\u00e7ay Mahallesi\u2019nde [&hellip;]<\/p>\n","protected":false},"author":2,"featured_media":39713,"comment_status":"closed","ping_status":"closed","sticky":false,"template":"","format":"standard","meta":{"footnotes":""},"categories":[3],"tags":[],"class_list":["post-39712","post","type-post","status-publish","format-standard","has-post-thumbnail","hentry","category-manset"],"views":10,"_links":{"self":[{"href":"https:\/\/mersinkadingazetesi.com\/index.php?rest_route=\/wp\/v2\/posts\/39712"}],"collection":[{"href":"https:\/\/mersinkadingazetesi.com\/index.php?rest_route=\/wp\/v2\/posts"}],"about":[{"href":"https:\/\/mersinkadingazetesi.com\/index.php?rest_route=\/wp\/v2\/types\/post"}],"author":[{"embeddable":true,"href":"https:\/\/mersinkadingazetesi.com\/index.php?rest_route=\/wp\/v2\/users\/2"}],"replies":[{"embeddable":true,"href":"https:\/\/mersinkadingazetesi.com\/index.php?rest_route=%2Fwp%2Fv2%2Fcomments&post=39712"}],"version-history":[{"count":1,"href":"https:\/\/mersinkadingazetesi.com\/index.php?rest_route=\/wp\/v2\/posts\/39712\/revisions"}],"predecessor-version":[{"id":39714,"href":"https:\/\/mersinkadingazetesi.com\/index.php?rest_route=\/wp\/v2\/posts\/39712\/revisions\/39714"}],"wp:featuredmedia":[{"embeddable":true,"href":"https:\/\/mersinkadingazetesi.com\/index.php?rest_route=\/wp\/v2\/media\/39713"}],"wp:attachment":[{"href":"https:\/\/mersinkadingazetesi.com\/index.php?rest_route=%2Fwp%2Fv2%2Fmedia&parent=39712"}],"wp:term":[{"taxonomy":"category","embeddable":true,"href":"https:\/\/mersinkadingazetesi.com\/index.php?rest_route=%2Fwp%2Fv2%2Fcategories&post=39712"},{"taxonomy":"post_tag","embeddable":true,"href":"https:\/\/mersinkadingazetesi.com\/index.php?rest_route=%2Fwp%2Fv2%2Ftags&post=39712"}],"curies":[{"name":"wp","href":"https:\/\/api.w.org\/{rel}","templated":true}]}}