{"id":39715,"date":"2025-02-14T13:22:46","date_gmt":"2025-02-14T10:22:46","guid":{"rendered":"https:\/\/mersinkadingazetesi.com\/?p=39715"},"modified":"2025-02-14T13:22:47","modified_gmt":"2025-02-14T10:22:47","slug":"afgan-isci-ve-pinar-gultekin-davalarini-tbmm-gundemine-tasiyan-ekmen-herkes-icin-adalet-istedi","status":"publish","type":"post","link":"https:\/\/mersinkadingazetesi.com\/?p=39715","title":{"rendered":"AFGAN \u0130\u015e\u00c7\u0130 VE PINAR G\u00dcLTEK\u0130N DAVALARINI TBMM G\u00dcNDEM\u0130NE TA\u015eIYAN EKMEN: HERKES \u0130\u00c7\u0130N ADALET \u0130STED\u0130"},"content":{"rendered":"\n<p><strong>DEVA Partisi Genel Ba\u015fkan Yard\u0131mc\u0131s\u0131 Mehmet Emin Ekmen, yarg\u0131 sisteminde ya\u015fanan sorunlarla ilgili TBMM Genel Kurulu&#8217;nda konu\u015ftu. <\/strong><strong><\/strong><\/p>\n\n\n\n<p><strong>Cumhurba\u015fkan\u0131 Erdo\u011fan taraf\u0131ndan yarg\u0131 reform paketlerinin a\u00e7\u0131klanmas\u0131na ra\u011fmen sorunlara \u00e7\u00f6z\u00fcm bulunmad\u0131\u011f\u0131n\u0131 s<\/strong><strong>\u00f6<\/strong><strong>yleyen Ekmen, adaletin sa\u011flanmas\u0131 i\u00e7in her bir olayda adalete ihtiya\u00e7 duyuldu\u011funa vurgu yapt\u0131. Ekmen, m\u00fclteci cinayetleri ve kad\u0131n cinayetleri gibi vahim olaylarda yarg\u0131n\u0131n duyars\u0131z kalmamas\u0131 gerekti\u011fini belirterek, <\/strong><strong>\u201c<\/strong><strong>kad\u0131n cinayetlerinde haks\u0131z tahrik, iyi h\u00e2l ve benzeri indirimlerle \u00e2deta \u015fiddeti te\u015fvik eden uygulamalara kar\u015f\u0131 bu dava tiplerinde gerekirse yasal olarak ortadan kald\u0131r\u0131lmas\u0131n\u0131 talep ediyoruz\u201d dedi.<\/strong><strong><\/strong><\/p>\n\n\n\n<p>DEVA Partisi Genel Ba\u015fkan Yard\u0131mc\u0131s\u0131 ve Mersin Milletvekili Mehmet Emin Ekmen, yarg\u0131 sisteminin ya\u015fad\u0131\u011f\u0131 sorunlarla ilgili T\u00fcrkiye B\u00fcy\u00fck Millet Meclisi\u2019nde (TBMM) de\u011ferlendirmelerde bulundu. TBMM Genel Kurulu\u2019nda konu\u015fan Ekmen, P\u0131nar G\u00fcltekin&#8217;i katleden Cemal Metin Avc\u0131 hakk\u0131nda verilen a\u011f\u0131rla\u015ft\u0131r\u0131lm\u0131\u015f m\u00fcebbet hapis cezas\u0131 Yarg\u0131tay taraf\u0131ndan bozulmas\u0131na tepki g\u00f6sterirken, Zonguldak&#8217;ta, \u00e7al\u0131\u015ft\u0131\u011f\u0131 ruhsats\u0131z maden oca\u011f\u0131nda fenala\u015fan ve daha sonra ormanda yak\u0131lm\u0131\u015f halde cesedi bulunan Afganistan uyruklu Mohammad Nourtani&#8217;nin ya\u015fad\u0131\u011f\u0131 vah\u015fi olay\u0131 hat\u0131rlatt\u0131. &nbsp;<\/p>\n\n\n\n<p><strong>B<\/strong><strong>\u00dc<\/strong><strong>Y<\/strong><strong>\u00dcK S<\/strong><strong>\u00d6<\/strong><strong>ZLERDEN <\/strong><strong>\u00d6<\/strong><strong>NCE K<\/strong><strong>\u00dc\u00c7\u00dcK OLAYLARDA ADALETE \u0130HT\u0130YA\u00c7 <\/strong><strong>VAR!<\/strong><strong><\/strong><\/p>\n\n\n\n<p>Yarg\u0131sal reform paketlerinin a\u00e7\u0131klanmas\u0131na ra\u011fmen sorunlara \u00e7\u00f6z\u00fcm bulunmad\u0131\u011f\u0131n\u0131 s\u00f6yleyen Ekmen, \u201cG\u00fcn ge\u00e7miyor ki bir yarg\u0131sal fecaatle kar\u015f\u0131 kar\u015f\u0131ya kalmayal\u0131m. Say\u0131n Cumhurba\u015fkan\u0131 Yarg\u0131 Reformu Stratejisi&#8217;ni a\u00e7\u0131klad\u0131 ama bizim b\u00fcy\u00fck b\u00fcy\u00fck s\u00f6zlerden \u00f6nce insanlar\u0131n hayat\u0131n\u0131 alt\u00fcst eden k\u00fc\u00e7\u00fck olaylarda ciddi bir adalete ihtiyac\u0131m\u0131z var\u201d ifadelerini kulland\u0131.<\/p>\n\n\n\n<p><strong>M<\/strong><strong>\u00dcLTEC<\/strong><strong>\u0130 C\u0130NAYET\u0130NDE DUYARSIZLIK OLMAMALI!<\/strong><strong><\/strong><\/p>\n\n\n\n<p>Zonguldak&#8217;ta, \u00e7al\u0131\u015ft\u0131\u011f\u0131 ruhsats\u0131z maden oca\u011f\u0131nda fenala\u015fan ve daha sonra ormanda yak\u0131lm\u0131\u015f halde cesedi bulunan Afganistan uyruklu Mohammad Nourtani&#8217;nin ya\u015fad\u0131\u011f\u0131 vah\u015fi olay\u0131 hat\u0131rlatan Ekmen, \u201cBu konu kamuoyunda b\u00fcy\u00fck bir infial yaratm\u0131\u015ft\u0131. \u0130ddianamede ayn\u0131 \u015fekilde i\u015ftirak h\u00e2linde kasten adam \u00f6ld\u00fcrme su\u00e7undan dava a\u00e7\u0131lm\u0131\u015ft\u0131 ancak ge\u00e7ti\u011fimiz hafta esas hakk\u0131ndaki m\u00fctalaa bilin\u00e7li taksirle adam \u00f6ld\u00fcrme \u00fczerinden verilmi\u015ftir. \u015e\u00fcphesiz, T\u00fcrkiye Cumhuriyeti s\u0131n\u0131rlar\u0131 i\u00e7erisinde ya\u015fayan her bir ki\u015finin can\u0131 bu devletin namusuna emanettir. Ancak \u00e7ok zor \u015fartlarda T\u00fcrkiye&#8217;ye gelmi\u015f, m\u00fclteci h\u00e2line gelmi\u015f ailesinin ve kendisinin hakk\u0131nda vatanda\u015fl\u0131ktan kaynakl\u0131 herhangi bir yasal koruma stat\u00fcs\u00fc dahi olmayan birisinin bu muameleye maruz kalmas\u0131, T\u00fcrk vatanda\u015flar\u0131n\u0131n maruz kald\u0131\u011f\u0131 bir\u00e7ok haks\u0131zl\u0131\u011f\u0131n yan\u0131nda ki\u015finin m\u00fclteci olmas\u0131ndan kaynaklanan bir duyars\u0131zl\u0131k olarak vicdanl\u0131 insanlarda kayg\u0131 ve tepki yaratm\u0131\u015ft\u0131r. Bilerek bir insan\u0131 yakan, yakt\u0131\u011f\u0131 cesedi gizleyen, bunun i\u00e7in b\u00fcy\u00fck bir \u00e7aba sarf eden, \u2018adam\u0131n kimli\u011fi yok, zaten Afgan; yakal\u0131m gitsin\u2019 ve sonra da \u2018yakt\u0131k biz onu\u2019 diye tutanaklara ge\u00e7ecek \u015fekilde beyanlar\u0131 olan bu ki\u015filer hakk\u0131ndaki soru\u015fturman\u0131n bu \u015fekilde tamamlanmamas\u0131 gerekir. \u00dcmit ediyoruz ki yarg\u0131, hakkaniyet ve adalet a\u00e7\u0131s\u0131ndan vazifesini yapar\u201d de\u011ferlendirmesinde bulundu.<\/p>\n\n\n\n<p><strong>\u0130<\/strong><strong>Y<\/strong><strong>\u0130 <\/strong><strong>HAL VE BENZER<\/strong><strong>\u0130 KARARLAR ORTADAN KALDIRILMALI<\/strong><strong><\/strong><\/p>\n\n\n\n<p>Mu\u011fla\u2019da vah\u015fi bir \u015fekilde katledilen P\u0131nar G\u00fcltekin davas\u0131nda Yarg\u0131tay\u2019\u0131n vermi\u015f oldu\u011fu&nbsp; bozma karar\u0131na da tepki g\u00f6steren Ekmen, \u015funlar\u0131 kaydetti; \u201cP\u0131nar G\u00fcltekin davas\u0131 hakk\u0131nda Yarg\u0131tay\u2019\u0131n ilgili dairesinin vermi\u015f oldu\u011fu bozma karar\u0131 infial yaratt\u0131. ba\u015fsavc\u0131l\u0131k itirazda bulundu ama biz art\u0131k neredeyse m\u00fcnferit olmaktan \u00e7\u0131kan bu uygulamalar\u0131n kad\u0131n cinayetleri a\u00e7\u0131s\u0131ndan sistematik sonu\u00e7lar\u0131n\u0131 g\u00f6r\u00fcyoruz. P\u0131nar G\u00fcltekin&#8217;in \u00f6nce bo\u011fulmaya \u00e7al\u0131\u015f\u0131lmas\u0131n\u0131n, cenin pozisyonunda varile konularak yak\u0131lmas\u0131n\u0131n, sonra \u00fczerine beton d\u00f6k\u00fclerek kald\u0131r\u0131lmas\u0131n\u0131n nas\u0131l canavarca hisle i\u015flenen bir fiil de\u011fil de normal bir \u00f6ld\u00fcrme fiili olarak tan\u0131mland\u0131\u011f\u0131n\u0131 anlamakta zorlan\u0131yoruz. Art\u0131k bu kad\u0131n cinayetlerinde yarg\u0131 faaliyetleri ile haks\u0131z tahrik, iyi h\u00e2l ve benzeri kararlarla \u00e2deta \u015fiddeti te\u015fvik eden uygulamalar\u0131n, bu imk\u00e2nlar\u0131n bu dava tiplerinde yasal olarak ortadan kald\u0131r\u0131lmas\u0131n\u0131 talep ediyoruz. belirli dava tiplerinde iyi h\u00e2l ve benzeri uygulamalar\u0131n hatta haks\u0131z tahrik uygulamalar\u0131n\u0131n daha s\u0131k\u0131 bir denetime tabi olmas\u0131 hususunda bir yasama faaliyetine ihtiya\u00e7 varsa bunu yapmam\u0131z gerekti\u011fini d\u00fc\u015f\u00fcn\u00fcyoruz.\u201d<\/p>\n","protected":false},"excerpt":{"rendered":"<p>DEVA Partisi Genel Ba\u015fkan Yard\u0131mc\u0131s\u0131 Mehmet Emin Ekmen, yarg\u0131 sisteminde ya\u015fanan sorunlarla ilgili TBMM Genel Kurulu&#8217;nda konu\u015ftu. Cumhurba\u015fkan\u0131 Erdo\u011fan taraf\u0131ndan yarg\u0131 reform paketlerinin a\u00e7\u0131klanmas\u0131na ra\u011fmen sorunlara \u00e7\u00f6z\u00fcm bulunmad\u0131\u011f\u0131n\u0131 s\u00f6yleyen Ekmen, adaletin sa\u011flanmas\u0131 i\u00e7in her bir olayda adalete ihtiya\u00e7 duyuldu\u011funa vurgu yapt\u0131. Ekmen, m\u00fclteci cinayetleri ve kad\u0131n cinayetleri gibi vahim olaylarda yarg\u0131n\u0131n duyars\u0131z kalmamas\u0131 gerekti\u011fini belirterek, [&hellip;]<\/p>\n","protected":false},"author":2,"featured_media":39585,"comment_status":"closed","ping_status":"closed","sticky":false,"template":"","format":"standard","meta":{"footnotes":""},"categories":[3],"tags":[],"class_list":["post-39715","post","type-post","status-publish","format-standard","has-post-thumbnail","hentry","category-manset"],"views":8,"_links":{"self":[{"href":"https:\/\/mersinkadingazetesi.com\/index.php?rest_route=\/wp\/v2\/posts\/39715"}],"collection":[{"href":"https:\/\/mersinkadingazetesi.com\/index.php?rest_route=\/wp\/v2\/posts"}],"about":[{"href":"https:\/\/mersinkadingazetesi.com\/index.php?rest_route=\/wp\/v2\/types\/post"}],"author":[{"embeddable":true,"href":"https:\/\/mersinkadingazetesi.com\/index.php?rest_route=\/wp\/v2\/users\/2"}],"replies":[{"embeddable":true,"href":"https:\/\/mersinkadingazetesi.com\/index.php?rest_route=%2Fwp%2Fv2%2Fcomments&post=39715"}],"version-history":[{"count":1,"href":"https:\/\/mersinkadingazetesi.com\/index.php?rest_route=\/wp\/v2\/posts\/39715\/revisions"}],"predecessor-version":[{"id":39716,"href":"https:\/\/mersinkadingazetesi.com\/index.php?rest_route=\/wp\/v2\/posts\/39715\/revisions\/39716"}],"wp:featuredmedia":[{"embeddable":true,"href":"https:\/\/mersinkadingazetesi.com\/index.php?rest_route=\/wp\/v2\/media\/39585"}],"wp:attachment":[{"href":"https:\/\/mersinkadingazetesi.com\/index.php?rest_route=%2Fwp%2Fv2%2Fmedia&parent=39715"}],"wp:term":[{"taxonomy":"category","embeddable":true,"href":"https:\/\/mersinkadingazetesi.com\/index.php?rest_route=%2Fwp%2Fv2%2Fcategories&post=39715"},{"taxonomy":"post_tag","embeddable":true,"href":"https:\/\/mersinkadingazetesi.com\/index.php?rest_route=%2Fwp%2Fv2%2Ftags&post=39715"}],"curies":[{"name":"wp","href":"https:\/\/api.w.org\/{rel}","templated":true}]}}