{"id":39717,"date":"2025-02-14T15:25:27","date_gmt":"2025-02-14T12:25:27","guid":{"rendered":"https:\/\/mersinkadingazetesi.com\/?p=39717"},"modified":"2025-02-14T15:25:28","modified_gmt":"2025-02-14T12:25:28","slug":"cumhurbaskani-adayimiz-kim-olursa-onun-etrafinda-butunlesecegiz","status":"publish","type":"post","link":"https:\/\/mersinkadingazetesi.com\/?p=39717","title":{"rendered":"&#8220;CUMHURBA\u015eKANI ADAYIMIZ K\u0130M OLURSA ONUN ETRAFINDA B\u00dcT\u00dcNLE\u015eECE\u011e\u0130Z&#8221;"},"content":{"rendered":"\n<p>Mersin B\u00fcy\u00fck\u015fehir Belediye Ba\u015fkan\u0131 Vahap Se\u00e7er, Halk TV ekranlar\u0131nda yay\u0131nlanan &#8220;\u0130smail K\u00fc\u00e7\u00fckkaya ile Yeni Bir Sabah&#8221; program\u0131n\u0131n canl\u0131 yay\u0131n konu\u011fu oldu. Ba\u015fkan Se\u00e7er yay\u0131nda \u00fclke ve Mersin g\u00fcndemine ili\u015fkin pek \u00e7ok konu hakk\u0131nda yorumlarda bulunurken; cezaevinde tutuklu bulunan belediye ba\u015fkanlar\u0131 ve gazetecileri ziyaretinden, T\u00dcS\u0130AD&#8217;\u0131n yapt\u0131\u011f\u0131 &#8216;Hukukun \u00fcst\u00fcnl\u00fc\u011f\u00fc&#8217; ve &#8216;Her \u015fey yolunda de\u011fil&#8217; de\u011ferlendirmelerine kat\u0131ld\u0131\u011f\u0131na, Cumhuriyet Halk Partisi&#8217;nin (CHP), Cumhurba\u015fkanl\u0131\u011f\u0131 adayl\u0131k form\u00fcl\u00fcne, CHP olarak T\u00fcrkiye&#8217;yi y\u00f6netmeye talip olduklar\u0131na varana kadar pek \u00e7ok konu hakk\u0131nda de\u011ferlendirmeler yapt\u0131. Yay\u0131na ayr\u0131ca Adana B\u00fcy\u00fck\u015fehir Belediye Ba\u015fkan\u0131 Zeydan Karalar da s\u00fcrpriz konuk olarak kat\u0131ld\u0131 ve birlikte \u00fclke g\u00fcndemine ili\u015fkin sohbet ettiler.<\/p>\n\n\n\n<p>Se\u00e7er, T\u00fcrkiye&#8217;de bir kayy\u0131m d\u00f6nemi ya\u015fand\u0131\u011f\u0131na i\u015faret etti<\/p>\n\n\n\n<p>Yay\u0131nda; Ba\u015fkan Se\u00e7er&#8217;in Silivri&#8217;deki Marmara Kapal\u0131 Cezaevi&#8217;nde tutuklu bulunan Esenyurt Belediye Ba\u015fkan\u0131 Ahmet \u00d6zer, Be\u015fikta\u015f Belediye Ba\u015fkan\u0131 R\u0131za Akpolat ve Halk TV Genel Yay\u0131n Y\u00f6netmeni Suat Tokta\u015f&#8217;\u0131 Adana B\u00fcy\u00fck\u015fehir Belediye Ba\u015fkan\u0131 Zeydan Karalar ile ziyaret etmesi ve Ba\u015fkan Se\u00e7er&#8217;in ge\u00e7ti\u011fimiz g\u00fcn de K\u0131r\u015fehir S Tipi Kapal\u0131 Cezaevi&#8217;nde tutuklu bulunan Akdeniz Belediyesi E\u015f Ba\u015fkan\u0131 Ho\u015fyar Sar\u0131y\u0131ld\u0131z&#8217;\u0131 ziyareti hakk\u0131nda konu\u015fuldu. Se\u00e7er, d\u00fcn gece 7 Meclis \u00fcyesi ve 2 belediye ba\u015fkan yard\u0131mc\u0131s\u0131n\u0131n da tutukland\u0131\u011f\u0131na dikkat \u00e7ekerek, T\u00fcrkiye&#8217;de bir kayy\u0131m d\u00f6nemi ya\u015fand\u0131\u011f\u0131na i\u015faret etti. 10 belediyeye kayy\u0131m atand\u0131\u011f\u0131ndan s\u00f6z eden Se\u00e7er, \u00fclke olarak bu durumlar\u0131n daha \u00f6nce de ya\u015fand\u0131\u011f\u0131ndan ancak son d\u00f6nemlerde ayyuka \u00e7\u0131kt\u0131\u011f\u0131ndan bahsederek, &#8220;Biz belediye ba\u015fkanlar\u0131n\u0131n, hatta sizin ya da bir ba\u015fkas\u0131n\u0131n su\u00e7 i\u015fleme \u00f6zg\u00fcrl\u00fc\u011f\u00fcm\u00fcz yok. Ama buradaki endi\u015femiz; hukuk devleti anlay\u0131\u015f\u0131n\u0131n T\u00fcrkiye&#8217;de tahrip edilmi\u015f olmas\u0131, siyasetin yarg\u0131 s\u00fcre\u00e7lerine m\u00fcdahalesi, yarg\u0131lama s\u00fcresinin gecikmesi ve nihayetinde \u00f6zg\u00fcrl\u00fcklerin k\u0131s\u0131tlanmas\u0131. Hepimizin \u00f6zg\u00fcrl\u00fc\u011f\u00fc \u00e7ok \u00f6nemli. Bir insan\u0131n, 1 saniye bile \u00f6zg\u00fcrl\u00fc\u011f\u00fcn\u00fcn k\u0131s\u0131tlanmas\u0131 evrensel anlamda bakt\u0131\u011f\u0131n\u0131z zaman insan haklar\u0131na ayk\u0131r\u0131 bir \u015fey. M\u00fcmk\u00fcn olan en k\u0131sa s\u00fcrede efektif bir \u015fekilde bir yarg\u0131lama s\u00fcrecinin ger\u00e7ekle\u015ftirilmesi gerekir. Tabi ki su\u00e7lu olan\u0131n cezas\u0131 ne ise bunun m\u00fceyyidesinin uygulanmas\u0131 gerekiyor. Ama mesele \u015fu; T\u00fcrkiye&#8217;de acaba ger\u00e7ekten \u015fu anda cezaevinde bulunan Say\u0131n Ba\u015fkanlar\u0131m\u0131z, Meclis \u00fcyelerimiz ya da sanat\u00e7\u0131lar ya da gazeteciler, su\u00e7lu olduklar\u0131 i\u00e7in mi orada bulunuyorlar?&#8221; dedi.<\/p>\n\n\n\n<p>&#8220;M\u00fccadelemiz, daha demokratik bir T\u00fcrkiye&#8217;ye kavu\u015fmak i\u00e7in&#8221;<\/p>\n\n\n\n<p>Demokrasilerde hukukun \u00fcst\u00fcnl\u00fc\u011f\u00fcn\u00fcn hayati \u00f6nem ta\u015f\u0131d\u0131\u011f\u0131na vurgu yapan ve yarg\u0131n\u0131n siyasetin vesayeti alt\u0131nda kalmamas\u0131 gerekti\u011fine dikkat \u00e7eken Se\u00e7er, &#8220;\u0130\u015fte bu tehlikeli. Hukukun olmad\u0131\u011f\u0131 bir yerde ne demokrasiden, ne insan haklar\u0131ndan ne ekonomiden ne k\u00fclt\u00fcrden ne sanattan; hi\u00e7bir \u015feyden bahsedemeyiz. Benim g\u00fcvencem hukuktur. Hukuk, ba\u011f\u0131ms\u0131z yarg\u0131, ba\u011f\u0131ms\u0131z, tarafs\u0131z mahkemeler, yarg\u0131\u00e7lar yoksa gerisi bo\u015f. M\u00fccadelemiz, daha demokratik bir T\u00fcrkiye&#8217;ye kavu\u015fmak i\u00e7in. Nihayetinde biz \u015fikayet eden taraf de\u011fil, \u00e7\u00f6z\u00fcm \u00fcreten taraf durumunday\u0131z. Biz siyasiyiz, y\u00f6neticiyiz. Yani ortada bir problem varsa bunu d\u00fczeltmek i\u00e7in \u00e7aba sarf edece\u011fiz, halk\u0131m\u0131za bunu anlataca\u011f\u0131z. Nihayetinde sand\u0131ktan \u00e7\u0131kan, iktidar olan, e\u011fer bir \u015fikayet varsa, halk\u0131n bir \u015fikayeti varsa, onu d\u00fczeltmekle m\u00fckelleftir. Biz \u015fu anda o konumday\u0131z&#8221; ifadelerine yer verdi.<\/p>\n\n\n\n<p>&#8220;Demokrasi herkes i\u00e7in ge\u00e7erlidir&#8221;<\/p>\n\n\n\n<p>Ba\u015fkan Se\u00e7er, hak arama m\u00fccadelesinde hi\u00e7bir zaman kimsenin partisi, mezhebi, me\u015frebi hakk\u0131nda ayr\u0131mc\u0131l\u0131k g\u00f6zetmediklerini vurgulayarak, &#8220;Ben kentin b\u00fcy\u00fck\u015fehir belediye ba\u015fkan\u0131y\u0131m. Hangi gerek\u00e7eyle olursa olsun masumiyet karinesi vard\u0131r. DEM&#8217;li, MHP&#8217;li, AK Partili, \u0130Y\u0130 Partili ya da bir ba\u015fka siyasi partili, ya da kendi partim; benim i\u00e7in fark etmiyor. Demokrasinin, hukuk devletinin, ba\u011f\u0131ms\u0131z yarg\u0131 talebinin partisi, mezhebi, me\u015frebi olmaz. Bunlar herkes i\u00e7in ge\u00e7erlidir&#8221; dedi.<\/p>\n\n\n\n<p>&#8220;Kurumlar\u0131n iktidar eliyle \u00e7ivisinin \u00e7\u0131kart\u0131ld\u0131\u011f\u0131 yerde STK&#8217;lar\u0131n \u015fik\u00e2yetlerini dile getirmesi do\u011fald\u0131r&#8221;<\/p>\n\n\n\n<p>T\u00dcS\u0130AD Ba\u015fkan&#8217;\u0131 Orhan Turan ve T\u00dcS\u0130AD Y\u00fcksek \u0130sti\u015fare Kurulu Ba\u015fkan\u0131 \u00d6mer Aras&#8217;\u0131n \u00fclke g\u00fcndemine ili\u015fkin &#8216;Hukukun \u00fcst\u00fcnl\u00fc\u011f\u00fc&#8217; ve &#8216;Her \u015fey yolunda de\u011fil&#8217; de\u011ferlendirmeleri hakk\u0131nda ise Se\u00e7er &#8220;Bunlar sadece benim de\u011fil toplumun da \u015fik\u00e2yet etti\u011fi konular. Hi\u00e7biri yanl\u0131\u015f de\u011fil. Bundan rahats\u0131z olmak gerekmiyor, ders \u00e7\u0131karmak gerekiyor. Siz tutup odalar\u0131, dernekleri; &#8216;Bizdendir veya de\u011fildir&#8217; diye kategorize ederseniz bunlar olmaz. Neticede yar\u0131m as\u0131rl\u0131k T\u00dcS\u0130AD T\u00fcrkiye&#8217;nin en b\u00fcy\u00fck sanayi kurulu\u015flar\u0131n\u0131n, temsilcilerinin yer ald\u0131\u011f\u0131 g\u00fc\u00e7l\u00fc bir yap\u0131. Asl\u0131nda hangi siyasi g\u00f6r\u00fc\u015ften olursa olsun bir\u00e7ok oda ba\u015fkan\u0131n\u0131n duygu ve d\u00fc\u015f\u00fcnceleri bunlar. Art\u0131k onlar da &#8216;Yeter!&#8217; noktas\u0131na gelmi\u015fler&#8221; ifadelerini kulland\u0131. Bu hususlarda muhalefete b\u00fcy\u00fck sorumluluk d\u00fc\u015ft\u00fc\u011f\u00fcn\u00fcn de alt\u0131n\u0131 \u00e7izen Se\u00e7er, &#8220;Burada bize i\u015f d\u00fc\u015f\u00fcyor. Muhalefet umut olmal\u0131. Muhalefet bu insanlara tercih de\u011fi\u015ftirecek g\u00fcveni vermeli. Demokrasilerde \u00e7areler t\u00fckenmez&#8221; dedi. Se\u00e7er, \u00fclkenin i\u00e7inde bulundu\u011fu tablodan \u00e7\u0131kmak i\u00e7in se\u00e7im \u00e7al\u0131\u015fmalar\u0131na ba\u015flad\u0131klar\u0131 zaman vatanda\u015flar ile ekonomi, sa\u011fl\u0131k, yarg\u0131 ve hukuk, tar\u0131m ve daha bir\u00e7ok alanda olu\u015fturacaklar\u0131 reform program\u0131n\u0131 payla\u015facaklar\u0131n\u0131 aktard\u0131.<\/p>\n\n\n\n<p>&#8220;\u0130nsanlar bizden umut bekliyor&#8221;<\/p>\n\n\n\n<p>CHP&#8217;nin Cumhurba\u015fkan\u0131 Aday\u0131 tart\u0131\u015fmalar\u0131na dair g\u00f6r\u00fc\u015flerini yakla\u015f\u0131k 5 ay \u00f6nce hem kamuoyu hem parti y\u00f6neticileri ile payla\u015ft\u0131\u011f\u0131n\u0131 belirten Se\u00e7er, T\u00fcrkiye&#8217;de ekonomi ba\u015fta olmak \u00fczere bir\u00e7ok \u00f6nemli g\u00fcndemin oldu\u011funu belirterek, &#8220;Cumhurba\u015fkan\u0131 aday\u0131n\u0131, Cumhurba\u015fkanl\u0131\u011f\u0131 se\u00e7imini konu\u015fuyoruz. Biz ne kadar konu\u015fursak o kadar g\u00fcndemi i\u015fgal etmi\u015f oluruz. Bu konu art\u0131k bitmi\u015ftir. Toplumun umudunu k\u0131ramay\u0131z. \u0130nsanlar bizden umut bekliyor&#8221; ifadelerine yer verdi.<\/p>\n\n\n\n<p>K\u00fc\u00e7\u00fckkaya&#8217;n\u0131n, Cumhurba\u015fkanl\u0131\u011f\u0131 adayl\u0131k \u00f6n se\u00e7im tart\u0131\u015fmalar\u0131n\u0131n ilk ba\u015flar\u0131nda Se\u00e7er&#8217;in de \u00f6n se\u00e7ime kat\u0131laca\u011f\u0131na dair iddialar\u0131n dola\u015ft\u0131\u011f\u0131n\u0131 fakat Se\u00e7er&#8217;in &#8216;Benim b\u00f6yle bir \u015feyle derdim, tasam yok. Ben \u00f6nce \u00fclkemi sonra partimi d\u00fc\u015f\u00fcn\u00fcyorum&#8217; a\u00e7\u0131klamas\u0131n\u0131 hat\u0131rlatmas\u0131 \u00fczerine Se\u00e7er, &#8220;Ayn\u0131 noktaday\u0131m. Bizi kar\u0131\u015ft\u0131rmak i\u00e7in bunu kullananlar var, biliyorum. Hakikaten bir yar\u0131\u015f varsa \u00e7ok aday olsun, \u00e7ok insan olsun, \u00e7ok de\u011ferlerimiz \u00e7\u0131ks\u0131n. CHP&#8217;de bu \u00fclkeyi y\u00f6netecek \u00e7ok de\u011ferli insanlar var. Ama bizim meselemiz bu de\u011fil. Biz Cumhurba\u015fkan\u0131 se\u00e7tirece\u011fiz. Bunun ad\u0131 Vahap Se\u00e7er&#8217;dir, Ekrem \u0130mamo\u011flu&#8217;dur, Mansur Yava\u015f&#8217;t\u0131r, Zeydan Karalar&#8217;d\u0131r, \u00d6zlem \u00c7er\u00e7io\u011flu&#8217;dur ya da Say\u0131n Genel Ba\u015fkan\u0131m\u0131z \u00d6zg\u00fcr \u00d6zel&#8217;dir fark etmiyor. T\u00fcrkiye&#8217;nin kaybolan d\u00fczenini tekrar yerine oturtmak i\u00e7in, bizim partimizden bir arkada\u015f\u0131m\u0131z\u0131 Cumhurba\u015fkanl\u0131\u011f\u0131 koltu\u011funa oturtmam\u0131z laz\u0131m&#8221; diye konu\u015ftu.<\/p>\n\n\n\n<p>&#8220;Her kesimden oy al\u0131yorsak vatanda\u015f hizmete oy veriyor demektir&#8221;<\/p>\n\n\n\n<p>Mersin&#8217;in; lokasyon, co\u011frafya sosyolojisi, siyasal da\u011f\u0131l\u0131m, sosyo-ekonomik, sosyo-k\u00fclt\u00fcrel yap\u0131s\u0131 ve liman\u0131 ile \u00e7ok \u00f6nemli bir il oldu\u011funu s\u00f6yleyen ve belediye ba\u015fkanl\u0131\u011f\u0131n\u0131n da siyasette halka ula\u015f\u0131labilecek en \u00f6nemli y\u00f6netim birimi oldu\u011funu dile getiren Se\u00e7er, &#8220;Bakt\u0131\u011f\u0131n\u0131zda ben Mersin&#8217;in nabz\u0131n\u0131 tuttu\u011fum zaman T\u00fcrkiye&#8217;nin de nabz\u0131n\u0131 tutuyorum. Ben o insanlar\u0131 memnun etti\u011fim zaman T\u00fcrkiye&#8217;yi memnun ediyorum&#8221; diye konu\u015ftu.<\/p>\n\n\n\n<p>Mersin&#8217;in yo\u011fun bir n\u00fcfus yap\u0131s\u0131 oldu\u011funu anlatan Se\u00e7er, yerel y\u00f6netimlerde kazan\u0131lan ba\u015far\u0131n\u0131n sunulan hizmetler sayesinde her kesimden oy al\u0131narak elde edildi\u011finin alt\u0131n\u0131 \u00e7izerek, CHP&#8217;li bir belediye ba\u015fkan\u0131 oldu\u011funu ancak hi\u00e7bir ayr\u0131m g\u00f6zetmeksizin hizmet sa\u011flad\u0131klar\u0131n\u0131 vurgulad\u0131. Se\u00e7er &#8220;Mersin gibi kozmopolit bir yerde her 10 ki\u015fiden 6 ki\u015finin oyunu al\u0131yorsan, her partinin se\u00e7meni bize oy veriyorsa bu demektir ki; vatanda\u015f senin hizmetlerine ve onlara uzatt\u0131\u011f\u0131n ele bak\u0131yor. Bize iktidar\u0131 getirecek olan bu ba\u015far\u0131l\u0131 uygulamalard\u0131r&#8221; dedi.<\/p>\n\n\n\n<p>&#8220;Aday kimse Cumhurba\u015fkan\u0131 aday\u0131m\u0131z etraf\u0131nda b\u00fct\u00fcnle\u015fece\u011fiz&#8221;<\/p>\n\n\n\n<p>CHP&#8217;nin T\u00fcrkiye genelindeki g\u00fc\u00e7l\u00fc yerel y\u00f6netim a\u011f\u0131na dikkat \u00e7ekerek konu\u015fmas\u0131n\u0131 s\u00fcrd\u00fcren Se\u00e7er, &#8220;T\u00fcm T\u00fcrkiye&#8217;de bir\u00e7ok b\u00fcy\u00fck\u015fehire sahibiz. Bu muazzam bir g\u00fc\u00e7. Biz T\u00fcrkiye&#8217;nin g\u00fcndemini \u00f6ne \u00e7\u0131karaca\u011f\u0131z. CHP&#8217;nin g\u00fcndemi tamam, her g\u00fcn televizyon ekranlar\u0131nda kim aday olacak tart\u0131\u015fmas\u0131 olmamal\u0131. Se\u00e7im takvimi belli, aday olmak isteyen \u00e7\u0131kacak, oyunu kullanacak olan da oyunu kullanacak ve partililer aday\u0131 belirleyecek. Aday kimse Cumhurba\u015fkan\u0131 aday\u0131m\u0131z etraf\u0131nda b\u00fct\u00fcnle\u015fece\u011fiz&#8221; diye konu\u015ftu.<\/p>\n\n\n\n<p>T\u00fcrk toplumunun \u00e7eyrek as\u0131rd\u0131r y\u00f6netimde olan iktidara kar\u015f\u0131 &#8216;dama&#8217; dedi\u011fini s\u00f6zlerine ekleyen Se\u00e7er, &#8220;Biz cumhurba\u015fkan\u0131 se\u00e7tirme durumunday\u0131z. \u00dclkenin bizden bekledi\u011fi de bu. \u00c7eyrek as\u0131rd\u0131r bu \u00fclkeyi bir iktidar, bir anlay\u0131\u015f y\u00f6netiyor ve art\u0131k T\u00fcrk toplumu bu y\u00f6netime &#8216;dama&#8217; dedi. T\u00fcrk toplumu art\u0131k bir \u00e7are, bir umut ar\u0131yor. Biz onlar\u0131n umudu olmu\u015f durumday\u0131z. Biz T\u00fcrkiye&#8217;nin sorunlar\u0131n\u0131 konu\u015faca\u011f\u0131z, bu sorunlara \u00e7are \u00fcretece\u011fiz&#8221; dedi.<\/p>\n\n\n\n<p>&#8220;Bizi \u00e7al\u0131\u015fmak kurtar\u0131r&#8221;<\/p>\n\n\n\n<p>Se\u00e7er, g\u00fcndemde s\u00fcren tart\u0131\u015fmalar\u0131n son bulmas\u0131 i\u00e7in T\u00fcrkiye&#8217;nin ger\u00e7ek g\u00fcndeminin konu\u015fulmas\u0131 gerekti\u011fine inand\u0131\u011f\u0131n\u0131n alt\u0131n\u0131 \u00e7izdi. 2019 yerel se\u00e7imlerinden sonra b\u00fcy\u00fck zorluklar\u0131n \u00fcstesinden geldiklerini ve bu ba\u015far\u0131da CHP&#8217;nin t\u00fcm kadrolar\u0131n\u0131n eme\u011fi oldu\u011funu vurgulayan Se\u00e7er, &#8220;Tart\u0131\u015fmalar\u0131n bitmesi i\u00e7in g\u00fcndeme d\u00f6nece\u011fiz. Varsa bir aksakl\u0131k onu d\u00fczeltmek i\u00e7in beraber \u00e7aba sarf edelim. Biz se\u00e7imleri kazanmak zorunday\u0131z. 2024 yerel se\u00e7imlerini kazand\u0131k, bu uzun y\u0131llar s\u00fcren bir eme\u011fin \u00fcr\u00fcn\u00fcd\u00fcr. Bizi \u00e7al\u0131\u015fmak kurtar\u0131r. Millete gidece\u011fiz, her haneye girece\u011fiz. E\u011fitimle, sa\u011fl\u0131kla, \u00e7ocuk politikalar\u0131yla, \u00f6zel \u00e7ocuklara ve engellilere \u00f6zel politikalarla gidece\u011fiz ama evlere girece\u011fiz&#8221; dedi.<\/p>\n\n\n\n<p>&#8220;\u00dclkenin umudunu hepimiz diri tutaca\u011f\u0131z&#8221;<\/p>\n\n\n\n<p>\u0130leriye d\u00f6n\u00fck umutlar\u0131n\u0131n diri oldu\u011funu belirten Se\u00e7er, \u00fclkenin de umudunun diri tutulmas\u0131 gerekti\u011fine inand\u0131\u011f\u0131n\u0131 s\u00f6zlerine ekledi. Se\u00e7er, &#8220;Umudumuzu hepimiz diri tutaca\u011f\u0131z. T\u00fcm s\u00f6ylediklerimi kalbimden s\u00f6yledim. Umutluyum, birlikte olaca\u011f\u0131z, beraber olaca\u011f\u0131z ve \u00fclkenin de umudunu diri tutaca\u011f\u0131z. Sizin burada rahat gazetecilik faaliyeti yapman\u0131z\u0131 sa\u011flamak, insanlar\u0131n g\u00f6r\u00fc\u015flerini rahat\u00e7a aktarabilmesi, siyasilerin rahat\u00e7a g\u00f6revini yapabilmesi ve toplumda insanlar\u0131n huzur i\u00e7erisinde olmas\u0131 i\u00e7in bizim ba\u015far\u0131l\u0131 olmam\u0131z laz\u0131m&#8221; dedi.<\/p>\n\n\n\n<p>&#8220;CHP&#8217;li belediye ba\u015fkanlar\u0131 y\u00f6nettikleri \u015fehirlere adalet da\u011f\u0131t\u0131yor&#8221;<\/p>\n\n\n\n<p>K\u00fc\u00e7\u00fckkaya&#8217;n\u0131n; &#8216;CHP&#8217;li t\u00fcm b\u00fcy\u00fck\u015fehir ve il belediyeleri kenetlenirseniz T\u00fcrkiye&#8217;de gidi\u015fat\u0131 de\u011fi\u015ftirebilirsiniz!&#8217; yorumu \u00fczerine Se\u00e7er, &#8220;Gidi\u015fat\u0131 de\u011fi\u015ftiririz. Bizim i\u00e7imizde \u00e7ok yetenekli belediye ba\u015fkanlar\u0131, milletvekilleri ve y\u00f6neticiler var. \u00c7ok iyi hizmetler yap\u0131yoruz, \u00e7ok \u00e7al\u0131\u015f\u0131yoruz. Halk\u0131m\u0131z bizi seviyor. Hi\u00e7 ayr\u0131m yapm\u0131yoruz. Biz T\u00fcrkiye&#8217;de adaletsizlikten dem vuruyoruz ve Cumhuriyet Halk Partili belediye ba\u015fkanlar\u0131 y\u00f6nettikleri \u015fehirlere adalet da\u011f\u0131t\u0131yor. Bu son derece \u00f6nemli&#8221; dedi.<\/p>\n\n\n\n<p>&#8220;T\u00fcrkiye&#8217;yi y\u00f6netece\u011fiz&#8221;<\/p>\n\n\n\n<p>CHP&#8217;li belediyeler olarak k\u0131s\u0131tl\u0131 imkanlarla \u00f6nemli hizmetler yapt\u0131klar\u0131n\u0131 vurgulayan Se\u00e7er, &#8220;Kaynaklar\u0131 en iyi \u015fekilde kullan\u0131yoruz. Bizim \u00e7ok rahat hareket alan\u0131m\u0131z yok. Kamu kurumlar\u0131nda imzalar gecikir, kamu bankalar\u0131ndan kredi alamazs\u0131n\u0131z, yurt d\u0131\u015f\u0131 bor\u00e7lanmalar\u0131 rahat yapamazs\u0131n\u0131z; \u015fu anda oldu\u011fu gibi. Bizim bunlar\u0131 halka anlat\u0131yor olmam\u0131z laz\u0131m ama sadece \u015fik\u00e2yet etmek, konu\u015fmak de\u011fil; icraat yapmam\u0131z ve \u00e7al\u0131\u015fmam\u0131z gerekiyor. Vatanda\u015f\u0131n yan\u0131nda olaca\u011f\u0131z, onlar\u0131n derdine \u00e7are olaca\u011f\u0131z, sonra da T\u00fcrkiye&#8217;yi y\u00f6netece\u011fiz&#8221; diye konu\u015ftu. K\u00fc\u00e7\u00fckkaya&#8217;n\u0131n; &#8220;\u0130mamo\u011flu, Cumhurba\u015fkanl\u0131\u011f\u0131&#8217;na aday olursa kazan\u0131r m\u0131?&#8221; sorusu \u00fczerine ise Se\u00e7er, &#8220;Beraber olursak kazan\u0131r\u0131z. \u00d6yle ya da b\u00f6yle de\u011fil net kazan\u0131r\u0131z&#8221; ifadelerini kulland\u0131.<\/p>\n\n\n\n<p>Ba\u015fkan Se\u00e7er, Sosyal Konut Projelerini duyurdu<\/p>\n\n\n\n<p>Mersin&#8217;de artan n\u00fcfusun konut fiyatlar\u0131na olumsuz yans\u0131d\u0131\u011f\u0131na dikkat \u00e7eken Se\u00e7er, alt gelir grubuna y\u00f6nelik, se\u00e7im bildirgelerinde de bulunan Sosyal Konut Projelerini ba\u015flatt\u0131klar\u0131n\u0131 duyurdu. \u0130lk etapta Tarsus&#8217;ta 352 dairelik projeyi hayata ge\u00e7ireceklerini a\u00e7\u0131klayan Se\u00e7er, Toroslar&#8217;da 232, Silifke&#8217;de ise 150 konut in\u015fa edilece\u011fini belirterek, Sosyal Konut Projesi ile e\u015f zamanl\u0131 olarak Akdeniz il\u00e7esinde y\u00fcr\u00fct\u00fclen Ada Bazl\u0131 Yerinde D\u00f6n\u00fc\u015f\u00fcm Projesi ile de toplam 1000 konut \u00fcreteceklerini s\u00f6yledi. \u015eehrin farkl\u0131 b\u00f6lgelerinde kentsel d\u00f6n\u00fc\u015f\u00fcm projelerinin de ba\u015flad\u0131\u011f\u0131n\u0131 ekleyen Se\u00e7er, 6 \u015eubat depremleri sonras\u0131 olu\u015fturduklar\u0131 Afet \u0130\u015fleri Dairesi Ba\u015fkanl\u0131\u011f\u0131&#8217;n\u0131n bu s\u00fcrece b\u00fcy\u00fck katk\u0131 sa\u011flad\u0131\u011f\u0131n\u0131 s\u00f6yledi.<\/p>\n\n\n\n<p>&#8220;Memnuniyet, vatanda\u015fla aram\u0131zdaki iyi ileti\u015fimin sonucudur&#8221;<\/p>\n\n\n\n<p>CHP Genel Merkezi taraf\u0131ndan ger\u00e7ekle\u015ftirilen memnuniyet anketinde Mersin&#8217;in y\u00fczde 75 oran\u0131nda memnuniyete sahip oldu\u011funu hat\u0131rlatan K\u00fc\u00e7\u00fckkaya&#8217;ya yan\u0131t veren Se\u00e7er, bu ba\u015far\u0131y\u0131 halkla kurduklar\u0131 g\u00fc\u00e7l\u00fc ileti\u015fime ba\u011flad\u0131. Se\u00e7er, &#8220;Mersin B\u00fcy\u00fck\u015fehir Belediyesi sistemi oturtmu\u015f bir belediyedir. Halkla ileti\u015fimimiz iyi; ileti\u015fim iyi olunca tabi ki vatanda\u015f\u0131n da beklentilerini daha rahat g\u00f6r\u00fcyoruz. G\u00fczel i\u015fler yap\u0131yoruz daha iyisini yapmaya gayret ediyoruz. Halk\u0131m\u0131z bizi anl\u0131yor, biz de halk\u0131m\u0131z anl\u0131yoruz. G\u00fczel bir uyum i\u00e7erisinde \u00e7al\u0131\u015f\u0131yoruz. Mersin&#8217;e nazar de\u011fmesin. G\u00fczel i\u015fler yap\u0131yoruz, daha iyisini yapmaya gayret ediyoruz. Birbirimizden memnunuz, bu durum bizim de motivasyonumuzu y\u00fckseltiyor&#8221; diye konu\u015ftu.<\/p>\n","protected":false},"excerpt":{"rendered":"<p>Mersin B\u00fcy\u00fck\u015fehir Belediye Ba\u015fkan\u0131 Vahap Se\u00e7er, Halk TV ekranlar\u0131nda yay\u0131nlanan &#8220;\u0130smail K\u00fc\u00e7\u00fckkaya ile Yeni Bir Sabah&#8221; program\u0131n\u0131n canl\u0131 yay\u0131n konu\u011fu oldu. Ba\u015fkan Se\u00e7er yay\u0131nda \u00fclke ve Mersin g\u00fcndemine ili\u015fkin pek \u00e7ok konu hakk\u0131nda yorumlarda bulunurken; cezaevinde tutuklu bulunan belediye ba\u015fkanlar\u0131 ve gazetecileri ziyaretinden, T\u00dcS\u0130AD&#8217;\u0131n yapt\u0131\u011f\u0131 &#8216;Hukukun \u00fcst\u00fcnl\u00fc\u011f\u00fc&#8217; ve &#8216;Her \u015fey yolunda de\u011fil&#8217; de\u011ferlendirmelerine kat\u0131ld\u0131\u011f\u0131na, Cumhuriyet [&hellip;]<\/p>\n","protected":false},"author":2,"featured_media":39718,"comment_status":"closed","ping_status":"closed","sticky":false,"template":"","format":"standard","meta":{"footnotes":""},"categories":[3],"tags":[],"class_list":["post-39717","post","type-post","status-publish","format-standard","has-post-thumbnail","hentry","category-manset"],"views":5,"_links":{"self":[{"href":"https:\/\/mersinkadingazetesi.com\/index.php?rest_route=\/wp\/v2\/posts\/39717"}],"collection":[{"href":"https:\/\/mersinkadingazetesi.com\/index.php?rest_route=\/wp\/v2\/posts"}],"about":[{"href":"https:\/\/mersinkadingazetesi.com\/index.php?rest_route=\/wp\/v2\/types\/post"}],"author":[{"embeddable":true,"href":"https:\/\/mersinkadingazetesi.com\/index.php?rest_route=\/wp\/v2\/users\/2"}],"replies":[{"embeddable":true,"href":"https:\/\/mersinkadingazetesi.com\/index.php?rest_route=%2Fwp%2Fv2%2Fcomments&post=39717"}],"version-history":[{"count":1,"href":"https:\/\/mersinkadingazetesi.com\/index.php?rest_route=\/wp\/v2\/posts\/39717\/revisions"}],"predecessor-version":[{"id":39719,"href":"https:\/\/mersinkadingazetesi.com\/index.php?rest_route=\/wp\/v2\/posts\/39717\/revisions\/39719"}],"wp:featuredmedia":[{"embeddable":true,"href":"https:\/\/mersinkadingazetesi.com\/index.php?rest_route=\/wp\/v2\/media\/39718"}],"wp:attachment":[{"href":"https:\/\/mersinkadingazetesi.com\/index.php?rest_route=%2Fwp%2Fv2%2Fmedia&parent=39717"}],"wp:term":[{"taxonomy":"category","embeddable":true,"href":"https:\/\/mersinkadingazetesi.com\/index.php?rest_route=%2Fwp%2Fv2%2Fcategories&post=39717"},{"taxonomy":"post_tag","embeddable":true,"href":"https:\/\/mersinkadingazetesi.com\/index.php?rest_route=%2Fwp%2Fv2%2Ftags&post=39717"}],"curies":[{"name":"wp","href":"https:\/\/api.w.org\/{rel}","templated":true}]}}