{"id":39734,"date":"2025-02-16T09:54:04","date_gmt":"2025-02-16T06:54:04","guid":{"rendered":"https:\/\/mersinkadingazetesi.com\/?p=39734"},"modified":"2025-02-16T09:54:04","modified_gmt":"2025-02-16T06:54:04","slug":"baskan-secer-mezitli-cemevinin-hizir-lokmasi-etkinligine-katildi","status":"publish","type":"post","link":"https:\/\/mersinkadingazetesi.com\/?p=39734","title":{"rendered":"BA\u015eKAN SE\u00c7ER, MEZ\u0130TL\u0130 CEMEV\u0130&#8217;N\u0130N HIZIR LOKMASI ETK\u0130NL\u0130\u011e\u0130NE KATILDI"},"content":{"rendered":"\n<p>Mersin B\u00fcy\u00fck\u015fehir Belediye Ba\u015fkan\u0131 Vahap Se\u00e7er, Alevi K\u00fclt\u00fcr Dernekleri Mezitli Cemevi&#8217;nde d\u00fczenlenen H\u0131z\u0131r Lokmas\u0131 etkinli\u011fine kat\u0131ld\u0131. Etkinlikte, birlik ve dayan\u0131\u015fma mesajlar\u0131 verilirken, kat\u0131l\u0131mc\u0131lar lokma payla\u015farak H\u0131z\u0131r ay\u0131n\u0131n bereketini payla\u015ft\u0131.<\/p>\n\n\n\n<p>H\u0131z\u0131r Lokmas\u0131 etkinli\u011fine Cumhuriyet Halk Partisi (CHP) Mersin Milletvekili G\u00fclcan K\u0131\u015f, Mezitli Belediye Ba\u015fkan\u0131 Ahmet Serkan Tuncer, ge\u00e7mi\u015f d\u00f6nem milletvekilleri ve belediye ba\u015fkanlar\u0131n\u0131n yan\u0131 s\u0131ra bir\u00e7ok sivil toplum kurulu\u015fu ve oda temsilcisi kat\u0131ld\u0131.<\/p>\n\n\n\n<p>Konu\u015fmas\u0131na tutulan H\u0131z\u0131r oru\u00e7lar\u0131n\u0131n kabul olmas\u0131 dilekleri ile ba\u015flayan Ba\u015fkan Se\u00e7er, &#8220;<strong>H\u0131z\u0131r orucunuz, H\u0131z\u0131r lokman\u0131z hak kat\u0131nda kabul olsun. Birli\u011fimize, beraberli\u011fimize, bollu\u011fa,&nbsp;&nbsp;berekete yard\u0131mc\u0131 olsun. H\u0131z\u0131r hepimizin, t\u00fcm iyilerin, bu \u00fclke i\u00e7in, insanl\u0131k i\u00e7in \u00e7al\u0131\u015fanlar\u0131n, d\u00fcnyaya bir nokta, bir damla da olsa iyilik g\u00fczellik katan t\u00fcm insanlar\u0131n yolda\u015f\u0131 olsun&#8221;<\/strong>&nbsp;dedi.<\/p>\n\n\n\n<p><strong>&#8220;Mersin&#8217;i dima\u011f\u0131 ve d\u00fcnyas\u0131 iyilik dolu y\u00f6neticiler y\u00f6netiyor&#8221;<\/strong><\/p>\n\n\n\n<p>Mersin&#8217;in farkl\u0131 k\u00fclt\u00fcrler, renkler ve sadece T\u00fcrkiye de\u011fil, d\u00fcnyan\u0131n bir\u00e7ok farkl\u0131 noktas\u0131ndan insanlar\u0131n ya\u015fad\u0131\u011f\u0131 bir kent oldu\u011funa vurgu yapan Se\u00e7er,&nbsp;<strong>&#8220;B\u00fct\u00fcn bu farkl\u0131l\u0131klara ve \u00e7e\u015fitli\u011fe ra\u011fmen; mezhebi, me\u015frebi, etnik yap\u0131s\u0131, siyasi g\u00f6r\u00fc\u015f\u00fc, inanc\u0131 ne olursa olsun 2,5 milyondan fazla insan\u0131n Mersin&#8217;de, \u00f6zellikle son 6 y\u0131ld\u0131r huzur i\u00e7erisinde ya\u015fanmas\u0131n\u0131n temel sebebi, Mersin&#8217;i dima\u011f\u0131 ve d\u00fcnyas\u0131 iyilik, g\u00fczellik \u00fczerine vurgu yapt\u0131\u011f\u0131m o g\u00fczel s\u00f6zc\u00fcklerle dolu y\u00f6neticilerin y\u00f6netmesinden kaynakl\u0131d\u0131r&#8221;<\/strong>&nbsp;diye konu\u015ftu.<\/p>\n\n\n\n<p><strong>&#8220;Mersin; T\u00fcrkiye&#8217;nin huzurunun, birlikte ya\u015famas\u0131n\u0131n bir sembol\u00fcd\u00fcr&#8221;<\/strong><\/p>\n\n\n\n<p>Mersin&#8217;in, T\u00fcrkiye&#8217;nin huzurunun, birlikte ya\u015famas\u0131n\u0131n bir sembol\u00fc konumunda oldu\u011funa dikkat \u00e7eken Se\u00e7er, kentte ya\u015fayan insanlar\u0131n farkl\u0131 tarih ve farkl\u0131 gerek\u00e7elerle ya\u015fam\u0131n\u0131 burada s\u00fcrd\u00fcrd\u00fc\u011f\u00fcn\u00fc s\u00f6yledi. \u0130nsanlar\u0131n geli\u015f ama\u00e7lar\u0131 do\u011frultusunda s\u00fcrd\u00fcrd\u00fckleri ya\u015famlar\u0131n\u0131n Mersin&#8217;in enerjisini olu\u015fturdu\u011funu dile getiren Se\u00e7er,&nbsp;<strong>&#8220;Bu kentin dinamik olmas\u0131n\u0131n, enerjisinin y\u00fcksek olmas\u0131n\u0131n, bolluk, bereket i\u00e7erisinde olmas\u0131n\u0131n ve inad\u0131na karde\u015f\u00e7e bir arada ya\u015famas\u0131n\u0131n temel sebeplerinden biri budur. Bizim farkl\u0131 renklerde olmam\u0131z kimseyi \u00fcrk\u00fctmesin. Bu renk c\u00fcmb\u00fc\u015f\u00fc, hem bizim g\u00fczelli\u011fimiz hem de bir arada ya\u015famam\u0131z\u0131n g\u00fcvencesidir&#8221;<\/strong>&nbsp;ifadelerini kulland\u0131.<\/p>\n\n\n\n<p><strong>&#8220;Mersin gibi bir T\u00fcrkiye yaratmam\u0131z laz\u0131m&#8221;<\/strong><\/p>\n\n\n\n<p>B\u00fcy\u00fck\u015fehir Belediye Ba\u015fkan\u0131 olarak Mersin&#8217;e ve Mersinlilere hizmet etmekten her zaman onur ve gurur duydu\u011funu aktaran Se\u00e7er, birlik ve beraberlik i\u00e7erisinde ya\u015fan\u0131ld\u0131\u011f\u0131 zaman \u00fcstesinden gelinemeyecek sorun olmayaca\u011f\u0131n\u0131 belirterek,&nbsp;<strong>&#8220;Biz bir olursak a\u015famayaca\u011f\u0131m\u0131z engel, m\u00fccadele edemeyece\u011fimiz zorluk yok. Mersin gibi bir T\u00fcrkiye yaratmam\u0131z laz\u0131m. Karde\u015fli\u011fin \u00fcst seviyede oldu\u011fu, birlik, beraberlik arzusunun en y\u00fcksek mertebede oldu\u011fu, insanlar\u0131n \u00e7al\u0131\u015ft\u0131\u011f\u0131, birbirine sayg\u0131 duydu\u011fu bir T\u00fcrkiye yaratma \u00f6zlemiyle \u00e7al\u0131\u015fmam\u0131z laz\u0131m. Biz bu duygu ve d\u00fc\u015f\u00fcncelerle \u00e7al\u0131\u015f\u0131yoruz ve \u00e7al\u0131\u015fmaya devam edece\u011fiz. Amac\u0131m\u0131z; \u00e7ocuklar\u0131m\u0131z\u0131n, bizden sonraki ku\u015faklar\u0131n daha mutlu olaca\u011f\u0131, demokrasisiyle, hukuk devleti anlay\u0131\u015f\u0131yla, insanlar\u0131n kendisini, d\u00fc\u015f\u00fcncelerini \u00f6zg\u00fcrce ifade edece\u011fi bir T\u00fcrkiye&#8217;de ya\u015famalar\u0131n\u0131 sa\u011flamak. Bunu hep beraber yapmak, \u00e7al\u0131\u015fmak ve ba\u015farmak durumunday\u0131z. Bizi sevgi, birlik ve beraberlik kurtaracak&#8221;<\/strong>&nbsp;dedi.<\/p>\n\n\n\n<p><strong>&#8220;Galip gelen biz olaca\u011f\u0131z, iyilik olacak, g\u00fczellik olacak&#8221;<\/strong><\/p>\n\n\n\n<p>\u0130yilik ve g\u00fczelli\u011fin tarihte oldu\u011fu gibi g\u00fcn\u00fcm\u00fczde de kazanan taraf olaca\u011f\u0131na inand\u0131\u011f\u0131n\u0131 s\u00f6zlerine ekleyen Se\u00e7er \u015funlar\u0131 kaydetti:<\/p>\n\n\n\n<p><strong>&#8220;Ben \u00f6n\u00fcm\u00fczdeki s\u00fcre\u00e7te bizim gibi d\u00fc\u015f\u00fcnenlerin T\u00fcrkiye&#8217;de siyasal m\u00fccadelelerde kazanan taraf olaca\u011f\u0131na can\u0131 y\u00fcrekten inan\u0131yorum. Galip gelen biz olaca\u011f\u0131z, iyilik olacak, g\u00fczellik olacak. D\u00fcnya tarihine bakt\u0131\u011f\u0131n\u0131z zaman sanki hep diktat\u00f6rler, zalimler, zul\u00fcm edenler kazanm\u0131\u015f gibi g\u00f6r\u00fcn\u00fcr ama nihayetinde mutlaka iyilik, insanl\u0131k galip gelir. Buna inan\u0131yorum. Yolumuz bellidir; yolumuz Mustafa Kemal&#8217;in yoludur, laik, demokratik T\u00fcrkiye Cumhuriyeti yoludur. Bundan hi\u00e7bir \u015fekilde taviz vermeyece\u011fiz ve bu duygu ve d\u00fc\u015f\u00fcncelerle hep beraber m\u00fccadele etmeye devam edece\u011fiz.&#8221;<\/strong><\/p>\n\n\n\n<p><strong>Akta\u015f: &#8220;Bizim sava\u015f\u0131m\u0131z cehaletle, beraber ac\u0131lar de\u011fil sevin\u00e7ler ya\u015famak istiyoruz&#8221;<\/strong><\/p>\n\n\n\n<p>Mezitli Cemevi Ba\u015fkan Vekili Mehmet Akik Akta\u015f, \u015eubat ay\u0131n\u0131n Alevi inanc\u0131nda H\u0131z\u0131r ay\u0131 olarak kabul edildi\u011fini ve H\u0131z\u0131r&#8217;\u0131n manevi bir g\u00fc\u00e7, zor anlarda yard\u0131ma ko\u015fan, do\u011faya can katan ve bahar\u0131n bereketini simgeleyen bir kavram oldu\u011funu vurgulad\u0131. Akta\u015f, Alevi inanc\u0131n\u0131n bar\u0131\u015ftan yana oldu\u011funu belirterek,<strong>&nbsp;&#8220;Biz Aleviler bar\u0131\u015f insanlar\u0131y\u0131z. D\u00fcnyan\u0131n neresinde olursa olsun; sava\u015fa, haks\u0131zl\u0131\u011fa, \u00f6l\u00fcmlere kar\u015f\u0131y\u0131z ve bundan sonrada hep kar\u015f\u0131 olaca\u011f\u0131z. Bizim sava\u015f\u0131m\u0131z cehaletle ve insanlar\u0131 yok eden k\u00f6t\u00fcl\u00fcklerle. Beraber ac\u0131lar de\u011fil sevin\u00e7ler ya\u015famak istiyoruz. H\u0131z\u0131r lokmam\u0131z birli\u011fimizin, karde\u015fli\u011fimizin ve dostlu\u011fumuzun a\u015f\u0131 olsun&#8221;&nbsp;<\/strong>dedi.<\/p>\n\n\n\n<p><strong>\u00d6ner:<\/strong>&nbsp;&#8220;<strong>H\u0131z\u0131r bizi a\u015fktan, muhabbetten ve sadakatten uzakla\u015ft\u0131rmas\u0131n&#8221;<\/strong><\/p>\n\n\n\n<p>Etkinlikte konu\u015fan Dede Ercan Kaz\u0131m \u00d6ner ise H\u0131z\u0131r g\u00fcnlerinin, Alevi inanc\u0131nda bayram gibi kutland\u0131\u011f\u0131n\u0131 ve dileklerin, muratlar\u0131n kabul oldu\u011funa inan\u0131lan bir zaman dilimi oldu\u011funu s\u00f6yledi<strong>.<\/strong>&nbsp;H\u0131z\u0131r Lokmas\u0131 duas\u0131nda birlik ve dirlik mesajlar\u0131 veren Dede \u00d6ner,&nbsp;<strong>&#8220;H\u0131z\u0131r, zorda kalanlar\u0131n yard\u0131mc\u0131s\u0131 olsun, hakk\u0131 gasp edilen mazlumlar\u0131n yan\u0131nda dursun. Birli\u011fimiz, dirli\u011fimiz, beraberli\u011fimiz daim olsun&#8221;<\/strong>&nbsp;diyerek kat\u0131l\u0131mc\u0131lardan g\u00f6n\u00fcl birli\u011fiyle dua etmelerini istedi.<\/p>\n\n\n\n<p>Konu\u015fmalar\u0131n ard\u0131ndan deyi\u015fler s\u00f6ylendi ve Lokma G\u00fclbengi okundu. Program; H\u0131z\u0131r lokmas\u0131n\u0131n payla\u015f\u0131lmas\u0131yla sona erdi.<br><\/p>\n","protected":false},"excerpt":{"rendered":"<p>Mersin B\u00fcy\u00fck\u015fehir Belediye Ba\u015fkan\u0131 Vahap Se\u00e7er, Alevi K\u00fclt\u00fcr Dernekleri Mezitli Cemevi&#8217;nde d\u00fczenlenen H\u0131z\u0131r Lokmas\u0131 etkinli\u011fine kat\u0131ld\u0131. Etkinlikte, birlik ve dayan\u0131\u015fma mesajlar\u0131 verilirken, kat\u0131l\u0131mc\u0131lar lokma payla\u015farak H\u0131z\u0131r ay\u0131n\u0131n bereketini payla\u015ft\u0131. H\u0131z\u0131r Lokmas\u0131 etkinli\u011fine Cumhuriyet Halk Partisi (CHP) Mersin Milletvekili G\u00fclcan K\u0131\u015f, Mezitli Belediye Ba\u015fkan\u0131 Ahmet Serkan Tuncer, ge\u00e7mi\u015f d\u00f6nem milletvekilleri ve belediye ba\u015fkanlar\u0131n\u0131n yan\u0131 s\u0131ra bir\u00e7ok [&hellip;]<\/p>\n","protected":false},"author":2,"featured_media":39735,"comment_status":"closed","ping_status":"closed","sticky":false,"template":"","format":"standard","meta":{"footnotes":""},"categories":[3],"tags":[],"class_list":["post-39734","post","type-post","status-publish","format-standard","has-post-thumbnail","hentry","category-manset"],"views":7,"_links":{"self":[{"href":"https:\/\/mersinkadingazetesi.com\/index.php?rest_route=\/wp\/v2\/posts\/39734"}],"collection":[{"href":"https:\/\/mersinkadingazetesi.com\/index.php?rest_route=\/wp\/v2\/posts"}],"about":[{"href":"https:\/\/mersinkadingazetesi.com\/index.php?rest_route=\/wp\/v2\/types\/post"}],"author":[{"embeddable":true,"href":"https:\/\/mersinkadingazetesi.com\/index.php?rest_route=\/wp\/v2\/users\/2"}],"replies":[{"embeddable":true,"href":"https:\/\/mersinkadingazetesi.com\/index.php?rest_route=%2Fwp%2Fv2%2Fcomments&post=39734"}],"version-history":[{"count":1,"href":"https:\/\/mersinkadingazetesi.com\/index.php?rest_route=\/wp\/v2\/posts\/39734\/revisions"}],"predecessor-version":[{"id":39736,"href":"https:\/\/mersinkadingazetesi.com\/index.php?rest_route=\/wp\/v2\/posts\/39734\/revisions\/39736"}],"wp:featuredmedia":[{"embeddable":true,"href":"https:\/\/mersinkadingazetesi.com\/index.php?rest_route=\/wp\/v2\/media\/39735"}],"wp:attachment":[{"href":"https:\/\/mersinkadingazetesi.com\/index.php?rest_route=%2Fwp%2Fv2%2Fmedia&parent=39734"}],"wp:term":[{"taxonomy":"category","embeddable":true,"href":"https:\/\/mersinkadingazetesi.com\/index.php?rest_route=%2Fwp%2Fv2%2Fcategories&post=39734"},{"taxonomy":"post_tag","embeddable":true,"href":"https:\/\/mersinkadingazetesi.com\/index.php?rest_route=%2Fwp%2Fv2%2Ftags&post=39734"}],"curies":[{"name":"wp","href":"https:\/\/api.w.org\/{rel}","templated":true}]}}