{"id":39743,"date":"2025-02-16T09:56:19","date_gmt":"2025-02-16T06:56:19","guid":{"rendered":"https:\/\/mersinkadingazetesi.com\/?p=39743"},"modified":"2025-02-16T09:56:19","modified_gmt":"2025-02-16T06:56:19","slug":"vali-toros-baskanliginda-mersin-limani-hakkinda-degerlendirme-koordinasyon-ve-guvenlik-toplantisi-gerceklestirildi","status":"publish","type":"post","link":"https:\/\/mersinkadingazetesi.com\/?p=39743","title":{"rendered":"VAL\u0130 TOROS BA\u015eKANLI\u011eINDA, MERS\u0130N L\u0130MANI HAKKINDA DE\u011eERLEND\u0130RME, KOORD\u0130NASYON VE G\u00dcVENL\u0130K TOPLANTISI GER\u00c7EKLE\u015eT\u0130R\u0130LD\u0130"},"content":{"rendered":"\n<p>Valimiz Say\u0131n Atilla Toros ba\u015fkanl\u0131\u011f\u0131nda, Mersin Liman\u0131 hakk\u0131nda de\u011ferlendirme, koordinasyon ve g\u00fcvenlik toplant\u0131s\u0131 ger\u00e7ekle\u015ftirildi.<\/p>\n\n\n\n<p>Vali Atilla Toros; Mersin Liman\u0131n\u0131n genel durumu, ger\u00e7ekle\u015ftirilen \u00e7al\u0131\u015fmalar, devam eden ve planlanan projeler hakk\u0131nda bilgiler ald\u0131, de\u011ferlendirmelerde bulundu.<\/p>\n\n\n\n<p>D\u00fcnyan\u0131n en b\u00fcy\u00fck 91. &nbsp;konteyner liman\u0131 olan Mersin Liman\u0131, y\u0131ll\u0131k elle\u00e7lenen toplam konteyner y\u00fck miktar\u0131yla, mevcut 124 hektar alan\u0131yla, t\u00fcm liman hizmetlerini ayn\u0131 sahada verebilen geri sahas\u0131yla T\u00fcrkiye\u2019nin en b\u00fcy\u00fck liman\u0131 konumunda olup, 2,6 milyon TEU konteyner kapasitesiyle yakla\u015f\u0131k 5 bin ki\u015fiye do\u011frudan istihdam sa\u011flamaktad\u0131r.<\/p>\n\n\n\n<p>Vali Atilla Toros, toplant\u0131n\u0131n ard\u0131ndan liman hizmetleri operasyon binas\u0131na ge\u00e7erek G\u00fcvenlik \u0130zleme Merkezinde y\u00fcr\u00fct\u00fclen \u00e7al\u0131\u015fmalar hakk\u0131nda bilgiler ald\u0131, denizden liman k\u0131y\u0131s\u0131nda incelemelerde bulundu.<\/p>\n","protected":false},"excerpt":{"rendered":"<p>Valimiz Say\u0131n Atilla Toros ba\u015fkanl\u0131\u011f\u0131nda, Mersin Liman\u0131 hakk\u0131nda de\u011ferlendirme, koordinasyon ve g\u00fcvenlik toplant\u0131s\u0131 ger\u00e7ekle\u015ftirildi. Vali Atilla Toros; Mersin Liman\u0131n\u0131n genel durumu, ger\u00e7ekle\u015ftirilen \u00e7al\u0131\u015fmalar, devam eden ve planlanan projeler hakk\u0131nda bilgiler ald\u0131, de\u011ferlendirmelerde bulundu. D\u00fcnyan\u0131n en b\u00fcy\u00fck 91. &nbsp;konteyner liman\u0131 olan Mersin Liman\u0131, y\u0131ll\u0131k elle\u00e7lenen toplam konteyner y\u00fck miktar\u0131yla, mevcut 124 hektar alan\u0131yla, t\u00fcm liman hizmetlerini [&hellip;]<\/p>\n","protected":false},"author":2,"featured_media":39744,"comment_status":"closed","ping_status":"closed","sticky":false,"template":"","format":"standard","meta":{"footnotes":""},"categories":[3],"tags":[],"class_list":["post-39743","post","type-post","status-publish","format-standard","has-post-thumbnail","hentry","category-manset"],"views":5,"_links":{"self":[{"href":"https:\/\/mersinkadingazetesi.com\/index.php?rest_route=\/wp\/v2\/posts\/39743"}],"collection":[{"href":"https:\/\/mersinkadingazetesi.com\/index.php?rest_route=\/wp\/v2\/posts"}],"about":[{"href":"https:\/\/mersinkadingazetesi.com\/index.php?rest_route=\/wp\/v2\/types\/post"}],"author":[{"embeddable":true,"href":"https:\/\/mersinkadingazetesi.com\/index.php?rest_route=\/wp\/v2\/users\/2"}],"replies":[{"embeddable":true,"href":"https:\/\/mersinkadingazetesi.com\/index.php?rest_route=%2Fwp%2Fv2%2Fcomments&post=39743"}],"version-history":[{"count":1,"href":"https:\/\/mersinkadingazetesi.com\/index.php?rest_route=\/wp\/v2\/posts\/39743\/revisions"}],"predecessor-version":[{"id":39745,"href":"https:\/\/mersinkadingazetesi.com\/index.php?rest_route=\/wp\/v2\/posts\/39743\/revisions\/39745"}],"wp:featuredmedia":[{"embeddable":true,"href":"https:\/\/mersinkadingazetesi.com\/index.php?rest_route=\/wp\/v2\/media\/39744"}],"wp:attachment":[{"href":"https:\/\/mersinkadingazetesi.com\/index.php?rest_route=%2Fwp%2Fv2%2Fmedia&parent=39743"}],"wp:term":[{"taxonomy":"category","embeddable":true,"href":"https:\/\/mersinkadingazetesi.com\/index.php?rest_route=%2Fwp%2Fv2%2Fcategories&post=39743"},{"taxonomy":"post_tag","embeddable":true,"href":"https:\/\/mersinkadingazetesi.com\/index.php?rest_route=%2Fwp%2Fv2%2Ftags&post=39743"}],"curies":[{"name":"wp","href":"https:\/\/api.w.org\/{rel}","templated":true}]}}