{"id":39761,"date":"2025-02-17T11:53:02","date_gmt":"2025-02-17T08:53:02","guid":{"rendered":"https:\/\/mersinkadingazetesi.com\/?p=39761"},"modified":"2025-02-17T11:53:03","modified_gmt":"2025-02-17T08:53:03","slug":"vatandasin-borcu-rekor-kirdi-1-milyon-yeni-icra-dosyasi","status":"publish","type":"post","link":"https:\/\/mersinkadingazetesi.com\/?p=39761","title":{"rendered":"Vatanda\u015f\u0131n Borcu Rekor K\u0131rd\u0131 1 Milyon Yeni \u0130cra Dosyas\u0131!&#8221;"},"content":{"rendered":"\n<p>CHP Mersin Milletvekili G\u00fclcan K\u0131\u015f, T\u00dc\u0130K&#8217;in a\u00e7\u0131klad\u0131\u011f\u0131 Aral\u0131k 2024 i\u015fsizlik verilerinin ger\u00e7e\u011fi yans\u0131tmad\u0131\u011f\u0131n\u0131 belirterek, &#8220;\u0130ktidar i\u015fsizli\u011fi makyajl\u0131yor, ama ger\u00e7ek i\u015fsiz say\u0131s\u0131 11,5 milyonu a\u015ft\u0131&#8221; dedi. Vatanda\u015flar\u0131n bankalara ve finans kurulu\u015flar\u0131na olan kredi bor\u00e7lar\u0131n\u0131n trilyonlar\u0131 buldu\u011funu vurgulayan CHP&#8217;li K\u0131\u015f, &#8220;Bor\u00e7 sarmal\u0131 her ge\u00e7en g\u00fcn derinle\u015firken halk icra dosyalar\u0131yla bo\u011fu\u015fuyor&#8221; ifadelerini kulland\u0131.<\/p>\n\n\n\n<p>Ger\u00e7ek i\u015fsizlik 11,5 milyon!<\/p>\n\n\n\n<p>T\u00dc\u0130K, Aral\u0131k 2024&#8217;te i\u015fsizlik oran\u0131n\u0131 %8,5 olarak a\u00e7\u0131klad\u0131. Ancak at\u0131l i\u015fg\u00fcc\u00fc oran\u0131 %28,2&#8217;ye ula\u015farak ger\u00e7ek i\u015fsiz say\u0131s\u0131n\u0131 11 milyon 457 bin ki\u015fiye \u00e7\u0131kard\u0131. G\u00fclcan K\u0131\u015f, bu tabloya dikkat \u00e7ekerek \u015funlar\u0131 s\u00f6yledi:<\/p>\n\n\n\n<p>&#8220;\u0130ktidar, i\u015fsizlik rakamlar\u0131n\u0131 dar tan\u0131mlarla d\u00fc\u015f\u00fcrd\u00fc\u011f\u00fcn\u00fc san\u0131yor, ama ger\u00e7ek i\u015fsizlik son bir y\u0131lda 1 milyon 785 bin ki\u015fi artt\u0131. \u0130\u015f bulma umudu kalmayan, eksik istihdam edilen, g\u00fcvencesiz \u00e7al\u0131\u015ft\u0131r\u0131lan milyonlar yok say\u0131l\u0131yor. Halk\u0131n ger\u00e7ek durumunu T\u00dc\u0130K verileri bile gizleyemiyor!&#8221;<\/p>\n\n\n\n<p>Vatanda\u015f bor\u00e7 bata\u011f\u0131nda!<\/p>\n\n\n\n<p>Ekonomik krizle m\u00fccadele eden vatanda\u015f, bor\u00e7la ya\u015fam\u0131n\u0131 s\u00fcrd\u00fcr\u00fcyor. Son verilere g\u00f6re, bireysel kredi ve kredi kart\u0131 bor\u00e7lar\u0131 4 trilyon 99 milyar liraya ula\u015ft\u0131. G\u00fclcan K\u0131\u015f, bu tabloyu \u015fu s\u00f6zlerle ele\u015ftirdi:<\/p>\n\n\n\n<p>&#8220;\u0130ktidara g\u00f6re herkesin cebi dolu, ekonomi u\u00e7uyor(!). Ama ger\u00e7ekte bankalara bor\u00e7 4 trilyon liray\u0131 a\u015ft\u0131, icra dosyalar\u0131 patlad\u0131! As\u0131l kazanan vatanda\u015f de\u011fil, bankalar ve faiz lobileri oldu. Halk ise her g\u00fcn daha da yoksulla\u015f\u0131yor, bor\u00e7 i\u00e7inde k\u0131vran\u0131yor. Bu d\u00fczen s\u00fcrd\u00fcr\u00fclebilir de\u011fil!<\/p>\n\n\n\n<p>&#8220;\u0130ktidar ekonomi y\u00f6netiminde ba\u015far\u0131s\u0131z oldu! Vatanda\u015f ge\u00e7inemiyor, bor\u00e7lan\u0131yor, sonra da icra takibine d\u00fc\u015f\u00fcyor. Bankalara ve finans kurulu\u015flar\u0131na olan bor\u00e7lar ald\u0131 ba\u015f\u0131n\u0131 gitti, icra dairelerinde dosya patlamas\u0131 ya\u015fan\u0131yor.&#8221;<\/p>\n\n\n\n<p>\u0130cra dosyalar\u0131 patlad\u0131!<\/p>\n\n\n\n<p>Ekonomik s\u0131k\u0131nt\u0131lar\u0131n a\u011f\u0131rla\u015ft\u0131\u011f\u0131n\u0131 g\u00f6steren bir di\u011fer veri de icra dosyalar\u0131ndaki art\u0131\u015f. 1 Ocak &#8211; 14 \u015eubat tarihleri aras\u0131nda icra dairelerine gelen yeni dosya say\u0131s\u0131 ge\u00e7en y\u0131l\u0131n ayn\u0131 d\u00f6nemine g\u00f6re %16,1 artarak 1 milyon 340 bine y\u00fckseldi.<\/p>\n\n\n\n<p>G\u00fclcan K\u0131\u015f, vatanda\u015f\u0131n ekonomik dar bo\u011fazda oldu\u011funu ve her ge\u00e7en g\u00fcn daha da yoksulla\u015ft\u0131\u011f\u0131n\u0131 belirterek, &#8220;Borcunu \u00f6deyemeyenler, ge\u00e7inmek i\u00e7in kredi kart\u0131na y\u00fcklenenler ve icral\u0131k olanlar\u2026 \u0130ktidar bu tabloya seyirci kal\u0131yor, halk\u0131n s\u0131rt\u0131ndaki y\u00fck\u00fc art\u0131r\u0131yor. Ama halk bu ger\u00e7e\u011fi g\u00f6r\u00fcyor, se\u00e7im g\u00fcn\u00fc sand\u0131kta hesab\u0131 soracak&#8221; ifadelerini kulland\u0131.<\/p>\n\n\n\n<p>Ekonomi alarm veriyor!<\/p>\n\n\n\n<p>CHP&#8217;li K\u0131\u015f, T\u00fcrkiye&#8217;nin ekonomik g\u00f6stergelerinin alarm verdi\u011fini belirterek, \u015fu noktalara dikkat \u00e7ekti:<\/p>\n\n\n\n<p>\ud83d\udd34 D\u0131\u015f bor\u00e7 faiz \u00f6demeleri rekor k\u0131rd\u0131: T\u00fcrkiye, 2024 y\u0131l\u0131nda 22,6 milyar dolar faiz \u00f6demesi yaparak tarihinin en y\u00fcksek d\u0131\u015f bor\u00e7 faiz \u00f6demesini ger\u00e7ekle\u015ftirdi.<\/p>\n\n\n\n<p>\ud83d\udd34 Cari a\u00e7\u0131k b\u00fcy\u00fcyor: 2024 sonunda 10 milyar dolara \u00e7\u0131kan cari a\u00e7\u0131k, 2025&#8217;te de art\u0131\u015f e\u011filiminde.<\/p>\n\n\n\n<p>\ud83d\udd34 Sanayi \u00fcretimi durgun: 2024 y\u0131l\u0131nda sanayi \u00fcretimi sadece %0,4 artt\u0131, yani neredeyse yerinde sayd\u0131.<\/p>\n\n\n\n<p>\ud83d\udd34 Enflasyon alt\u0131nda ezilen halk: Artan fiyatlar nedeniyle halk\u0131n al\u0131m g\u00fcc\u00fc iyice d\u00fc\u015ft\u00fc, g\u0131da ve temel t\u00fcketim maddelerine ula\u015fmak zorla\u015ft\u0131.<\/p>\n\n\n\n<p>CHP Mersin Milletvekili G\u00fclcan K\u0131\u015f, iktidar\u0131n ekonomik ba\u015far\u0131s\u0131zl\u0131klar\u0131n\u0131n art\u0131k gizlenemez hale geldi\u011fini belirterek, &#8220;Halk\u0131n al\u0131m g\u00fcc\u00fc eriyor, i\u015fsizlik y\u00fckseliyor, bor\u00e7lar art\u0131yor! Bu d\u00fczenin de\u011fi\u015fmesi gerekiyor ve de\u011fi\u015fecek!&#8221; ifadeleriyle tepkisini dile getirdi.<\/p>\n","protected":false},"excerpt":{"rendered":"<p>CHP Mersin Milletvekili G\u00fclcan K\u0131\u015f, T\u00dc\u0130K&#8217;in a\u00e7\u0131klad\u0131\u011f\u0131 Aral\u0131k 2024 i\u015fsizlik verilerinin ger\u00e7e\u011fi yans\u0131tmad\u0131\u011f\u0131n\u0131 belirterek, &#8220;\u0130ktidar i\u015fsizli\u011fi makyajl\u0131yor, ama ger\u00e7ek i\u015fsiz say\u0131s\u0131 11,5 milyonu a\u015ft\u0131&#8221; dedi. Vatanda\u015flar\u0131n bankalara ve finans kurulu\u015flar\u0131na olan kredi bor\u00e7lar\u0131n\u0131n trilyonlar\u0131 buldu\u011funu vurgulayan CHP&#8217;li K\u0131\u015f, &#8220;Bor\u00e7 sarmal\u0131 her ge\u00e7en g\u00fcn derinle\u015firken halk icra dosyalar\u0131yla bo\u011fu\u015fuyor&#8221; ifadelerini kulland\u0131. Ger\u00e7ek i\u015fsizlik 11,5 milyon! T\u00dc\u0130K, [&hellip;]<\/p>\n","protected":false},"author":2,"featured_media":39657,"comment_status":"closed","ping_status":"closed","sticky":false,"template":"","format":"standard","meta":{"footnotes":""},"categories":[8,3,6],"tags":[],"class_list":["post-39761","post","type-post","status-publish","format-standard","has-post-thumbnail","hentry","category-ekonomi","category-manset","category-siyaset-2"],"views":6,"_links":{"self":[{"href":"https:\/\/mersinkadingazetesi.com\/index.php?rest_route=\/wp\/v2\/posts\/39761"}],"collection":[{"href":"https:\/\/mersinkadingazetesi.com\/index.php?rest_route=\/wp\/v2\/posts"}],"about":[{"href":"https:\/\/mersinkadingazetesi.com\/index.php?rest_route=\/wp\/v2\/types\/post"}],"author":[{"embeddable":true,"href":"https:\/\/mersinkadingazetesi.com\/index.php?rest_route=\/wp\/v2\/users\/2"}],"replies":[{"embeddable":true,"href":"https:\/\/mersinkadingazetesi.com\/index.php?rest_route=%2Fwp%2Fv2%2Fcomments&post=39761"}],"version-history":[{"count":1,"href":"https:\/\/mersinkadingazetesi.com\/index.php?rest_route=\/wp\/v2\/posts\/39761\/revisions"}],"predecessor-version":[{"id":39762,"href":"https:\/\/mersinkadingazetesi.com\/index.php?rest_route=\/wp\/v2\/posts\/39761\/revisions\/39762"}],"wp:featuredmedia":[{"embeddable":true,"href":"https:\/\/mersinkadingazetesi.com\/index.php?rest_route=\/wp\/v2\/media\/39657"}],"wp:attachment":[{"href":"https:\/\/mersinkadingazetesi.com\/index.php?rest_route=%2Fwp%2Fv2%2Fmedia&parent=39761"}],"wp:term":[{"taxonomy":"category","embeddable":true,"href":"https:\/\/mersinkadingazetesi.com\/index.php?rest_route=%2Fwp%2Fv2%2Fcategories&post=39761"},{"taxonomy":"post_tag","embeddable":true,"href":"https:\/\/mersinkadingazetesi.com\/index.php?rest_route=%2Fwp%2Fv2%2Ftags&post=39761"}],"curies":[{"name":"wp","href":"https:\/\/api.w.org\/{rel}","templated":true}]}}