{"id":39851,"date":"2025-02-19T18:18:38","date_gmt":"2025-02-19T15:18:38","guid":{"rendered":"https:\/\/mersinkadingazetesi.com\/?p=39851"},"modified":"2025-02-19T18:18:39","modified_gmt":"2025-02-19T15:18:39","slug":"nurullah-karsli-yeniden-refah-partisi-akdeniz-ilce-baskanligina-talip-oldu","status":"publish","type":"post","link":"https:\/\/mersinkadingazetesi.com\/?p=39851","title":{"rendered":"NURULLAH KARSLI, YEN\u0130DEN REFAH PART\u0130S\u0130 AKDEN\u0130Z \u0130L\u00c7E BA\u015eKANLI\u011eINA TAL\u0130P OLDU"},"content":{"rendered":"\n<p>Yeniden Refah Partisi\u2019nin Milli G\u00f6r\u00fc\u015f \u00e7izgisindeki kararl\u0131 y\u00fcr\u00fcy\u00fc\u015f\u00fc devam ederken, Akdeniz \u0130l\u00e7e Ba\u015fkanl\u0131\u011f\u0131 i\u00e7in \u00f6nemli bir geli\u015fme ya\u015fand\u0131. Nurullah Karsl\u0131, te\u015fkilat\u0131n i\u00e7inde aktif bir \u015fekilde yer alarak ve sahadaki \u00e7al\u0131\u015fmalar\u0131yla dikkat \u00e7ekerek, \u201cBen de var\u0131m\u201d dedi.Milli G\u00f6r\u00fc\u015f davas\u0131na g\u00f6n\u00fclden ba\u011fl\u0131 oldu\u011funu vurgulayan Nurullah Karsl\u0131, \u201cHalka hizmet, Hakk\u2019a hizmettir\u201d d\u00fcsturuyla hareket etti\u011fini ve bu do\u011frultuda Akdeniz \u0130l\u00e7e Ba\u015fkanl\u0131\u011f\u0131 g\u00f6revine talip oldu\u011funu a\u00e7\u0131klad\u0131.Te\u015fkilat i\u00e7inde uzun y\u0131llard\u0131r emek veren, Mersin\u2019in sorunlar\u0131n\u0131 \u00e7ok iyi bilen ve her zaman sahada, en \u00f6n saflarda yer alan Nurullah Karsl\u0131, Yeniden Refah Partisi\u2019nin Akdeniz il\u00e7esindeki te\u015fkilatlanmas\u0131n\u0131 g\u00fc\u00e7lendirmek, halkla daha yak\u0131n temas kurmak ve Milli G\u00f6r\u00fc\u015f\u2019\u00fcn temsil etti\u011fi adil d\u00fczen anlay\u0131\u015f\u0131n\u0131 yaymak i\u00e7in bu g\u00f6reve talip oldu\u011funu belirtti.<\/p>\n","protected":false},"excerpt":{"rendered":"<p>Yeniden Refah Partisi\u2019nin Milli G\u00f6r\u00fc\u015f \u00e7izgisindeki kararl\u0131 y\u00fcr\u00fcy\u00fc\u015f\u00fc devam ederken, Akdeniz \u0130l\u00e7e Ba\u015fkanl\u0131\u011f\u0131 i\u00e7in \u00f6nemli bir geli\u015fme ya\u015fand\u0131. Nurullah Karsl\u0131, te\u015fkilat\u0131n i\u00e7inde aktif bir \u015fekilde yer alarak ve sahadaki \u00e7al\u0131\u015fmalar\u0131yla dikkat \u00e7ekerek, \u201cBen de var\u0131m\u201d dedi.Milli G\u00f6r\u00fc\u015f davas\u0131na g\u00f6n\u00fclden ba\u011fl\u0131 oldu\u011funu vurgulayan Nurullah Karsl\u0131, \u201cHalka hizmet, Hakk\u2019a hizmettir\u201d d\u00fcsturuyla hareket etti\u011fini ve bu do\u011frultuda Akdeniz [&hellip;]<\/p>\n","protected":false},"author":2,"featured_media":39852,"comment_status":"closed","ping_status":"closed","sticky":false,"template":"","format":"standard","meta":{"footnotes":""},"categories":[34,3],"tags":[],"class_list":["post-39851","post","type-post","status-publish","format-standard","has-post-thumbnail","hentry","category-flas-haber","category-manset"],"views":21,"_links":{"self":[{"href":"https:\/\/mersinkadingazetesi.com\/index.php?rest_route=\/wp\/v2\/posts\/39851"}],"collection":[{"href":"https:\/\/mersinkadingazetesi.com\/index.php?rest_route=\/wp\/v2\/posts"}],"about":[{"href":"https:\/\/mersinkadingazetesi.com\/index.php?rest_route=\/wp\/v2\/types\/post"}],"author":[{"embeddable":true,"href":"https:\/\/mersinkadingazetesi.com\/index.php?rest_route=\/wp\/v2\/users\/2"}],"replies":[{"embeddable":true,"href":"https:\/\/mersinkadingazetesi.com\/index.php?rest_route=%2Fwp%2Fv2%2Fcomments&post=39851"}],"version-history":[{"count":1,"href":"https:\/\/mersinkadingazetesi.com\/index.php?rest_route=\/wp\/v2\/posts\/39851\/revisions"}],"predecessor-version":[{"id":39853,"href":"https:\/\/mersinkadingazetesi.com\/index.php?rest_route=\/wp\/v2\/posts\/39851\/revisions\/39853"}],"wp:featuredmedia":[{"embeddable":true,"href":"https:\/\/mersinkadingazetesi.com\/index.php?rest_route=\/wp\/v2\/media\/39852"}],"wp:attachment":[{"href":"https:\/\/mersinkadingazetesi.com\/index.php?rest_route=%2Fwp%2Fv2%2Fmedia&parent=39851"}],"wp:term":[{"taxonomy":"category","embeddable":true,"href":"https:\/\/mersinkadingazetesi.com\/index.php?rest_route=%2Fwp%2Fv2%2Fcategories&post=39851"},{"taxonomy":"post_tag","embeddable":true,"href":"https:\/\/mersinkadingazetesi.com\/index.php?rest_route=%2Fwp%2Fv2%2Ftags&post=39851"}],"curies":[{"name":"wp","href":"https:\/\/api.w.org\/{rel}","templated":true}]}}