{"id":39868,"date":"2025-02-20T12:58:08","date_gmt":"2025-02-20T09:58:08","guid":{"rendered":"https:\/\/mersinkadingazetesi.com\/?p=39868"},"modified":"2025-02-20T12:58:08","modified_gmt":"2025-02-20T09:58:08","slug":"basin-ilan-kurumu-genel-kurulu-sona-erdi","status":"publish","type":"post","link":"https:\/\/mersinkadingazetesi.com\/?p=39868","title":{"rendered":"Bas\u0131n \u0130lan Kurumu Genel Kurulu sona erdi"},"content":{"rendered":"\n<p><strong>32. D\u00f6nem Genel Kurulu\u2019nun son toplant\u0131s\u0131nda s\u00fcreli yay\u0131nlara verilen kredilere uygulanacak faiz oran\u0131 d\u00fc\u015f\u00fcr\u00fcl\u00fcrken, bas\u0131n derneklerine ve az\u0131nl\u0131k gazetelerine yard\u0131m yap\u0131lmas\u0131 kararla\u015ft\u0131r\u0131ld\u0131. Gazetelerin asgari sat\u0131\u015f fiyatlar\u0131 yeniden d\u00fczenlendi.<\/strong><\/p>\n\n\n\n<p>Bas\u0131n \u0130lan Kurumu 32. D\u00f6nem 9. Genel Kurul Toplant\u0131s\u0131, 18-20 \u015eubat 2025 tarihleri aras\u0131nda \u0130stanbul\u2019da ger\u00e7ekle\u015ftirildi.<\/p>\n\n\n\n<p>Toplant\u0131n\u0131n 20 \u015eubat 2025 tarihindeki son oturumunda Y\u00f6netim Kurulu\u2019nun teklif olarak sundu\u011fu ve g\u00fcndeme al\u0131nan maddeler g\u00f6r\u00fc\u015f\u00fcld\u00fc. Kurumun 2024 y\u0131l\u0131 bilan\u00e7osu, gelir tablosu ve Y\u00f6netim Kurulu faaliyet raporu oylamaya sunularak oy birli\u011fiyle kabul edildi. B\u00f6ylece, Y\u00f6netim Kurulu\u2019nun faaliyet d\u00f6nemi de ibra edilmi\u015f oldu. \u0130lan \u0130\u015fleri, Hukuk \u0130\u015fleri ve Mali \u0130\u015fler Komisyonlar\u0131nda de\u011ferlendirilen g\u00fcndem maddelerine ili\u015fkin haz\u0131rlanan raporlar\u0131n okunmas\u0131n\u0131n ard\u0131ndan oylamaya ge\u00e7ildi.<\/p>\n\n\n\n<p><strong>S\u00fcreli yay\u0131nlara verilen kredilerde faiz oran\u0131 d\u00fc\u015f\u00fcr\u00fcld\u00fc<\/strong><\/p>\n\n\n\n<p>Genel Kurul, Kurum taraf\u0131ndan s\u00fcreli yay\u0131nlara verilen yat\u0131r\u0131m ve i\u015fletme kredilerine uygulanacak faiz oran\u0131n\u0131 yeniden belirledi. 2024 y\u0131l\u0131 i\u00e7in y\u00fczde 45 olarak tespit edilen faiz oran\u0131n\u0131n, ekonomik geli\u015fmeler g\u00f6z \u00f6n\u00fcnde bulundurularak 2025 y\u0131l\u0131 i\u00e7in y\u00fczde 35\u2019e d\u00fc\u015f\u00fcr\u00fclmesine karar verildi.<\/p>\n\n\n\n<p><strong>Bas\u0131n derneklerine yard\u0131m<\/strong><\/p>\n\n\n\n<p>Toplant\u0131da, 2025 y\u0131l\u0131 i\u00e7in bas\u0131n derneklerine yap\u0131lacak yard\u0131m miktar\u0131 tespit edildi. 925 bin T\u00fcrk Liras\u0131\u2019n\u0131n, ilgili y\u00f6netmelik h\u00fck\u00fcmlerine g\u00f6re bas\u0131n derneklerine yard\u0131m olarak da\u011f\u0131t\u0131lmas\u0131 kararla\u015ft\u0131r\u0131ld\u0131.<\/p>\n\n\n\n<p><strong>Az\u0131nl\u0131k gazetelerine maddi destek<\/strong><\/p>\n\n\n\n<p>Bas\u0131n \u0130lan Kurumu Genel Kurulu\u2019nun 17-19 A\u011fustos 2011 tarihli toplant\u0131s\u0131nda al\u0131nan karar uyar\u0131nca, Lozan Bar\u0131\u015f Antla\u015fmas\u0131 kapsam\u0131nda az\u0131nl\u0131k stat\u00fcs\u00fcnde say\u0131lan cemaat topluluklar\u0131 taraf\u0131ndan \u00fclkemizde yay\u0131mlanan gazetelere maddi destek verilmeye devam edildi. Y\u00f6netim Kurulu\u2019nca belirlenecek k\u0131staslara g\u00f6re az\u0131nl\u0131k gazetelerine 396 bin T\u00fcrk Liras\u0131 maddi yard\u0131m yap\u0131lacak.<\/p>\n\n\n\n<p><strong>Gazetelerin asgari sat\u0131\u015f fiyat\u0131 yeniden d\u00fczenlendi<\/strong><\/p>\n\n\n\n<p>Genel Kurul, verilen \u00f6nerge do\u011frultusunda, yaz\u0131l\u0131 bas\u0131n sekt\u00f6r\u00fcndeki maliyetleri dikkate alarak gazetelerin asgari sat\u0131\u015f fiyatlar\u0131nda d\u00fczenlemeye gitti. Resm\u00ee \u0130lan ve Reklam Y\u00f6netmeli\u011fi\u2019nin 43. maddesinde belirtilen asgari sat\u0131\u015f fiyat\u0131; yerel ve b\u00f6lgesel gazeteler i\u00e7in 4 TL\u2019den 5 TL\u2019ye, yayg\u0131n gazeteler i\u00e7in de 6 TL\u2019den 15 TL\u2019ye y\u00fckseltildi.<\/p>\n\n\n\n<p>Genel Kurul\u2019da ayr\u0131ca, Kurum taraf\u0131ndan internet haber sitelerine alt yap\u0131 ve yaz\u0131l\u0131m deste\u011fi sunulmas\u0131 ile bunun devaml\u0131l\u0131\u011f\u0131n\u0131n sa\u011flanmas\u0131, ayr\u0131ca B\u0130K Analitik sisteminin resm\u00ee ilan yay\u0131mlama hakk\u0131na sahip internet haber siteleri ve talep eden di\u011fer internet sitelerine \u00e7e\u015fitli hizmetler verebilmesi amac\u0131yla bir ticari i\u015fletmenin kurulmas\u0131na karar verildi.<\/p>\n\n\n\n<p>Toplant\u0131 sonunda Y\u00f6netim Kurulu Ba\u015fkan\u0131 Prof. Dr. Edibe S\u00f6zen, Divan Ba\u015fkan\u0131 Prof. Dr. Zakir Av\u015far ile Genel Kurul\u2019daki g\u00f6rev s\u00fcreleri sona eren Abdi Pehlivan, Cemal Sonsay ve Prof. Dr. Abdullah \u00d6zkan\u2019a \u00e7i\u00e7ek takdim edildi.<\/p>\n\n\n\n<p>Toplant\u0131yla birlikte, 32. D\u00f6nem Genel Kurulu\u2019nun g\u00f6rev s\u00fcresi tamamlanm\u0131\u015f oldu. 33. D\u00f6nem Genel Kurulu, ilk toplant\u0131s\u0131n\u0131 21 \u015eubat 2025 tarihinde ger\u00e7ekle\u015ftirecek.<\/p>\n","protected":false},"excerpt":{"rendered":"<p>32. D\u00f6nem Genel Kurulu\u2019nun son toplant\u0131s\u0131nda s\u00fcreli yay\u0131nlara verilen kredilere uygulanacak faiz oran\u0131 d\u00fc\u015f\u00fcr\u00fcl\u00fcrken, bas\u0131n derneklerine ve az\u0131nl\u0131k gazetelerine yard\u0131m yap\u0131lmas\u0131 kararla\u015ft\u0131r\u0131ld\u0131. Gazetelerin asgari sat\u0131\u015f fiyatlar\u0131 yeniden d\u00fczenlendi. Bas\u0131n \u0130lan Kurumu 32. D\u00f6nem 9. Genel Kurul Toplant\u0131s\u0131, 18-20 \u015eubat 2025 tarihleri aras\u0131nda \u0130stanbul\u2019da ger\u00e7ekle\u015ftirildi. Toplant\u0131n\u0131n 20 \u015eubat 2025 tarihindeki son oturumunda Y\u00f6netim Kurulu\u2019nun teklif olarak [&hellip;]<\/p>\n","protected":false},"author":2,"featured_media":39869,"comment_status":"closed","ping_status":"closed","sticky":false,"template":"","format":"standard","meta":{"footnotes":""},"categories":[3],"tags":[],"class_list":["post-39868","post","type-post","status-publish","format-standard","has-post-thumbnail","hentry","category-manset"],"views":0,"_links":{"self":[{"href":"https:\/\/mersinkadingazetesi.com\/index.php?rest_route=\/wp\/v2\/posts\/39868"}],"collection":[{"href":"https:\/\/mersinkadingazetesi.com\/index.php?rest_route=\/wp\/v2\/posts"}],"about":[{"href":"https:\/\/mersinkadingazetesi.com\/index.php?rest_route=\/wp\/v2\/types\/post"}],"author":[{"embeddable":true,"href":"https:\/\/mersinkadingazetesi.com\/index.php?rest_route=\/wp\/v2\/users\/2"}],"replies":[{"embeddable":true,"href":"https:\/\/mersinkadingazetesi.com\/index.php?rest_route=%2Fwp%2Fv2%2Fcomments&post=39868"}],"version-history":[{"count":1,"href":"https:\/\/mersinkadingazetesi.com\/index.php?rest_route=\/wp\/v2\/posts\/39868\/revisions"}],"predecessor-version":[{"id":39870,"href":"https:\/\/mersinkadingazetesi.com\/index.php?rest_route=\/wp\/v2\/posts\/39868\/revisions\/39870"}],"wp:featuredmedia":[{"embeddable":true,"href":"https:\/\/mersinkadingazetesi.com\/index.php?rest_route=\/wp\/v2\/media\/39869"}],"wp:attachment":[{"href":"https:\/\/mersinkadingazetesi.com\/index.php?rest_route=%2Fwp%2Fv2%2Fmedia&parent=39868"}],"wp:term":[{"taxonomy":"category","embeddable":true,"href":"https:\/\/mersinkadingazetesi.com\/index.php?rest_route=%2Fwp%2Fv2%2Fcategories&post=39868"},{"taxonomy":"post_tag","embeddable":true,"href":"https:\/\/mersinkadingazetesi.com\/index.php?rest_route=%2Fwp%2Fv2%2Ftags&post=39868"}],"curies":[{"name":"wp","href":"https:\/\/api.w.org\/{rel}","templated":true}]}}