{"id":39871,"date":"2025-02-20T12:58:51","date_gmt":"2025-02-20T09:58:51","guid":{"rendered":"https:\/\/mersinkadingazetesi.com\/?p=39871"},"modified":"2025-02-20T12:58:51","modified_gmt":"2025-02-20T09:58:51","slug":"isverenlerin-yuzde-75i-yerli-is-gucu-bulma-zorlugu-yasiyor","status":"publish","type":"post","link":"https:\/\/mersinkadingazetesi.com\/?p=39871","title":{"rendered":"&#8220;\u0130\u015eVERENLER\u0130N Y\u00dcZDE 75&#8217;\u0130 YERL\u0130 \u0130\u015e G\u00dcC\u00dc BULMA ZORLU\u011eU YA\u015eIYOR&#8221;"},"content":{"rendered":"\n<p><strong>M\u00dcS\u0130AD Mersin \u015eube Ba\u015fkan\u0131 Mehmet Sait Kayan, T\u00fcrkiye genelinde i\u015fverenlerin yerli i\u015f g\u00fcc\u00fc bulma zorlu\u011fu ya\u015fad\u0131\u011f\u0131n\u0131 belirterek, g\u00f6\u00e7\u00fcn do\u011fru y\u00f6netilmesi halinde nitelikli ve kalifiye i\u015f g\u00fcc\u00fcn\u00fcn ekonomiye katk\u0131 sa\u011flayabilece\u011fini vurgulad\u0131. Kayan, &#8220;G\u00f6\u00e7\u00fcn bir tehdit de\u011fil, do\u011fru y\u00f6netildi\u011finde bir f\u0131rsat oldu\u011funu d\u00fc\u015f\u00fcn\u00fcyoruz. T\u00fcrkiye&#8217;deki i\u015fverenlerin y\u00fczde 75&#8217;inin yerli i\u015f g\u00fcc\u00fc bulma zorlu\u011fu ya\u015fad\u0131\u011f\u0131 ve g\u00f6\u00e7men i\u015f g\u00fcc\u00fcnden yararlanma konusunda destek bekledikleri belirtiliyor&#8221; dedi.<\/strong><\/p>\n\n\n\n<p>M\u00fcstakil Sanayici ve \u0130\u015fadamlar\u0131 Derne\u011fi (M\u00dcS\u0130AD) Mersin \u015eube Ba\u015fkan\u0131 Mehmet Sait Kayan, kat\u0131ld\u0131\u011f\u0131 bir televizyon program\u0131nda Mersin&#8217;deki g\u00f6\u00e7 olgusu ve g\u00f6\u00e7\u00fcn do\u011fru y\u00f6netilmesi gerekti\u011fi \u00fczerine \u00f6nemli a\u00e7\u0131klamalarda bulundu. Kayan, g\u00f6\u00e7 olay\u0131n\u0131n yaln\u0131zca bir sorun ya da tehdit olarak de\u011fil, ayn\u0131 zamanda do\u011fru y\u00f6netildi\u011finde \u00f6nemli bir f\u0131rsat olarak de\u011ferlendirilmesi gerekti\u011fini belirtti. Kayan, g\u00f6\u00e7\u00fcn i\u015f d\u00fcnyas\u0131, kurum ve kurulu\u015flar\u0131n g\u00fcndeminde olmas\u0131 gerekti\u011fine dikkat \u00e7ekerek, &#8220;G\u00f6\u00e7\u00fcn bir tehdit de\u011fil, do\u011fru y\u00f6netildi\u011finde bir f\u0131rsat oldu\u011funu d\u00fc\u015f\u00fcn\u00fcyoruz. G\u00f6\u00e7\u00fcn yaln\u0131zca bir yer de\u011fi\u015ftirme de\u011fil, ayn\u0131 zamanda bir umut ve hayatta kalma m\u00fccadelesi oldu\u011funu d\u00fc\u015f\u00fcn\u00fcyoruz. G\u00f6\u00e7menler geride b\u0131rakt\u0131klar\u0131 vatanlar\u0131, kaybolan kimlikleri ve par\u00e7alanan aileleriyle bir trajedinin par\u00e7as\u0131 haline gelirken, g\u00f6\u00e7, t\u00fcm insanl\u0131k i\u00e7in ortak bir s\u0131nav olarak tan\u0131ml\u0131yoruz&#8221; dedi.<\/p>\n\n\n\n<p><strong>&#8220;G\u00d6\u00c7 B\u0130R TEHD\u0130T DE\u011e\u0130L, DO\u011eRU Y\u00d6NET\u0130LD\u0130\u011e\u0130NDE B\u0130R FIRSAT OLAB\u0130L\u0130R&#8221;<\/strong><\/p>\n\n\n\n<p>M\u00dcS\u0130AD&#8217;\u0131n Kas\u0131m ay\u0131nda yay\u0131mlad\u0131\u011f\u0131 &#8220;G\u00f6\u00e7\u00fc Anlamak ve Y\u00f6netmek&#8221; ba\u015fl\u0131kl\u0131 rapora dikkat \u00e7eken Kayan, bu rapora herkesin M\u00dcS\u0130AD&#8217;\u0131n internet sitesinden ula\u015fabilece\u011fini ifade etti. Avrupa&#8217;n\u0131n tar\u0131m, sanayi ve ticarette g\u00f6\u00e7 politikalar\u0131 sayesinde b\u00fcy\u00fcd\u00fc\u011f\u00fcn\u00fc belirten Kayan, T\u00fcrkiye&#8217;nin de yerel ve uluslararas\u0131 anlamda kabul g\u00f6ren bir g\u00f6\u00e7 politikas\u0131na ihtiya\u00e7 duydu\u011funu s\u00f6yledi.<\/p>\n\n\n\n<p>&nbsp;<strong>&#8220;N\u0130TEL\u0130KL\u0130 \u0130\u015e G\u00dcC\u00dcNE \u0130HT\u0130YACIMIZ VAR&#8221;<\/strong><\/p>\n\n\n\n<p>T\u00fcrkiye genelinde ekonomik katk\u0131 ve i\u015f g\u00fcc\u00fc potansiyeli \u00fczerine yap\u0131lan ara\u015ft\u0131rmalardaki verileri payla\u015fan Ba\u015fkan Kayan, &#8220;T\u00fcrkiye&#8217;deki i\u015fverenlerin y\u00fczde 75&#8217;inin yerli i\u015f g\u00fcc\u00fc bulma zorlu\u011fu ya\u015fad\u0131\u011f\u0131 ve g\u00f6\u00e7men i\u015f g\u00fcc\u00fcnden yararlanma konusunda destek bekledikleri belirtiliyor. Bu ba\u011flamda, ge\u00e7ici koruma alt\u0131ndaki g\u00f6\u00e7menlerin \u00e7al\u0131\u015fma izinlerinin kolayla\u015ft\u0131r\u0131lmas\u0131 ve mesleki e\u011fitim programlar\u0131n\u0131n devreye al\u0131nmas\u0131 gerekmektedir. G\u00f6\u00e7\u00fcn toplumsal ve ekonomik a\u00e7\u0131dan b\u00fcy\u00fck bir potansiyel bar\u0131nd\u0131rd\u0131\u011f\u0131n\u0131 ve bunun hayata ge\u00e7irilmesinin entegre politikalar ve toplumun t\u00fcm kesimlerinin i\u015f birli\u011fi ile m\u00fcmk\u00fcn olaca\u011f\u0131na inan\u0131yoruz. Bu kapsamda, T\u00fcrkiye&#8217;nin g\u00f6\u00e7 y\u00f6netiminde b\u00fct\u00fcnc\u00fcl bir anlay\u0131\u015fa ihtiyac\u0131 oldu\u011fu ve hem ulusal hem de uluslararas\u0131 d\u00fczeyde \u00f6rnek olabilecek bir model geli\u015ftirilmesi gerekti\u011fini d\u00fc\u015f\u00fcn\u00fcyoruz&#8221; diye konu\u015ftu.<\/p>\n\n\n\n<p><strong>HEDEF, G\u00d6\u00c7MENLER\u0130N EKONOM\u0130YE KATKILARINI ARTIRMAK<\/strong><\/p>\n\n\n\n<p>Suriyelilerin \u00fclkelerine d\u00f6n\u00fc\u015f\u00fcn\u00fcn T\u00fcrkiye i\u00e7in yeni f\u0131rsatlar do\u011furaca\u011f\u0131n\u0131 dile getiren Kayan, M\u00dcS\u0130AD&#8217;\u0131n ge\u00e7ti\u011fimiz ay Gaziantep&#8217;te d\u00fczenledi\u011fi T\u00fcrkiye-Suriye \u0130\u015f Zirvesi hakk\u0131nda da bilgi verdi. Zirvede yakla\u015f\u0131k 700 Suriyeli ve 1000 T\u00fcrk i\u015f insan\u0131n\u0131n bulu\u015ftu\u011funu aktaran Kayan, bu ba\u011flamda g\u00f6\u00e7menlerin ekonomiye katk\u0131lar\u0131n\u0131 art\u0131rmay\u0131, toplumsal uyumu g\u00fc\u00e7lendirmeyi ve uluslararas\u0131 i\u015f birli\u011fini derinle\u015ftirmeyi hedeflediklerini vurgulad\u0131.&nbsp;<\/p>\n","protected":false},"excerpt":{"rendered":"<p>M\u00dcS\u0130AD Mersin \u015eube Ba\u015fkan\u0131 Mehmet Sait Kayan, T\u00fcrkiye genelinde i\u015fverenlerin yerli i\u015f g\u00fcc\u00fc bulma zorlu\u011fu ya\u015fad\u0131\u011f\u0131n\u0131 belirterek, g\u00f6\u00e7\u00fcn do\u011fru y\u00f6netilmesi halinde nitelikli ve kalifiye i\u015f g\u00fcc\u00fcn\u00fcn ekonomiye katk\u0131 sa\u011flayabilece\u011fini vurgulad\u0131. Kayan, &#8220;G\u00f6\u00e7\u00fcn bir tehdit de\u011fil, do\u011fru y\u00f6netildi\u011finde bir f\u0131rsat oldu\u011funu d\u00fc\u015f\u00fcn\u00fcyoruz. T\u00fcrkiye&#8217;deki i\u015fverenlerin y\u00fczde 75&#8217;inin yerli i\u015f g\u00fcc\u00fc bulma zorlu\u011fu ya\u015fad\u0131\u011f\u0131 ve g\u00f6\u00e7men i\u015f g\u00fcc\u00fcnden [&hellip;]<\/p>\n","protected":false},"author":2,"featured_media":39872,"comment_status":"closed","ping_status":"closed","sticky":false,"template":"","format":"standard","meta":{"footnotes":""},"categories":[3],"tags":[],"class_list":["post-39871","post","type-post","status-publish","format-standard","has-post-thumbnail","hentry","category-manset"],"views":4,"_links":{"self":[{"href":"https:\/\/mersinkadingazetesi.com\/index.php?rest_route=\/wp\/v2\/posts\/39871"}],"collection":[{"href":"https:\/\/mersinkadingazetesi.com\/index.php?rest_route=\/wp\/v2\/posts"}],"about":[{"href":"https:\/\/mersinkadingazetesi.com\/index.php?rest_route=\/wp\/v2\/types\/post"}],"author":[{"embeddable":true,"href":"https:\/\/mersinkadingazetesi.com\/index.php?rest_route=\/wp\/v2\/users\/2"}],"replies":[{"embeddable":true,"href":"https:\/\/mersinkadingazetesi.com\/index.php?rest_route=%2Fwp%2Fv2%2Fcomments&post=39871"}],"version-history":[{"count":1,"href":"https:\/\/mersinkadingazetesi.com\/index.php?rest_route=\/wp\/v2\/posts\/39871\/revisions"}],"predecessor-version":[{"id":39873,"href":"https:\/\/mersinkadingazetesi.com\/index.php?rest_route=\/wp\/v2\/posts\/39871\/revisions\/39873"}],"wp:featuredmedia":[{"embeddable":true,"href":"https:\/\/mersinkadingazetesi.com\/index.php?rest_route=\/wp\/v2\/media\/39872"}],"wp:attachment":[{"href":"https:\/\/mersinkadingazetesi.com\/index.php?rest_route=%2Fwp%2Fv2%2Fmedia&parent=39871"}],"wp:term":[{"taxonomy":"category","embeddable":true,"href":"https:\/\/mersinkadingazetesi.com\/index.php?rest_route=%2Fwp%2Fv2%2Fcategories&post=39871"},{"taxonomy":"post_tag","embeddable":true,"href":"https:\/\/mersinkadingazetesi.com\/index.php?rest_route=%2Fwp%2Fv2%2Ftags&post=39871"}],"curies":[{"name":"wp","href":"https:\/\/api.w.org\/{rel}","templated":true}]}}