{"id":39908,"date":"2025-02-21T13:38:30","date_gmt":"2025-02-21T10:38:30","guid":{"rendered":"https:\/\/mersinkadingazetesi.com\/?p=39908"},"modified":"2025-02-21T13:38:31","modified_gmt":"2025-02-21T10:38:31","slug":"akdeniz-belediye-baskan-v-zeyit-senerden-gazi-ailesine-ziyaret","status":"publish","type":"post","link":"https:\/\/mersinkadingazetesi.com\/?p=39908","title":{"rendered":"AKDEN\u0130Z BELED\u0130YE BA\u015eKAN V. ZEY\u0130T \u015eENER\u2019DEN GAZ\u0130 A\u0130LES\u0130NE Z\u0130YARET"},"content":{"rendered":"\n<p>Akdeniz Kaymakam\u0131 ve Akdeniz Belediye Ba\u015fkan V. Zeyit \u015eener, ger\u00e7ekle\u015ftirdi\u011fi ev ziyaretleri \u00e7er\u00e7evesinde bir gazi ailesini ziyaret etti. Ziyarette gazi ve ailesiyle yak\u0131ndan ilgilenen Ba\u015fkan V. Zeyit \u015eener, gazilerin ve \u015fehit ailelerinin \u00fclkemiz i\u00e7in yapt\u0131klar\u0131 fedak\u00e2rl\u0131klar\u0131n hi\u00e7bir zaman unutulamayaca\u011f\u0131n\u0131 belirtti.<\/p>\n\n\n\n<p>\u015eener, <strong><em>\u201cVatan\u0131m\u0131z\u0131n ba\u011f\u0131ms\u0131zl\u0131\u011f\u0131 ve milletimizin huzuru i\u00e7in canlar\u0131n\u0131 ortaya koyan kahramanlar\u0131m\u0131z\u0131n her zaman yan\u0131nday\u0131z. Onlara olan minnet borcumuzu ne yapsak \u00f6deyemeyiz\u201d<\/em><\/strong> dedi.<\/p>\n\n\n\n<p>Ziyarette, gazi ailelerinin ve \u015fehit yak\u0131nlar\u0131n\u0131n ihtiya\u00e7lar\u0131n\u0131n \u00f6ncelikli oldu\u011funu belirten Ba\u015fkan V. Zeyit \u015eener, belediye olarak her zaman onlar\u0131n yan\u0131nda olacaklar\u0131n\u0131 ifade etti. <strong><em>\u201cBizler, \u015fehitlerimizin ve gazilerimizin emanetlerine sahip \u00e7\u0131kmak zorunday\u0131z. Onlar\u0131n ihtiya\u00e7lar\u0131n\u0131 kar\u015f\u0131lamak, sorunlar\u0131n\u0131 \u00e7\u00f6zmek bizim en \u00f6nemli g\u00f6revlerimizden biri. Belediyemizin kap\u0131s\u0131 sizlere her zaman onlara a\u00e7\u0131kt\u0131r\u201d<\/em><\/strong> diyerek s\u00f6zlerini tamamlad\u0131.<\/p>\n\n\n\n<p><strong>Gazi Ailesinden Te\u015fekk\u00fcr<\/strong><\/p>\n\n\n\n<p>Ziyaret s\u0131ras\u0131nda duyduklar\u0131 memnuniyeti dile getiren gazi ailesi, devletin ve belediyenin kendilerini yaln\u0131z b\u0131rakmamas\u0131n\u0131n b\u00fcy\u00fck bir anlam ta\u015f\u0131d\u0131\u011f\u0131n\u0131 belirtti. Aile bireyleri, <strong><em>\u201cBizleri unutmad\u0131\u011f\u0131n\u0131z ve yan\u0131m\u0131zda oldu\u011funuz i\u00e7in te\u015fekk\u00fcr ederiz. Bu t\u00fcr ziyaretler moral ve motivasyon a\u00e7\u0131s\u0131ndan \u00e7ok \u00f6nemli\u201d<\/em><\/strong> ifadelerini kulland\u0131.<\/p>\n\n\n\n<p>Ba\u015fkan V. \u015eener, gazinin \u00e7ocuklar\u0131yla da yak\u0131ndan ilgilenerek onlara hediyeler takdim etti. \u00c7ocuklarla s\u0131cak ve samimi bir sohbet ger\u00e7ekle\u015ftiren \u015eener, <strong><em>\u201cOnlar bizim i\u00e7in gazilerimiz kadar de\u011ferli\u201d<\/em><\/strong> dedi.<\/p>\n","protected":false},"excerpt":{"rendered":"<p>Akdeniz Kaymakam\u0131 ve Akdeniz Belediye Ba\u015fkan V. Zeyit \u015eener, ger\u00e7ekle\u015ftirdi\u011fi ev ziyaretleri \u00e7er\u00e7evesinde bir gazi ailesini ziyaret etti. Ziyarette gazi ve ailesiyle yak\u0131ndan ilgilenen Ba\u015fkan V. Zeyit \u015eener, gazilerin ve \u015fehit ailelerinin \u00fclkemiz i\u00e7in yapt\u0131klar\u0131 fedak\u00e2rl\u0131klar\u0131n hi\u00e7bir zaman unutulamayaca\u011f\u0131n\u0131 belirtti. \u015eener, \u201cVatan\u0131m\u0131z\u0131n ba\u011f\u0131ms\u0131zl\u0131\u011f\u0131 ve milletimizin huzuru i\u00e7in canlar\u0131n\u0131 ortaya koyan kahramanlar\u0131m\u0131z\u0131n her zaman yan\u0131nday\u0131z. Onlara [&hellip;]<\/p>\n","protected":false},"author":2,"featured_media":39909,"comment_status":"closed","ping_status":"closed","sticky":false,"template":"","format":"standard","meta":{"footnotes":""},"categories":[3],"tags":[],"class_list":["post-39908","post","type-post","status-publish","format-standard","has-post-thumbnail","hentry","category-manset"],"views":3,"_links":{"self":[{"href":"https:\/\/mersinkadingazetesi.com\/index.php?rest_route=\/wp\/v2\/posts\/39908"}],"collection":[{"href":"https:\/\/mersinkadingazetesi.com\/index.php?rest_route=\/wp\/v2\/posts"}],"about":[{"href":"https:\/\/mersinkadingazetesi.com\/index.php?rest_route=\/wp\/v2\/types\/post"}],"author":[{"embeddable":true,"href":"https:\/\/mersinkadingazetesi.com\/index.php?rest_route=\/wp\/v2\/users\/2"}],"replies":[{"embeddable":true,"href":"https:\/\/mersinkadingazetesi.com\/index.php?rest_route=%2Fwp%2Fv2%2Fcomments&post=39908"}],"version-history":[{"count":1,"href":"https:\/\/mersinkadingazetesi.com\/index.php?rest_route=\/wp\/v2\/posts\/39908\/revisions"}],"predecessor-version":[{"id":39910,"href":"https:\/\/mersinkadingazetesi.com\/index.php?rest_route=\/wp\/v2\/posts\/39908\/revisions\/39910"}],"wp:featuredmedia":[{"embeddable":true,"href":"https:\/\/mersinkadingazetesi.com\/index.php?rest_route=\/wp\/v2\/media\/39909"}],"wp:attachment":[{"href":"https:\/\/mersinkadingazetesi.com\/index.php?rest_route=%2Fwp%2Fv2%2Fmedia&parent=39908"}],"wp:term":[{"taxonomy":"category","embeddable":true,"href":"https:\/\/mersinkadingazetesi.com\/index.php?rest_route=%2Fwp%2Fv2%2Fcategories&post=39908"},{"taxonomy":"post_tag","embeddable":true,"href":"https:\/\/mersinkadingazetesi.com\/index.php?rest_route=%2Fwp%2Fv2%2Ftags&post=39908"}],"curies":[{"name":"wp","href":"https:\/\/api.w.org\/{rel}","templated":true}]}}